{"id":3068,"date":"2014-01-17T19:10:41","date_gmt":"2014-01-17T17:10:41","guid":{"rendered":"http:\/\/historikerkraus.de\/blog\/?p=3068"},"modified":"2014-01-17T19:15:33","modified_gmt":"2014-01-17T17:15:33","slug":"tv-vorschau-18-24-januar-2014","status":"publish","type":"post","link":"http:\/\/historikerkraus.de\/blog\/2014\/01\/17\/tv-vorschau-18-24-januar-2014\/","title":{"rendered":"TV-Vorschau 18. \u2013 24. Januar 2014"},"content":{"rendered":"<p>P\u00fcnktlich zum Wochenende gibt es hier wieder die TV-Vorschau: Geschichtssendungen im deutschen Fernsehen in der kommenden Woche. Diesmal ist u. a. dabei: \u201eEuropa am Abgrund \u2013 Der taumelnde Kontinent\u201c vor Beginn des Ersten Weltkriegs und eine Jahreschronik des Dritten Reiches.<!--more--><\/p>\n<h2 style=\"text-align: center;\">Samstag, 18. Januar<\/h2>\n<ul>\n<li>Auf <a href=\"http:\/\/www.n-tv.de\/mediathek\/tvprogramm\/?date=2014-01-18\" target=\"_blank\"><strong>N-TV<\/strong><\/a> steht die Zeit des Nationalsozialismus im Blickpunkt. Um 20.05 Uhr gibt es zun\u00e4chst eine Folge aus der Reihe \u201eNazi-Jagd: Die Wahrheit \u00fcber Heinrich Himmler\u201c. <em>\u201eZwei Wochen nach Ende des Zweiten Weltkrieges stirbt einer der gr\u00f6\u00dften Nazi-Verbrecher der Geschichte, w\u00e4hrend er von den Briten vernommen wird: Heinrich Himmler, F\u00fchrer der SS und der Gestapo. Zun\u00e4chst deutet alles auf Selbstmord hin. Doch schon bald machen sich verschiedene Ger\u00fcchte \u00fcber die tats\u00e4chliche Todesursache von Himmler breit. Hat er wirklich Selbstmord begangen \u2013 oder war es Mord?\u201c<\/em> \u2014 Um 21.05 Uhr und um 22.05 Uhr folgt in zwei Teilne die Doku \u201eDas Todeswerk der Nazis\u201c. <em>\u201eEs begann mit einem Arbeitsverbot f\u00fcr j\u00fcdische \u00c4rzte, Lehrer, Juristen oder Verk\u00e4ufer &#8211; und es endete mit der industriellen Ermordung von Millionen Menschen: Der Holocaust ging als menschenverachtender V\u00f6lkermord in die Geschichte ein. Wie detailliert ausgearbeitet der entsetzliche Plan zur &#8218;Ausrottung der j\u00fcdischen Rasse&#8216; wirklich war, ist nach heutigem Ma\u00dfstab kaum vorstellbar. Die n-tv Dokumentation sucht nach Akten und Beweisen in Archiven und Museen. Sie entdeckt dabei Fakten, die belegen, wie damals alles begann &#8211; und enth\u00fcllt so eine Geschichte, die man schon kennt, die aber immer wieder neu schockiert.\u201c<\/em><\/li>\n<li>Der <strong>MDR<\/strong> zeigt um 20.15 Uhr den Spielfilm <a href=\"http:\/\/www.mdr.de\/tv\/programm\/sendung349982.html\" target=\"_blank\">\u201eNacht \u00fcber Berlin\u201c<\/a>, der vor dem Hintergrund des Reichstagsbrandes und der Macht\u00fcbernahme der Nazis 1933 spielt (BRD 2013, Regie: Friedemann Fromm). <em>\u201eJan Josef Liefers und Anna Loos \u00fcberzeugen als leidenschaftliches Paar, das sich zur falschen Zeit begegnet. Das aufwendige TV-Event zeigt das facettenreiche, pulsierende Berliner Leben in den Wochen vor dem Reichstagsbrand vor 80 Jahren. W\u00e4hrend die Weimarer Republik zwischen linken und rechten Extremisten zerrieben wird, prallen auch in der Reichshauptstadt gegens\u00e4tzliche Welten aufeinander: J\u00fcrgen Tarrach gl\u00e4nzt als freigeistiger K\u00fcnstler, der dem Land rechtzeitig den R\u00fccken kehrt. In der Rolle des zynischen Nazi-Karrieristen Erhart von K\u00fchn zeigt Sven Lehmann, wie braune Ideologie mit wirtschaftlichen Interessen Hand in Hand geht. Claudia Eisinger spielt als Hennys Cousine Uta eine Frau, die von den realen Entwicklungen nichts wissen will, w\u00e4hrend Franz Dinda als Alberts hei\u00dfbl\u00fctiger Bruder Edwin im bewaffneten Kampf gegen die Nazis stirbt. Regisseur Friedemann Fromm (\u2018Weissensee\u2018) inszeniert das historische Drama nach eigenem Buch, das er gemeinsam mit Rainer Berg (\u2018Die Gustloff\u2018) verfasste.\u201c<\/em> \u2014 Im Anschluss folgt um 22.05 Uhr die Doku <a href=\"http:\/\/www.mdr.de\/tv\/programm\/sendung349984.html\" target=\"_blank\">\u201eNacht \u00fcber Deutschland \u2013 Hitler \u2013 Die ersten 100 Tage\u201c<\/a> von Kerstin Mauersberger und J\u00fcrgen Ast. <em>\u201eDie Dokumentation zeigt den rasanten, erschreckenden und dennoch nicht unaufhaltsamen Weg Deutschlands in die Hitler-Diktatur. Sie erz\u00e4hlt die ersten hundert Tage von Hitlers Kanzlerschaft. Eine kurze Zeitspanne, die trotzdem Antworten gibt, auf die immer wiederkehrende Frage: \u201aWie war Hitler m\u00f6glich?\u2018\u201c<\/em><\/li>\n<li>Wer gerne Western sieht, kennt ihn: General Custer und die Schlacht am Little Big Horn. Wer dieser Mann war und was ihn zu <a href=\"http:\/\/www.arte.tv\/guide\/de\/047561-000\/general-custer-eine-amerikanische-legende\" target=\"_blank\">\u201eGeneral Custer, eine amerikanische Legende\u201c<\/a> gemacht hat, verr\u00e4t die Doku auf <strong>Arte<\/strong> um 20.15 Uhr.<\/li>\n<li><em>\u201eIn den ersten 15 Jahren des 20. Jahrhunderts wurde vorgebildet, was sp\u00e4ter das 20. Jahrhundert ausmachte &#8211; vor allem eine ungeheure Beschleunigung in allen Lebensbereichen, die eine Verunsicherung der Menschen mit sich brachte, Unbehaustheit, transzendentale Obdachlosigkeit, Entfremdungsgef\u00fchle: alles wesentliche Charakteristika der Moderne. Ebenso begannen in dieser Zeit der Siegeszug der Technik, der Maschine &#8211; und die Defensivstrategien, mit denen viele Menschen, vor allem Intellektuelle und K\u00fcnstler, auf die sich so rasant ver\u00e4ndernde Welt reagierten. Niedergangs-Diskurse, Antisemitismus, spirituelle Erneuerungen, Radikalisierung und Formzertr\u00fcmmerung in den K\u00fcnsten: Das alles waren Reaktionen auf die Modernisierung. Die dreiteilige Reihe \u201aDer taumelnde Kontinent\u2018 blickt bewusst nicht nur auf das pr\u00e4gende Ereignis des Ersten Weltkriegs, dessen Beginn sich 2014 zum 100. Mal j\u00e4hrt, sondern stellt die Zeit von 1900 bis 1914, in der Europa rast und taumelt, in den Fokus der Betrachtung. <strong>\u201aDer taumelnde Kontinent\u2018<\/strong> zeigt die Umbr\u00fcche dieser Zeit und zeichnet ihre Auswirkungen auf unsere heutige Welt nach.\u201c<\/em> Thema der ersten Folge ist <a href=\"http:\/\/www.3sat.de\/programm\/?viewlong=viewlong&amp;d=20140118&amp;dayID=ClnDaN18&amp;cx=84#border1800\" target=\"_blank\">\u201eHinter den Fassaden\u201c<\/a> (<strong>3sat<\/strong>, 22.10 Uhr).<\/li>\n<\/ul>\n<h2 style=\"text-align: center;\">Sonntag, 19. Januar<\/h2>\n<ul>\n<li>Die dritte und letzte Folge der Terra X-Reihe \u201eGeheimb\u00fcnde\u201c l\u00e4uft um 19.30 Uhr im <strong>ZDF<\/strong>. Titel heute <a href=\"http:\/\/terra-x.zdf.de\/ZDF\/zdfportal\/programdata\/893f31cb-04ff-3cec-b768-ccdc04d351b6\/20258374?doDispatch=1\" target=\"_blank\">\u201eDie Masken der Verschw\u00f6rer\u201c<\/a>. War die Mondlandung echt und das Attentat vom 9. September auf das World-Trade-Center wirklich von Al-Kaida durchgef\u00fchrt? Die Doku <em>\u201ebegibt sich auf die Spuren einiger der ber\u00fchmtesten Verschw\u00f6rungstheorien der Moderne und st\u00f6\u00dft dabei auf Halbwahrheiten, dreiste L\u00fcgen, aber auch auf noch immer ungel\u00f6ste Fragen.\u201c<\/em><\/li>\n<li>Die Geschichte der Kreuzfahrt pr\u00e4sentiert <strong>tagesschau 24<\/strong> ab 20.15 Uhr in der zweiteiligen Doku \u201eLuxus auf dem Meer\u201c (<a href=\"http:\/\/programm.tagesschau24.de\/tv\/Luxus-auf-dem-Meer-%281-2%29\/2014-01-19\/eid_2872111375740505\" target=\"_blank\">Teil 1<\/a> und <a href=\"http:\/\/programm.tagesschau24.de\/tv\/Luxus-auf-dem-Meer-%282-2%29\/2014-01-19\/eid_2872111375740582\" target=\"_blank\">Teil 2<\/a>).<\/li>\n<li>Auf <a href=\"http:\/\/www.3sat.de\/programm\/?viewlong=viewlong&amp;d=20140119&amp;dayID=ClnDaN19&amp;cx=84#border1800\" target=\"_blank\"><strong>3sat<\/strong><\/a> gibt es um 22.40 Uhr die zweite Folge der Doku-Reihe \u201eEuropa am Abgrund \u2013 Der taumelnde Kontinent\u201c. Thema heute: Rasende Ver\u00e4nderung. <em>\u201eJugendkultur, Fitness, Burnout, Globalisierung der Nahrungsstr\u00f6me, Medien, die Politiker ins Straucheln bringen \u2013 vieles von dem, was man f\u00fcr typische Kennzeichen der Gegenwart h\u00e4lt, hat es schon vor \u00fcber 100 Jahren gegeben, vor 1914, vor dem Ersten Weltkrieg. [\u2026] Der zweite Teil besch\u00e4ftigt sich mit der Beschleunigung des Alltags \u2013 zun\u00e4chst in Gestalt von Maschinen und Technik, aber auch durch gesellschaftliche Entwicklungen. \u201c<\/em><\/li>\n<\/ul>\n<h2 style=\"text-align: center;\">Montag, 20. Januar<\/h2>\n<ul>\n<li>Auf <a href=\"http:\/\/www.n-tv.de\/mediathek\/tvprogramm\/?date=2014-01-20\" target=\"_blank\"><strong>N-TV<\/strong><\/a> wird um 20.05 Uhr \u00fcber die Wende im Zweiten Weltkrieg berichtet: \u201eStalingrad: Was wirklich geschah\u201c. <em>\u201eDer Einmarsch der Deutschen in die ehemalige Sowjetunion 1941 war die gr\u00f6\u00dfte Offensive in der milit\u00e4rischen Vergangenheit. Manche Experten glauben, dass die Schlacht von Stalingrad Anfang 1943 sogar den gesamten Deutsch-Sowjetischen Krieg entschied. Das Wissen \u00fcber diesen Teil des Krieges beruhte bislang allerdings auf deutschen Erinnerungen oder auf Stalins zensierten Aufzeichnungen. Die Dokumentation gr\u00e4bt nun in russischen Archiven nach der Vergangenheit.\u201c<\/em> \u2014 Um 21.05 Uhr geht es um \u201eStalin \u2013 Der Diktator in Farbe\u201c. <em>\u201eJosef Stalin, Diktator der Sowjetunion, ist mit Sicherheit einer der umstrittensten Politiker. \u00dcber f\u00fcnf Millionen Russen nahmen nach seinem Tod am 9. M\u00e4rz 1953 an seiner Trauerfeier in Moskau teil. Wie entstand der Personenkult um den Diktator, der f\u00fcr den Tod von \u00fcber 20 Millionen Menschen verantwortlich gemacht wird? Dank aufwendig nachkoloriertem und teilweise bislang unbekanntem Archivmaterial erz\u00e4hlt die Dokumentation die Geschichte eines Mannes, der durch gezielten Terror seine Macht sicherte.\u201c<\/em> \u2014 Und um 22.03 Uhr wirft der Sender einen Blick auf \u201eDie letzten Tage der Sowjetunion\u201c. <em>\u201eMoskau, 31. Dezember 1991: Die rote Flagge der UdSSR auf dem Kreml wird herabgelassen und durch die russische ersetzt. Es ist das Ende der Sowjetunion und ihrer Ideologien. Was f\u00fchrte zum Ende der UdSSR? Wie liefen die letzten beide kritischen Jahre im gr\u00f6\u00dften totalit\u00e4ren Reich des 20. Jahrhunderts ab? Die Dokumentation l\u00e4sst Zeitzeugen zu Wort kommen, unter ihnen auch Michail Gorbatschow.\u201c<\/em><\/li>\n<li><strong>Phoenix<\/strong> beginnt heute um 20.15 Uhr mit der vierteiligen Doku \u201eDie Jahreschronik des Dritten Reiches\u201c. Teil 1 behandelt den Zeitraum <a href=\"http:\/\/www.phoenix.de\/content\/phoenix\/die_sendungen\/die_jahreschronik_des_dritten_reiches_1_4\/793751?datum=2014-01-20\" target=\"_blank\">\u201e1933 \u2013 1935: Gleichschaltung\u201c<\/a>. <em>\u201eAm 30. Januar 1933 wurde Adolf Hitler zum Reichskanzler ernannt. Die Macht \u00fcber Deutschland einmal in den H\u00e4nden, lie\u00dfen die Nazis sie nicht mehr los \u2013 bis zum Untergang am 8. Mai 1945. Es begann mit gro\u00dfen Hoffnungen und beispiellosem Jubel \u2013 und endete nach einem Weltkrieg mit mehr als 50 Millionen Toten, der Zerst\u00f6rung Deutschlands und dem V\u00f6lkermord an den europ\u00e4ischen Juden. Die 4teilige Dokumentation ist eine einzigartige Zeitreise durch das dunkelste Kapitel deutscher Geschichte.\u201c<\/em> \u2014 Direkt danach folgen die Jahre <a href=\"http:\/\/www.phoenix.de\/content\/phoenix\/die_sendungen\/die_jahreschronik_des_dritten_reiches_2_4\/793755?datum=2014-01-20\" target=\"_blank\">\u201e1936 \u2013 1939: Der Weg zum Krieg\u201c<\/a>.<\/li>\n<li><strong>3sat<\/strong> stellt um 20.15 Uhr die Frage <a href=\"http:\/\/www.3sat.de\/page\/?source=\/ard\/themenwochen\/174408\/index.html\" target=\"_blank\">\u201eHat der Motor eine Seele?\u201c<\/a>. <em>\u201eDas erste gro\u00dfe internationale Autorennen fand bereits im Jahr 1908 statt: quer durch die Vereinigten Staaten von Amerika, Asien, Russland und Europa. Hans Koeppen, ein 32-j\u00e4hriger Oberstleutnant, war einer der Abenteurer, die sich auf die \u00fcber 20.000 Kilometer lange Strecke begaben.\u201c<\/em> \u2014 Um 21.40 Uhr hei\u00dft es <a href=\"http:\/\/www.3sat.de\/page\/?source=\/ard\/themenwochen\/174399\/index.html\" target=\"_blank\">\u201eBerliner Stadtillustrierte: Kaiser Wilhelm II. erkl\u00e4rt den Ersten Weltkrieg\u201c<\/a>. <em>\u201eAm Vorabend der europ\u00e4ischen Katastrophe ging es entspannt und locker zu, vor allem in Berlin. Es lag einen besondere Stimmung \u00fcber der Stadt, ein gewisse Ahnung, das etwas kommen wird\u2026\u201c<\/em> \u2014 Der dritte und letzte Teil der Reihe <a href=\"http:\/\/www.3sat.de\/programm\/?viewlong=viewlong&amp;d=20140120&amp;dayID=ClnDaN20&amp;cx=84#border1800\" target=\"_blank\">\u201eDer taumelnde Kontinent\u201c<\/a> folgt um 22.25 Uhr mit dem Titel \u201eDie neuen Massen\u201c.<\/li>\n<\/ul>\n<h2 style=\"text-align: center;\">Dienstag, 21. Januar<\/h2>\n<ul>\n<li>Der ber\u00fchmte Stofftierhersteller Steiff hat gerade einen wichtigen Prozess zum Schutz seiner Marke (dem Knopf im Ohr) verloren (siehe <a href=\"http:\/\/www.faz.net\/aktuell\/wirtschaft\/unternehmen\/steiff-urteil-jeder-darf-einen-knopf-im-ohr-haben-12754439.html\" target=\"_blank\">hier<\/a>). Das Portr\u00e4t der Firmengr\u00fcnderin <a href=\"http:\/\/www.3sat.de\/page\/?source=\/ard\/168646\/index.html\" target=\"_blank\">\u201eMargarete Steiff\u201c<\/a> gibt es um 20.15 Uhr als biographischen Spielfilm auf <strong>3sat<\/strong> zu sehen (BRD, \u00d6sterreich 2005, Regie: Xaver Schwarzenberger). <em>\u201eMit Ideenreichtum, Lebensfreude und unbezwingbarem Willen erobert sich eine junge Frau die Zukunft. In der Mitte des 19. Jahrhunderts im schw\u00e4bischen Giengen lebend, scheinen der jungen Margarete Steiff wegen ihrer K\u00f6rperbehinderung alle Tore verschlossen. Doch die optimistische Frau ist entschlossen, trotzdem etwas im Leben zu erreichen.\u201c<\/em> \u2014 Um 22.25 Uhr geht es um <a href=\"http:\/\/www.3sat.de\/page\/?source=\/ard\/themenwochen\/174453\/index.html\" target=\"_blank\">\u201eDie nackte Wahrheit \u2013 Wiener Skandale um 1900\u201c<\/a> der Wiener Kunstszene. <em>\u201eDie Dokumentation von Angelika Lizius [\u2026] erz\u00e4hlt an Originalschaupl\u00e4tzen von den Kunstskandalen um die Jahrhundertwende. Die Gegen\u00fcberstellung von Traditionellem und Neuem macht in dem Film die kompromisslose Modernit\u00e4t der K\u00fcnstler und die bis heute g\u00fcltige gesellschaftliche Sprengkraft ihrer Werke sp\u00fcrbar.\u201c<\/em> \u2014 Um 23.10 Uhr berichtet Film von Konstanze Brill und Rolf Hosfeld \u00fcber <a href=\"http:\/\/www.3sat.de\/programm\/?viewlong=viewlong&amp;d=20140121&amp;dayID=ClnDaN21&amp;cx=84#border1800\" target=\"_blank\">\u201eSigmund Freuds Traum\u201c<\/a>. <em>\u201eSind Tr\u00e4ume deutbar? Was sagen sie \u00fcber unser geheimes Seelenleben aus? Sigmund Freud hat mit seinem Buch \u201aDie Traumdeutung\u2018 den Traum f\u00fcr die Wissenschaft entdeckt und fruchtbar gemacht. Die \u201aTraumdeutung\u2018 ist ein im wahren Wortsinn Epoche machendes Werk: Es tr\u00e4gt die Jahreszahl 1900 auf dem Titelblatt und markiert den Ausgangspunkt der Psychoanalyse. Sie hat unser Bild vom Menschen radikal ver\u00e4ndert. Sigmund Freud relativierte mit ihr die Rationalit\u00e4t menschlichen Handelns und erkannte, dass der Mensch von unbewussten Trieben bestimmt wird. Die Dokumentation \u201aSigmund Freuds Traum\u2018 f\u00fchrt zu den Lebensstationen, die Freud in seinem wissenschaftlichen Leben entscheidend gepr\u00e4gt haben.\u201c<\/em><\/li>\n<li>Teil drei der \u201eJahreschronik des Dritten Reiches\u201c gibt es auf <strong>Phoenix<\/strong> um 20.15 Uhr mit der \u00dcberschrift <a href=\"http:\/\/www.phoenix.de\/content\/phoenix\/die_sendungen\/die_jahreschronik_des_dritten_reiches_3_4:_\/793771?datum=2014-01-21\" target=\"_blank\">\u201e1939\u20131942: Krieg und Vernichtung\u201c<\/a>. \u2014 Teil 4 behandelt dann um 21 Uhr folgerichtig die Jahre <a href=\"http:\/\/www.phoenix.de\/content\/phoenix\/die_sendungen\/die_jahreschronik_des_dritten_reiches_4_4\/793775?datum=2014-01-21\" target=\"_blank\">\u201e1942-\u20131945: Der Untergang\u201c<\/a>.<\/li>\n<li>Zwei Beitr\u00e4ge der Reihe \u201eGeheimnisvolle Orte\u201c pr\u00e4sentiert <strong>RBB<\/strong>. Um 20.15 Uhr <a href=\"http:\/\/www.rbb-online.de\/geheimnisvolle_orte\/archiv\/geheimnisvolle-orte-potsdamer-stadtschloss.html\" target=\"_blank\">\u201eDas Potsdamer Stadtschloss\u201c<\/a> und um 21 Uhr <a href=\"http:\/\/www.rbb-online.de\/fernsehen\/programm\/21_01_2014\/11416604652.html\" target=\"_blank\">\u201eDas russische Potsdam\u201c<\/a>.<\/li>\n<li><a href=\"http:\/\/www.mdr.de\/tv\/programm\/sendung350904.html\" target=\"_blank\">\u201eGeschichte Mitteldeutschlands \u2013 Das Magazin\u201c<\/a> gibt es um 21.15 Uhr im <strong>MDR<\/strong>.<\/li>\n<li>Um 22.30 Uhr sendet <strong>Arte<\/strong> eine Doku \u00fcber <a href=\"http:\/\/www.arte.tv\/guide\/de\/047372-000\/die-auschwitz-arzte-des-todes\" target=\"_blank\">\u201eDie Auschwitz-\u00c4rzte des Todes\u201c<\/a>. <em>\u201eIn seiner Dokumentation erforscht der Filmemacher Emil Weiss eine weitere ersch\u00fctternde Seite der Konzentrationslager: die medizinischen Versuche, die in Auschwitz durchgef\u00fchrt wurden, um die nationalsozialistische Rassenideologie zu untermauern.\u201c<\/em> \u2014 <a href=\"http:\/\/www.arte.tv\/guide\/de\/041877-000\/zeugnis-geben-ueber-auschwitz\" target=\"_blank\">\u201eZeugnis geben \u00fcber Auschwitz\u201c<\/a> lautet der Titel des Beitrags um 22.55 Uhr. <em>\u201eDas Konzentrationslager Auschwitz gilt als Synonym f\u00fcr den Holocaust. Denn dieser Komplex aus mehr als 40 Neben- und Au\u00dfenlagern diente in erster Linie der Vernichtung von Menschen \u2013 und das auf vielf\u00e4ltige Weise. Schriftlich festgehaltene Erlebnisse von \u00dcberlebenden bilden die Grundlage des Dokumentarfilms.\u201c<\/em><\/li>\n<li>Auf <strong>BR-alpha<\/strong> hei\u00dft es um 22.45 Uhr wieder \u201eMythen \u2013 Michael K\u00f6hlmeier erz\u00e4hlt Sagen des klassischen Altertums\u201c. Diesmal geht es um <a href=\"http:\/\/www.br.de\/fernsehen\/br-alpha\/programmkalender\/sendung731960.html\" target=\"_blank\">\u201eKephalos und Prokris\u201c<\/a>.<\/li>\n<\/ul>\n<h2 style=\"text-align: center;\">Mittwoch, 22. Januar<\/h2>\n<ul>\n<li><em>\u201eAm 7. Januar 1913 sendet eine Funkstation auf Spitzbergen Hilferufe nach Deutschland. Polarforscher sind im Packeis eingeschlossen. Ihr Ziel war die Durchquerung der Nordostpassage. [\u2026] Der international renommierte Meeresforscher Professor Dr. Hans Fricke will unbedingt herausfinden, was damals geschehen ist, will das deutsche Drama in der Arktis rekonstruieren. Dabei hat er weder Kosten noch M\u00fchen gescheut. Auf drei Forschungsreisen unter Einsatz von Eisbrechern, Tauchbooten und Hubschraubern folgt er den Spuren der verschollenen Expedition.\u201c<\/em> <a href=\"http:\/\/www.phoenix.de\/content\/phoenix\/die_sendungen\/verschollen_in_der_arktis\/273669?datum=2014-01-22\" target=\"_blank\">\u201eVerschollen in der Arktis\u201c<\/a>, <strong>Phoenix<\/strong>, 20.15 Uhr.<\/li>\n<\/ul>\n<h2 style=\"text-align: center;\">Donnerstag, 23. Januar<\/h2>\n<ul>\n<li>Arch\u00e4ologie der Nord- und Ostsee bietet <strong>Phoenix<\/strong>. Um 20.15 Uhr geht es um das <a href=\"http:\/\/www.phoenix.de\/content\/phoenix\/die_sendungen\/atlantis_der_nordsee\/791008?datum=2014-01-23\" target=\"_blank\">\u201eAtlantis der Nordsee\u201c<\/a> , der legend\u00e4ren Stadt Rungholt, die im 14. Jahrhundert bei einer verheerenden Sturmflut untergegangen sein soll. \u2014 Der Kampf um die Ostsee ist dann Thema der Doku <a href=\"http:\/\/www.phoenix.de\/content\/phoenix\/die_sendungen\/kampf_um_die_ostsee\/791001?datum=2014-01-23\" target=\"_blank\">\u201eDas Wrack der Hedvig Sophia\u201c<\/a> um 21 Uhr. <em>\u201eDas schwedische Flaggschiff Hedvig Sophia l\u00e4uft im April 1715 in einem blutigen Seegefecht zwischen D\u00e4nemark und Schweden auf Grund. Nach jahrzehntelanger Fahndung k\u00f6nnen die Arch\u00e4ologen den Fall endlich abschlie\u00dfen. Die preisgekr\u00f6nte Doku zeigt die au\u00dfergew\u00f6hnliche Geschichte des Gro\u00dfseglers.\u201c<\/em><\/li>\n<li><a href=\"http:\/\/www.swr.de\/geschichte\/-\/id=100754\/sdpgid=886358\/nid=100754\/did=12550588\/1j1ufpe\/index.html\" target=\"_blank\">\u201eHoneckers Regierungsbunker\u201c<\/a> ist Thema der Doku-Reihe \u201eGeheimnisvolle Orte\u201c im <strong>SWR<\/strong> um 22.30 Uhr. <em>\u201eGut getarnt lag Erich Honeckers F\u00fchrungsbunker verborgen unter m\u00e4rkischem Sand, gesichert mit 16.000-Volt-Starkstromdr\u00e4hten und rund um die Uhr von Spezialkr\u00e4ften der DDR-Staatssicherheit bewacht \u2013 ein geheimer Ort. Selbst der innere F\u00fchrungszirkel um Erich Honecker wusste nicht, wo genau sich die Anlage befand.\u201c<\/em><\/li>\n<\/ul>\n<h2 style=\"text-align: center;\">Freitag, 24. Januar<\/h2>\n<ul>\n<li>Auch der <a href=\"http:\/\/www.wdr.de\/programmvorschau\/suche.html?medium=F&amp;sender=10&amp;datum=2014-01-24&amp;zeit=1900-2400\" target=\"_blank\"><strong>WDR<\/strong><\/a> berichtet nun \u00fcber <a href=\"http:\/\/www.wdr.de\/tv\/wdrdok_af\/unsere_reihen\/geheimnisvolle_orte\/die_idee.jsp\" target=\"_blank\">geheimnisvolle Orte<\/a>, nat\u00fcrlich in NRW. <em>\u201eF\u00fcr die neue vierteilige Reihe haben sich die WDR-Autoren auf eine Spurensuche in die Vergangenheit unseres Landes gemacht \u2013 zu geheimnisvollen Orten, an denen Geschichte geschrieben wurde. Sie haben Archive durchforstet, Zeitzeugen befragt und sind dabei auf spektakul\u00e4re historische Aufnahmen gesto\u00dfen und auf Geschichten, die so noch nie erz\u00e4hlt wurden. Diese Geschichten spielen in der Essener Villa H\u00fcgel, sie spielen im Bonner Kanzlerbungalow, am N\u00fcrburgring und rund um die M\u00f6hnetalsperre im Sauerland.\u201c<\/em> Heute geht es um 20.15 Uhr um das \u201eGeheimnis M\u00f6hnetalsperre\u201c. <em>\u201eGebaut wurde sie, um die Wasserversorgung des Ruhrgebietes zu sichern. Die industrielle Revolution hatte Tausende von Arbeitern ins Ruhrtal gebracht. Die Industrie \u2013 insbesondere die Stahlproduktion \u2013 verbrauchte gigantische Mengen von Wasser. [\u2026] Nach vier Jahren Bauzeit war sie fertig, und wurde schnell zum beliebten Ausflugsziel. Doch in einer einzigen Vollmondnacht, brach die Katastrophe \u00fcber die Bewohner des M\u00f6hnetals herein. Am 17. Mai 1943, kurz nach Mitternacht, donnerten f\u00fcnf britische Bomber im Tiefflug \u00fcber den M\u00f6hnesee.\u201c<\/em><\/li>\n<li><strong>3sat<\/strong> reist heute um 20.15 Uhr <a href=\"http:\/\/www.3sat.de\/page\/?source=\/ard\/themenwochen\/174461\/index.html\" target=\"_blank\">\u201e Mit dem Zug von Berlin nach Bagdad\u201c<\/a> und f\u00fchrt dem Zuschauer \u201eKaiser Wilhelms Traum von Orient\u201c vor Augen. <em>\u201eDie Bagdadbahn war eines der waghalsigsten Bauprojekte ihrer Zeit. Sie wurde unter deutscher Leitung gebaut. Ziel war es, in 13 Tagen von Berlin \u00fcber Bagdad an den Persischen Golf zu gelangen. Dem deutschen Kaiser Wilhelm II., der sich f\u00fcr den Bau einsetzte, ging es um mehr als um wirtschaftlichen Aufschwung und Fortschritt. Er strebte nach Einfluss im Osmanischen Reich und wollte die Rivalen Gro\u00dfbritannien und Russland ausstechen.\u201c<\/em><\/li>\n<\/ul>\n","protected":false},"excerpt":{"rendered":"<p>P\u00fcnktlich zum Wochenende gibt es hier wieder die TV-Vorschau: Geschichtssendungen im deutschen Fernsehen in der kommenden Woche. Diesmal ist u. a. dabei: \u201eEuropa am Abgrund \u2013 Der taumelnde Kontinent\u201c vor Beginn des Ersten Weltkriegs und eine Jahreschronik des Dritten Reiches.<\/p>\n","protected":false},"author":10,"featured_media":0,"comment_status":"open","ping_status":"open","sticky":false,"template":"","format":"standard","meta":{"footnotes":""},"categories":[4,8],"tags":[],"class_list":["post-3068","post","type-post","status-publish","format-standard","hentry","category-geschichte-im-fernsehen","category-history-tv"],"aioseo_notices":[],"_links":{"self":[{"href":"http:\/\/historikerkraus.de\/blog\/wp-json\/wp\/v2\/posts\/3068","targetHints":{"allow":["GET"]}}],"collection":[{"href":"http:\/\/historikerkraus.de\/blog\/wp-json\/wp\/v2\/posts"}],"about":[{"href":"http:\/\/historikerkraus.de\/blog\/wp-json\/wp\/v2\/types\/post"}],"author":[{"embeddable":true,"href":"http:\/\/historikerkraus.de\/blog\/wp-json\/wp\/v2\/users\/10"}],"replies":[{"embeddable":true,"href":"http:\/\/historikerkraus.de\/blog\/wp-json\/wp\/v2\/comments?post=3068"}],"version-history":[{"count":3,"href":"http:\/\/historikerkraus.de\/blog\/wp-json\/wp\/v2\/posts\/3068\/revisions"}],"predecessor-version":[{"id":3072,"href":"http:\/\/historikerkraus.de\/blog\/wp-json\/wp\/v2\/posts\/3068\/revisions\/3072"}],"wp:attachment":[{"href":"http:\/\/historikerkraus.de\/blog\/wp-json\/wp\/v2\/media?parent=3068"}],"wp:term":[{"taxonomy":"category","embeddable":true,"href":"http:\/\/historikerkraus.de\/blog\/wp-json\/wp\/v2\/categories?post=3068"},{"taxonomy":"post_tag","embeddable":true,"href":"http:\/\/historikerkraus.de\/blog\/wp-json\/wp\/v2\/tags?post=3068"}],"curies":[{"name":"wp","href":"https:\/\/api.w.org\/{rel}","templated":true}]}}