{"id":3065,"date":"2014-01-10T17:48:03","date_gmt":"2014-01-10T15:48:03","guid":{"rendered":"http:\/\/historikerkraus.de\/blog\/?p=3065"},"modified":"2014-01-10T17:50:17","modified_gmt":"2014-01-10T15:50:17","slug":"tv-vorschau-11-17-januar-2014","status":"publish","type":"post","link":"http:\/\/historikerkraus.de\/blog\/2014\/01\/10\/tv-vorschau-11-17-januar-2014\/","title":{"rendered":"TV-Vorschau 11. \u2013 17. Januar 2014"},"content":{"rendered":"<p>Hier wieder die Vorschau auf die Geschichtssendungen im deutschen Fernsehen der kommenden Woche. Diesmal gibt es u. a. einige Beitr\u00e4ge zur Kultur und Geschichte vor dem Ersten Weltkrieg und zur Vertreibung nach dem Zweiten.<!--more--><\/p>\n<h2 style=\"text-align: center;\">Samstag, 11. Januar<\/h2>\n<ul>\n<li><a href=\"http:\/\/www.n-tv.de\/mediathek\/tvprogramm\/?date=2014-01-11\" target=\"_blank\"><strong>N-TV<\/strong><\/a> bringt wieder Dokus \u00fcber Waffen der Antike. Um 20.05 Uhr geht es um \u201eSuper-Schiffe\u201c, um 21.05 Uhr um \u201eWaffen im antiken Asien\u201c und um 22.05 Uhr um \u201eElitetruppen\u201c.<\/li>\n<li>Der <a href=\"http:\/\/www.wdr.de\/programmvorschau\/suche.html?medium=F&amp;sender=10&amp;datum=2014-01-11&amp;zeit=1900-2400\" target=\"_blank\"><strong>WDR<\/strong><\/a> sendet um 20.15 Uhr den Spielfilm \u201eNacht \u00fcber Berlin\u201c (BRD 2013, Regie: Friedemann Fromm), der das Ende der Weimarer Republik und den Beginn der NS-Herrschaft in Deutschland thematisiert.<\/li>\n<li>Aus der Reihe \u201eSkandal Royal\u201c bringt <strong>Phoenix<\/strong> heute Abend den Beitrag <a href=\"http:\/\/www.phoenix.de\/content\/phoenix\/die_sendungen\/skandal_royal\/784159?datum=2014-01-11\" target=\"_blank\">\u201eDie Romanows \u2013 Mythos Zarenmord\u201c<\/a> (20.15 Uhr). <em>\u201e1918 exekutieren die Bolschewiki die Romanows, die Familie des letzten russischen Zaren. Die russische Regierung behauptet zwar, alle Mitglieder seien dabei ums Leben gekommen, doch gravierende Fragen bez\u00fcglich der genauen Todesumst\u00e4nde bleiben unbeantwortet. Starb damals wirklich die ganze Familie oder k\u00f6nnten ein oder mehrere Mitglieder entkommen sein? Gelingt es einem Team aus forensischen Anthropologen und DNA-Experten ein f\u00fcr alle Mal zu kl\u00e4ren, was wirklich mit den Romanows geschah?\u201c<\/em> \u2014 Einen Blick zur\u00fcck auf\u2018s Mittelalter wirft um 21.45 Uhr das ZDF-History: <a href=\"http:\/\/www.phoenix.de\/content\/phoenix\/die_sendungen\/zdf_history:_mit_feuer_und_schwert_\/784168?datum=2014-01-11\" target=\"_blank\">\u201eMit Feuer und Schwert \u2013 Das dunkle Jahrtausend\u201c<\/a>.<\/li>\n<li><strong>Arte<\/strong> pr\u00e4sentiert um 20.15 Uhr <a href=\"http:\/\/www.arte.tv\/guide\/de\/045554-000\/die-letzten-geheimnisse-der-titanic\" target=\"_blank\">\u201eDie letzten Geheimnisse der Titanic\u201c<\/a>. <em>\u201eDie Dokumentation begleitet eine Expedition zum Wrack des seinerzeit gr\u00f6\u00dften Schiffes der Welt.\u201c<\/em> \u2014 Um 21.05 Uhr hei\u00dft es: <a href=\"http:\/\/www.arte.tv\/guide\/de\/051100-000\/mona-lisa-ist-weg\" target=\"_blank\">\u201eMona Lisa ist weg!\u201c<\/a>. <em>\u201eAm 21. August 1911 verschwand die Mona Lisa aus dem Louvre und blieb fast zweieinhalb Jahre lang unauffindbar. Der Diebstahl des ber\u00fchmten Gem\u00e4ldes machte \u00fcberall auf der Welt Schlagzeilen. Wer stahl das Gem\u00e4lde? Und wann tauchte es wieder auf? Spannende Ermittlungen am Beginn des 20. Jahrhunderts.\u201c<\/em> \u2014 <em>\u201eIm Jahr 1913, dem letzten Jahr vor dem Ersten Weltkrieg, nahm die Welt endg\u00fcltig Abschied vom 19. Jahrhundert. Wie lebten die Menschen, bevor moderne Waffensysteme ihr Leben zerst\u00f6rten? Die Dokumentation vollzieht den Verlauf eines gesamten Tages im Jahr 1913 nach und wirft einen Blick auf den Alltag ganz unterschiedlicher Menschen.\u201c<\/em> <a href=\"http:\/\/www.arte.tv\/guide\/de\/050756-000\/ein-tag-im-jahre-1913\" target=\"_blank\">\u201eEin Tag im Jahre 1913\u201c<\/a> (22.05 Uhr). \u2014 Viele verbinden mit ihm den Komiker Luis de Fun\u00e8s, der aber den ber\u00fchmten Fant\u00f4mas zu unser aller Erheiterung in seiner unnachahmlichen Art sehr frei interpretierte. Arte zeigt heute eine Reihe alter, nun restaurierter Stummfilme des ber\u00fchmten Verbrechers. Um 23.05 Uhr geht es los mit <a href=\"http:\/\/www.arte.tv\/guide\/de\/038279-000\/fantomas-das-grausame-genie\" target=\"_blank\">\u201eFant\u00f4mas \u2013 Das grausame Genie\u201c<\/a>. Um Mitternacht geht es weiter mit <a href=\"http:\/\/www.arte.tv\/guide\/de\/047493-000\/fantomas-im-schatten-der-guillotine\" target=\"_blank\">\u201eFant\u00f4mas \u2013 Im Schatten der Guillotine\u201c<\/a>, um 1.05 Uhr hei\u00dft es <a href=\"http:\/\/www.arte.tv\/guide\/de\/047494-000\/fantomas-juve-gegen-fantomas\" target=\"_blank\">\u201eFant\u00f4mas \u2013 Juve gegen Fant\u00f4mas\u201c<\/a> und um 2.05 Uhr schlie\u00dflich <a href=\"http:\/\/www.arte.tv\/guide\/de\/047490-000\/fantomas-der-moerderische-leichnam\" target=\"_blank\">\u201eFant\u00f4mas \u2013 Der m\u00f6rderische Leichnam\u201c<\/a>. Viel Vergn\u00fcgen!<\/li>\n<li><strong>tagesschau 24<\/strong> besch\u00e4ftigt sich heute Abend mit Preu\u00dfen. Um 21.02 Uhr gibt es eine Doku \u00fcber <a href=\"http:\/\/programm.tagesschau24.de\/tv\/Die-Hohenzollern-\/2014-01-11\/eid_2872111334813943\" target=\"_blank\">\u201eDie Hohenzollern\u201c<\/a>. Und um 21.45 Uhr folgt ein Beitrag \u00fcber die Baus\u00fcnden Friedrichs des Gro\u00dfen: <a href=\"http:\/\/programm.tagesschau24.de\/tv\/Sanssouci-macht-Sorgen\/2014-01-11\/eid_2872111334813957\" target=\"_blank\">\u201eSanssouci macht Sorgen\u201c<\/a>.<\/li>\n<\/ul>\n<h2 style=\"text-align: center;\">Sonntag, 12. Januar<\/h2>\n<ul>\n<li>Im <strong>ZDF<\/strong> geht es weiter mit den Geheimb\u00fcnden der Geschichte. Um 19.30 Uhr geht es in der Reihe \u201eDie Erben der Templer\u201c um <a href=\"http:\/\/terra-x.zdf.de\/ZDF\/zdfportal\/programdata\/893f31cb-04ff-3cec-b768-ccdc04d351b6\/20255799?doDispatch=1\" target=\"_blank\">\u201eTempler, Freimaurer und Propaganda\u201c<\/a>.<\/li>\n<li>Der zweiteilige Historienfilm \u201eDie Gustloff\u201c (BRD 2008, Regie: Joseph Vilsmaier) \u00fcber die Flucht aus Ostpreu\u00dfen am Ende des Zweiten Weltkriegs l\u00e4uft heute Abend in <strong>ZDF_neo<\/strong>. Um 20.15 Uhr geht es los mit dem <a href=\"http:\/\/www.zdf.de\/ZDF\/zdfportal\/programdata\/bb825f94-27ad-3a77-bc21-5ac98b92a103\/20255055?doDispatch=1\" target=\"_blank\">\u201eHafen der Hoffnung\u201c<\/a> und um 21.50 Uhr weiter mit <a href=\"http:\/\/www.zdf.de\/ZDF\/zdfportal\/programdata\/bb825f94-27ad-3a77-bc21-5ac98b92a103\/20255056?doDispatch=1\" target=\"_blank\">\u201eFlucht \u00fcber die Ostsee\u201c<\/a>. <em>\u201eJosef Vilsmeier f\u00fchrte Regie bei diesem aufw\u00e4ndigen Zweiteiler, der eine Gratwanderung zwischen historischen Fakten und spektakul\u00e4rer Fiktion ist. Mit einer bis in die kleinsten Rollen prominenten Besetzung wird die Geschichte authentisch, dramatisch und spannend auf der Basis von Zeitzeugen-Aussagen inszeniert. Der Drehbuchautor Rainer Berg hat nach einer ausf\u00fchrlichen Recherche diesen Teil deutscher Geschichte f\u00fcr die Fiktionalisierung dramatisiert und neu beleuchtet.\u201c<\/em><\/li>\n<li>Die <a href=\"http:\/\/www.arte.tv\/guide\/de\/048752-000\/stille-vor-dem-sturm\" target=\"_blank\">\u201eStille vor dem Sturm\u201c<\/a> meint den Vorabend des Ersten Weltkriegs, dessen Ausbruch sich in diesem Jahr bekanntlich zum 100. Mal j\u00e4hrt. <em>\u201eEuropa im Jahr 1914 ist ein sorgloser, vor allem aber widerspr\u00fcchlicher Kontinent. Von dem nahenden Ersten Weltkrieg scheint niemand etwas zu ahnen. Der Dokumentarfilm bereist diesen Kontinent und analysiert die Vorbedingungen der damals einsetzenden Moderne sowie die Ursachen f\u00fcr den Krieg.\u201c<\/em> (<strong>Arte<\/strong>, 21.50 Uhr) \u2014 Um 23.25 Uhr port\u00e4tiert der Sender eine ganze Epoche: <a href=\"http:\/\/www.arte.tv\/guide\/de\/028236-000\/paris-1900-belle-epoque\" target=\"_blank\">\u201eParis 1900 \u2013 Belle Epoque\u201c<\/a>. <em>\u201eDer Film dreht die Zeit um 100 Jahre zur\u00fcck und zeigt das Pariser Leben der Jahre 1900 bis 1914, die so genannte Belle Epoque. Nicole Vedres und Pierre Braunberger haben Ausschnitte aus rund 700 Spielfilmen und Wochenschauen zu einem umfassenden Sittengem\u00e4lde zusammengef\u00fcgt. Ein authentischer Blick in eine quicklebendige \u00c4ra.\u201c<\/em> \u2014 Anschlie\u00dfend (0.50 Uhr) geht es weiter mit <a href=\"http:\/\/www.arte.tv\/guide\/de\/047491-000\/fantomas-fantomas-gegen-fantomas\" target=\"_blank\">\u201eFant\u00f4mas \u2013 Fant\u00f4mas gegen Fant\u00f4mas\u201c<\/a> und um 1.55 Uhr mit <a href=\"http:\/\/www.arte.tv\/guide\/de\/047492-000\/fantomas-der-falsche-ermittler\" target=\"_blank\">\u201eFant\u00f4mas \u2013 Der falsche Ermittler\u201c<\/a>.<\/li>\n<li>Um die Eroberung des Nordpols geht es in der Doku <a href=\"http:\/\/www.mdr.de\/tv\/programm\/sendung348972.html\" target=\"_blank\">\u201eRote Arktis\u201c<\/a> im <strong>MDR<\/strong> um 23.30 Uhr. <em>\u201eEs war nicht irgendeine Expedition, zu der 43 sowjetische Flieger und Forscher im M\u00e4rz 1937 aufbrachen. Es war eine fliegerische Pioniertat, ein Meilenstein in der Geschichte der Entdeckungen und &#8211; eine eigene Facette in der Geschichte des Stalinterrors.\u201c<\/em><\/li>\n<\/ul>\n<h2 style=\"text-align: center;\">Montag, 13. Januar<\/h2>\n<ul>\n<li>Auf <a href=\"http:\/\/www.n-tv.de\/mediathek\/tvprogramm\/?date=2014-01-13\" target=\"_blank\"><strong>N-TV<\/strong><\/a> gibt es heute den Dreiteiler \u201eTageb\u00fccher des 2. Weltkriegs\u201c. <em>\u201eDer Zweite Weltkrieg wird oft als der blutigste Krieg der Geschichte beschrieben. Die Soldaten mussten jeden Tag mit dem Tod rechnen. Wie erlebten sie die damaligen Ereignisse? Die Dokumentation l\u00e4sst Veteranen und Zeitzeugen zu Wort kommen.\u201c<\/em> (20.05 Uhr, 21.05 Uhr, 22.03 Uhr).<\/li>\n<li>Die Deutschen und die Atombombe besch\u00e4ftigt heute Abend <strong>tagesschau 24<\/strong>. Um 20.15 Uhr zeigt die Doku <a href=\"http:\/\/programm.tagesschau24.de\/tv\/Geheimsache-Nazi-Uran%3A-Atomjagd-in-Brandenburg\/2014-01-13\/eid_2872111334825594\" target=\"_blank\">\u201eGeheimsache Nazi-Uran: Atomjagd in Brandenburg\u201c<\/a>, <em>\u201edass der Wettlauf um die Atombombe zwischen Amerikanern und Russen seinen Ausgangspunkt in Berlin und Brandenburg hatte. Hier wurde die Kernspaltung entdeckt und bis Kriegsende intensiv an ihrer Nutzung gearbeitet. [\u2026] In den letzten Kriegswochen 1945 starteten Amerikaner und Russen eine beispiellose Jagd auf Wissenschaftler, Technologie und Material des deutschen Atomforschungsprogramms. Was aus Angst vor einer deutschen Atombombe begann, endete in einem Wettlauf um das deutsche Know-How f\u00fcr die jeweiligen Atombombenprojekte der Alliierten.\u201c<\/em> \u2014 Anschlie\u00dfend beleuchtet um 21.02 Uhr die Dokumentation <a href=\"http:\/\/programm.tagesschau24.de\/tv\/Wildwest-bei-der-Wismut\/2014-01-13\/eid_2872111334825638\" target=\"_blank\">\u201eWildwest bei der Wismut \u2013 Atombomben aus dem Erzgebirge\u201c<\/a> <em>\u201edas gigantische Uranf\u00f6rderprogramm der Sowjets im Erzgebirge.\u201c<\/em><\/li>\n<li>\u201eGeschichte im Ersten\u201c berichtet von einem bislang eher unbekannten Kapitel des Kalten Krieges: <a href=\"http:\/\/programm.daserste.de\/pages\/programm\/detail.aspx?id=185DDD431E124C2BB8D2F795A332DDB0\" target=\"_blank\">\u201eDeutsche gegen Devisen \u2013 Ein Gesch\u00e4ft im Kalten Krieg\u201c<\/a>. Es geht um eine geheime Abmachung zwischen der deutschen und der rum\u00e4nischen Regierung, 250000 deutschst\u00e4mmige Rum\u00e4nen gegen Zahlung eines \u201eKopfgeldes\u201c in die Bundesrepublik ausreisen zu lassen (<strong>ARD<\/strong>, 23.30 Uhr).<\/li>\n<\/ul>\n<h2 style=\"text-align: center;\">Dienstag, 14. Januar<\/h2>\n<ul>\n<li>Die ersten zwei Teile der dreiteiligen Doku \u201eDas Weltreich der Deutschen\u201c \u00fcber die deutsche Kolonialgeschichte laufen heute auf <strong>Phoenix<\/strong>. Um 20.15 Uhr geht es um die <a href=\"http:\/\/www.phoenix.de\/content\/phoenix\/die_sendungen\/dokumentationen\/das_weltreich_der_deutschen_%281_3%29\/302339?datum=2014-01-14\" target=\"_blank\">\u201eKopfjagd in Ostafrika\u201c<\/a>. Um 21 Uhr fegt der <a href=\"http:\/\/www.phoenix.de\/content\/phoenix\/die_sendungen\/dokumentationen\/das_weltreich_der_deutschen_%282_3%29\/302346?datum=2014-01-14\" target=\"_blank\">\u201eSturm \u00fcber S\u00fcdwest\u201c<\/a>.<\/li>\n<li>22.45 Uhr auf <strong>BR-alpha<\/strong>: <a href=\"http:\/\/www.br.de\/fernsehen\/br-alpha\/programmkalender\/sendung-441266.html\" target=\"_blank\">\u201eMythen \u2013- Michael K\u00f6hlmeier erz\u00e4hlt Sagen des klassischen Altertums: Eos\u201c<\/a>.<\/li>\n<\/ul>\n<h2 style=\"text-align: center;\">Mittwoch, 15. Januar<\/h2>\n<ul>\n<li>Auf <strong>Phoenix<\/strong> gibt es um 20.15 Uhr den dritten und letzten Teil der Reihe \u201eDas Weltreich der Deutschen\u201c mit dem Thema <a href=\"http:\/\/www.phoenix.de\/content\/phoenix\/die_sendungen\/dokumentationen\/das_weltreich_der_deutschen_%282_3%29\/content\/328762\" target=\"_blank\">\u201eAbenteuer S\u00fcdsee\u201c<\/a>.<\/li>\n<li>Der Spielfilm <a href=\"http:\/\/www.swrfernsehen.de\/-\/id=5791128\/sdpgid=884304\/nid=5791128\/did=12508982\/18ez069\/index.html\" target=\"_blank\">\u201eKinder des Zorns\u201c<\/a> (BRD 2009, Regie: Miguel Alexandre) erz\u00e4hlt im <strong>SWR<\/strong> von der Vertreibung der Schlesier nach dem Zweiten Weltkrieg.<\/li>\n<li>Auf <strong>RBB<\/strong> gibt es um 22.45 Uhr den biographischen Spielfilm <a href=\"http:\/\/www.rbb-online.de\/fernsehen\/programm\/15_01_2014\/11402973521.html\" target=\"_blank\">\u201eRosa Luxemburg\u201c<\/a> (BRD 1986, Regie: Margarethe von Trotta).<\/li>\n<\/ul>\n<h2 style=\"text-align: center;\">Donnerstag, 16. Januar<\/h2>\n<ul>\n<li>Arch\u00e4ologie auf <strong>Phoenix<\/strong>. Zun\u00e4chst l\u00e4uft um 20.15 Uhr die Doku <a href=\"http:\/\/www.phoenix.de\/content\/phoenix\/die_sendungen\/tutenchamun_\/695040?datum=2014-01-16\" target=\"_blank\">\u201eTutenchamun \u2013 Die L\u00f6sung des R\u00e4tsels\u201c<\/a> ehe um 21 Uhr der Fund von Tell Halaf pr\u00e4sentiert wird: <a href=\"http:\/\/www.phoenix.de\/content\/phoenix\/die_sendungen\/in_geheimer_mission\/790983?datum=2014-01-16\" target=\"_blank\">\u201eIn geheimer Mission\u201c<\/a>.<\/li>\n<li>In der Reihe \u201eGeheimnisvolle Orte\u201c berichtet der <strong>SWR<\/strong> \u00fcber <a href=\"http:\/\/www.swr.de\/geschichte\/-\/id=100754\/sdpgid=884384\/nid=100754\/did=12509448\/14nr0ow\/index.html\" target=\"_blank\">\u201e Hitlers Reichskanzlei\u201c<\/a> (22.30 Uhr).<\/li>\n<\/ul>\n<h2 style=\"text-align: center;\">Freitag, 17. Januar<\/h2>\n<ul>\n<li>Die Geschichte der gro\u00dfen Unternehmer-Familie Krupp und damit ein St\u00fcck Industriealisierungsgeschichte ist verbunden mit dem \u201eGeheimnis Villa H\u00fcgel\u201c, das der <a href=\"http:\/\/www.wdr.de\/programmvorschau\/suche.html?medium=F&amp;sender=10&amp;datum=2014-01-17&amp;zeit=1900-2400\" target=\"_blank\"><strong>WDR<\/strong><\/a> um 20.15 Uhr aufdeckt. \u2014 Die zweiteilige Dokureihe \u201eFremde Heimat\u201c besch\u00e4ftigt sich mit dem Schicksal der Vertriebenen nach 1945. Teil 1 l\u00e4uft um 23.15 Uhr, <a href=\"http:\/\/www.wdr.de\/programmvorschau\/suche.html?medium=F&amp;sender=10&amp;datum=2014-01-17&amp;zeit=2400-0530\" target=\"_blank\">Teil 2<\/a> ab Mitternacht.<\/li>\n<\/ul>\n","protected":false},"excerpt":{"rendered":"<p>Hier wieder die Vorschau auf die Geschichtssendungen im deutschen Fernsehen der kommenden Woche. Diesmal gibt es u. a. einige Beitr\u00e4ge zur Kultur und Geschichte vor dem Ersten Weltkrieg und zur Vertreibung nach dem Zweiten.<\/p>\n","protected":false},"author":10,"featured_media":0,"comment_status":"open","ping_status":"open","sticky":false,"template":"","format":"standard","meta":{"footnotes":""},"categories":[4,8],"tags":[],"class_list":["post-3065","post","type-post","status-publish","format-standard","hentry","category-geschichte-im-fernsehen","category-history-tv"],"aioseo_notices":[],"_links":{"self":[{"href":"http:\/\/historikerkraus.de\/blog\/wp-json\/wp\/v2\/posts\/3065","targetHints":{"allow":["GET"]}}],"collection":[{"href":"http:\/\/historikerkraus.de\/blog\/wp-json\/wp\/v2\/posts"}],"about":[{"href":"http:\/\/historikerkraus.de\/blog\/wp-json\/wp\/v2\/types\/post"}],"author":[{"embeddable":true,"href":"http:\/\/historikerkraus.de\/blog\/wp-json\/wp\/v2\/users\/10"}],"replies":[{"embeddable":true,"href":"http:\/\/historikerkraus.de\/blog\/wp-json\/wp\/v2\/comments?post=3065"}],"version-history":[{"count":2,"href":"http:\/\/historikerkraus.de\/blog\/wp-json\/wp\/v2\/posts\/3065\/revisions"}],"predecessor-version":[{"id":3067,"href":"http:\/\/historikerkraus.de\/blog\/wp-json\/wp\/v2\/posts\/3065\/revisions\/3067"}],"wp:attachment":[{"href":"http:\/\/historikerkraus.de\/blog\/wp-json\/wp\/v2\/media?parent=3065"}],"wp:term":[{"taxonomy":"category","embeddable":true,"href":"http:\/\/historikerkraus.de\/blog\/wp-json\/wp\/v2\/categories?post=3065"},{"taxonomy":"post_tag","embeddable":true,"href":"http:\/\/historikerkraus.de\/blog\/wp-json\/wp\/v2\/tags?post=3065"}],"curies":[{"name":"wp","href":"https:\/\/api.w.org\/{rel}","templated":true}]}}