{"id":3030,"date":"2013-12-27T18:46:45","date_gmt":"2013-12-27T16:46:45","guid":{"rendered":"http:\/\/historikerkraus.de\/blog\/?p=3030"},"modified":"2013-12-27T18:52:42","modified_gmt":"2013-12-27T16:52:42","slug":"tv-vorschau-28-dezember-2013-3-januar-2014","status":"publish","type":"post","link":"http:\/\/historikerkraus.de\/blog\/2013\/12\/27\/tv-vorschau-28-dezember-2013-3-januar-2014\/","title":{"rendered":"TV-Vorschau 28. Dezember 2013 \u2013 3. Januar 2014"},"content":{"rendered":"<p>Das alte Jahr geht zu Ende, das neue beginnt. Hier die Geschichtssendungen in der \u201aJahreswechselwoche\u2018:<!--more--><\/p>\n<h2 style=\"text-align: center;\">Samstag, 28. Dezember<\/h2>\n<ul>\n<li><strong>Phoenix<\/strong> sendet zun\u00e4chst den Dreiteiler \u201eM\u00e4tressen \u2013 Die geheime Macht der Frauen\u201c. Um 20.15 Uhr behandelt die Doku <a href=\"http:\/\/www.phoenix.de\/content\/phoenix\/die_sendungen\/dokumentationen\/maetressen_die_geheime_macht_der_frauen_\/156615?datum=2013-12-28\" target=\"_blank\">\u201eDie Geliebte des Papstes\u201c<\/a>, um 21 Uhr <a href=\"http:\/\/www.phoenix.de\/content\/phoenix\/die_sendungen\/dokumentationen\/maetressen_die_geheime_macht_der_frauen_\/156094?datum=2013-12-28\" target=\"_blank\">\u201eDie Geliebte des Sultans\u201c<\/a> und schlie\u00dflich um 21.45 Uhr <a href=\"http:\/\/www.phoenix.de\/content\/phoenix\/die_sendungen\/dokumentationen\/maetressen_die_geheime_macht_der_frauen_\/155816?datum=2013-12-28\" target=\"_blank\">\u201eDie Geliebte des K\u00f6nigs\u201c<\/a>. \u2014 Um 22.30 Uhr geht es um die deutsche Besatzungszeit in Frankreich w\u00e4hrend des 2. Weltkriegs und die Kollaboration mit den Besatzern: <a href=\"http:\/\/www.phoenix.de\/content\/phoenix\/die_sendungen\/intim_mit_dem_feind\/781294?datum=2013-12-28\" target=\"_blank\">\u201eIntim mit dem Feind \u2013 Alltag im besetzten Frankreich\u201c<\/a>. \u2014 Und um 23.15 Uhr folgt noch eine Doku \u00fcber <a href=\"http:\/\/www.phoenix.de\/content\/phoenix\/die_sendungen\/zwei_brueder_%E2%80%93_eine_krone\/559872?datum=2013-12-28\" target=\"_blank\">\u201eZwei Br\u00fcder \u2013 eine Krone. Die Geschichte von Edward und George aus dem Hause Windsor\u201c<\/a>.<\/li>\n<li>Um 22.05 Uhr pr\u00e4sentiert <a href=\"http:\/\/www.n-tv.de\/mediathek\/tvprogramm\/?date=2013-12-28\" target=\"_blank\"><strong>N-TV<\/strong><\/a> \u201eDie gef\u00e4hrlichsten Waffen des Mittelalters\u201c. <em>\u201eDas Mittelalter war eine kriegerische Zeit. Die Waffen der Ritter wie Schwert, Hellebarde, Morgenstern und Streithammer waren brutal und t\u00f6dlich. Selbst durch R\u00fcstung und Kettenhemd gesch\u00fctzt trugen die M\u00e4nner auf dem Schlachtfeld schwerste Verletzungen davon. Die n-tv Dokumentation macht sich auf die Suche nach den gef\u00e4hrlichsten Waffen des Mittelalters und pr\u00fcft sie auf ihre Wirkung, Einsetzbarkeit, Effizienz und ihr Handling.\u201c<\/em><\/li>\n<\/ul>\n<h2 style=\"text-align: center;\">Sonntag, 29. Dezember<\/h2>\n<ul>\n<li>Heute folgt die Fortsetzung der Terra X-Reihe \u201eExpedition Deutschland\u201c. Die <a href=\"http:\/\/terra-x.zdf.de\/ZDF\/zdfportal\/programdata\/893f31cb-04ff-3cec-b768-ccdc04d351b6\/20250876?doDispatch=1\" target=\"_blank\">\u201eGeologische Zeitreise [f\u00fchrt] Von der Entstehung der Alpen bis zum Ende der Eiszeit\u201c<\/a> (<strong>ZDF<\/strong>, 19.30 Uhr). \u2014 Um 23.30 Uhr pr\u00e4sentiert ZDF-History <a href=\"http:\/\/history.zdf.de\/ZDF\/zdfportal\/programdata\/c5479add-a5dd-35ff-99cf-ca2843da6ec4\/20250880?doDispatch=1\" target=\"_blank\">\u201eDie gro\u00dfen Momente der Deutschen\u201c<\/a>. <em>\u201eWelche sind die wichtigsten, sch\u00f6nsten, spannendsten und identit\u00e4tsstiftenden Augenblicke, die uns gepr\u00e4gt haben? Die Antworten auf diese Fragen sind so vielf\u00e4ltig wie die Deutschen selbst.\u201c<\/em><\/li>\n<li>Die Macht der Religion in Geschichte und Gegenwart pr\u00e4gen den TV-Abend auf <strong>Phoenix<\/strong>. Bereits um 18.25 Uhr beginnt die dreiteilige Doku \u201eWer war Jesus?\u201c mit der Folge <a href=\"http:\/\/www.phoenix.de\/content\/phoenix\/die_sendungen\/wer_war_jesus_%281_3%29\/345264?datum=2013-12-29\" target=\"_blank\">\u201eSeine Kindheit\u201c<\/a>. Um <a href=\"http:\/\/www.phoenix.de\/content\/phoenix\/die_sendungen\/wer_war_jesus_%282_3%29\/345268?datum=2013-12-29\" target=\"_blank\">\u201eSeine Mission\u201c<\/a> geht es um 19.10 Uhr und <a href=\"http:\/\/www.phoenix.de\/content\/phoenix\/die_sendungen\/wer_war_jesus_%283_3%29\/345275?datum=2013-12-29\" target=\"_blank\">\u201eSeine letzten Tage\u201c<\/a> stehen um 20.15 Uhr im Blickfeld. \u2014 Mit dem Thema <a href=\"http:\/\/www.phoenix.de\/content\/phoenix\/diesendungen\/gefaehrlicherglaube\/715959?datum=2013-12-29\" target=\"_blank\">\u201eGef\u00e4hrlicher Glaube \u2013 2000 Jahre Christenverfolgung\u201c<\/a><em> besch\u00e4ftigt sich eine Doku um 21 Uhr. \u2014 \u201eDie R\u00fcckkehr der M\u00e4rtyrer\u201c ist ab 21.45 Uhr das Thema der Doku <a href=\"http:\/\/www.phoenix.de\/content\/phoenix\/die_sendungen\/bis_aufs_blut\/782023?datum=2013-12-29\" target=\"_blank\">\u201eBis aufs Blut\u201c<\/a>. Und zum Schluss gibt es noch um 22.30 Uhr den Beitrag <a href=\"http:\/\/www.phoenix.de\/content\/phoenix\/diesendungen\/schoepfungsmythen\/782063?datum=2013-12-29\" target=\"_blank\">\u201eSch\u00f6pfungsmythen \u2013 Erz\u00e4hlungen vom Anfang der Menschheit\u201c<\/a><\/em>.<\/li>\n<li><em>\u201eMit Salvador Allende starb am 11. September 1973 der Traum vom demokratischen Sozialismus. &#8222;Er war ein Romantiker, der zum Tode verurteilt war&#8220;, so der sowjetische General Leonov \u00fcber den frei gew\u00e4hlten sozialistischen Pr\u00e4sidenten Chiles. Leonov enth\u00fcllt in dieser spektakul\u00e4ren ARD-Dokumentation eines der letzten Geheimnisse des Kalten Krieges: Die Sowjetunion lie\u00df Allende fallen, weil sie nicht an seine gewaltlose Revolution glaubte.\u201c<\/em> <a href=\"http:\/\/programm.tagesschau24.de\/tv\/Verrat-in-Santiago---Wer-erschoss-Salvador-Allende\/2013-12-29\/eid_2872111251896766\" target=\"_blank\">\u201eVerrat in Santiago \u2013 Wer erschoss Salvador Allende?\u201c<\/a> (<strong>tagesschau 24<\/strong>, 23 Uhr).<\/li>\n<\/ul>\n<h2 style=\"text-align: center;\">Montag, 30. Dezember<\/h2>\n<ul>\n<li>Auf <strong>Phoenix<\/strong> beginnt heute um 9 Uhr der Thementag: <a href=\"http:\/\/www.phoenix.de\/content\/phoenix\/die_sendungen\/dokumentationen\/100_jahre_der_countdown\/12742?datum=2013-12-30\" target=\"_blank\">100 Jahre \u2013 Der Countdown<\/a>. Das gesamte 20. Jahrhundert in Etappen. Die genauen Themen und Anfangszeiten der einzelnen Beitr\u00e4ge entnehmen Sie bitte der verlinkten Sender-Homepage.<\/li>\n<li><em>\u201eMit Kuba verbinden die meisten Menschen Fidel Castro, Che Guevara, die sozialistische Revolution von 1959 und vielleicht noch die Kubakrise von 1962. Aber was geschah davor auf der Karibikinsel?\u201c<\/em> Die Antwort gibt die Doku <a href=\"http:\/\/programm.tagesschau24.de\/tv\/Das-Mafia-Paradies\/2013-12-30\/eid_2872111251900045\" target=\"_blank\">\u201eDas Mafia-Paradies \u2013 Kuba vor der Revolution von 1959\u201c<\/a> auf <strong>tagesschau 24<\/strong> um 20.15 Uhr.<\/li>\n<li>Der King lebt \u2013 zumindest in den Herzen seiner bis heute zahlreichen Fans. <strong>Einsfestival<\/strong> bietet nicht nur f\u00fcr die Fans <em>\u201eein spannendes zweiteiliges Biopic \u00fcber die fr\u00fchen Jahre von Elvis Presley, dem King of Rock &#8217;n&#8216; Roll:\u201c<\/em> \u201eElvis\u201c. <a href=\"http:\/\/www.einsfestival.de\/sendungen\/sendung.jsp?ID=11252896916\" target=\"_blank\">Teil 1<\/a> um 20.15 Uhr, <a href=\"http:\/\/www.einsfestival.de\/sendungen\/sendung.jsp?ID=11252896928\" target=\"_blank\">Teil 2<\/a> um 21.35 Uhr.<\/li>\n<\/ul>\n<h2 style=\"text-align: center;\">Dienstag, 31. Dezember \u2013 Silvester<\/h2>\n<ul>\n<li>Einblicke in die Geschichte der DDR gibt <strong>tagesschau 24<\/strong>. Um 20.15 Uhr l\u00e4uft der <a href=\"http:\/\/programm.tagesschau24.de\/tv\/So-reiste-das-Politbuero\/2013-12-31\/eid_2872111251908018\" target=\"_blank\">erste Teil<\/a> der Doku \u201eSo reiste das Politb\u00fcro \u2013 Hinter den Kulissen der Macht\u201c, um 21.02 Uhr folgt der <a href=\"http:\/\/programm.tagesschau24.de\/tv\/So-lebte-das-Politbuero\/2013-12-31\/eid_2872111251908277\" target=\"_blank\">zweite Teil<\/a>. \u2014 Von der <a href=\"http:\/\/programm.tagesschau24.de\/tv\/Nationalhymne-der-DDR%3A-Auferstanden-aus-Ruinen\/2013-12-31\/eid_2872111251908297\" target=\"_blank\">\u201eNationalhymne der DDR: Auferstanden aus Ruinen\u201c<\/a> und ihrer Geschichte erz\u00e4hlt um 21.45 Uhr eine kurze Doku. \u2014 Und das Verh\u00e4ltnis Frankreichs zur DDR besch\u00e4ftigt um 22.02 Uhr die Doku <a href=\"http:\/\/programm.tagesschau24.de\/tv\/Bonjour-DDR\/2013-12-31\/eid_2872111251908381\" target=\"_blank\">\u201eBonjour DDR \u2013 Frankreich und der Osten\u201c<\/a>.<\/li>\n<\/ul>\n<h2 style=\"text-align: center;\">Mittwoch, 1. Januar \u2013 Neujahr<\/h2>\n<ul>\n<li>Der Neujahrstag ist sparsam mit Dokus, bietet daf\u00fcr um 20.15 Uhr auf <strong>RTL 2<\/strong> den Spielfilm <a href=\"http:\/\/www.rtl2.de\/filme\/spielfilme\/film\/hitler-aufstieg-des-boesen\" target=\"_blank\">\u201eHitler \u2013 Aufstieg des B\u00f6sen\u201c<\/a> (Kanada, USA 2003, Regie: Christian Duguay). <em>\u201eVon der Wiener Kunsthochschule abgewiesen und im Ersten Weltkrieg mit dem Eisernen Kreuz ausgezeichnet, schlie\u00dft sich der fanatische Patriot Adolf Hitler der Deutschen Arbeiterpartei an und wird bald darauf zu ihrem Vorsitzenden. Dank seines Redetalentes findet er bald zahlreiche Anh\u00e4nger \u2013 darunter auch sehr Einflussreiche.\u201c<\/em><\/li>\n<li>Und um 23.40 Uhr das Historienepos von Milo\u0161 Forman <a href=\"http:\/\/www.3sat.de\/page\/?source=\/film\/154187\/index.html\" target=\"_blank\">\u201eGoyas Geister\u201c<\/a> (Spanien\/USA\/Frankreich 2006). <em>\u201eIm Spanien des Jahres 1792 k\u00e4mpft der Klerus gegen die Ideen der Aufkl\u00e4rung und beschlie\u00dft die Wiedereinf\u00fchrung der mittelalterlichen Inquisition. Einer ihrer gnadenlosesten Verfechter ist der ehrgeizige Pater Lorenzo. Mit Hilfe seiner H\u00e4scher denunziert er auch In\u00e8s, die Muse des Malers Goya. \u2013 Bildgewaltiges Historienepos von Milo\u0161 Forman mit Javier Bardem und Natalie Portman.\u201c<\/em><\/li>\n<\/ul>\n<h2 style=\"text-align: center;\">Donnerstag, 2. Januar<\/h2>\n<ul>\n<li>Aus der Reihe \u201eWunder der Erde\u201c bringt <strong>BR-alpha<\/strong> um 20.15 Uhr den Beitrag <a href=\"http:\/\/www.br.de\/fernsehen\/br-alpha\/programmkalender\/sendung-428752.html\" target=\"_blank\">\u201eEismitte \u2013 Alfred Wegeners letztes Ziel\u201c<\/a>. Eismitte ist der Name der \u00dcberwinterungsstation der Gr\u00f6nlandexpedition Alfred Wegeners (Juli 1930 bis August 1931) im gr\u00f6nl\u00e4ndischen Inlandeis. Dort in der Station Eismitte feierte Wegener seinen 50. Geburtstag. <em>\u201eAuf dem R\u00fcckweg zur K\u00fcste kommt Wegener in Sturm und Schnee ums Leben.\u201c<\/em> Die Doku berichtet \u00fcber sein Leben. <em>\u201eWegeners 93-j\u00e4hrige Tochter K\u00e4the Sch\u00f6nharting erz\u00e4hlt im Interview von ihrer Kindheit und ihrem Vater. Das Alfred-Wegener-Institut stellte Originalaufnahmen von der Expedition zur Verf\u00fcgung.\u201c<\/em><\/li>\n<\/ul>\n<h2 style=\"text-align: center;\">Freitag, 3. Januar<\/h2>\n<ul>\n<li>Zum 1200. Todestag sendet der <a href=\"http:\/\/www.wdr.de\/programmvorschau\/suche.html?medium=F&amp;sender=10&amp;datum=2014-01-03&amp;zeit=1900-2400\" target=\"_blank\"><strong>WDR<\/strong><\/a> um 20.15 Uhr die Doku \u201eKarl der Gro\u00dfe\u201c von Gabriele Wengler. <em>\u201eKarl der Gro\u00dfe ist der erste und gr\u00f6\u00dfte Kaiser des Mittelalters. Noch heute betrachtet man ihn in Frankreich und in Deutschland als Stammvater der Nation. Das Reich, das Karl der Gro\u00dfe schuf, umfasste aber weit mehr als nur das Herz Europas &#8211; es reichte von den Pyren\u00e4en bis an die Donau und von S\u00fcditalien bis an die Nordseek\u00fcste. Bis heute kennt jeder seinen Namen, doch niemand wei\u00df, wer er wirklich war. [\u2026] In einer Mischung aus aufwendigen Reenactments, packender historischer Spurensuche und lebendigen Kommentaren und Erl\u00e4uterungen der f\u00fchrenden Experten erz\u00e4hlt das Dokudrama wichtige Stationen aus Karls Leben. Der Zuschauer erlebt, wie er Alleinherrscher im K\u00f6nigreich der Franken wird, wie er sein Reich durch Kriege gegen die Langobarden und vor allem gegen die Sachsen immer weiter vergr\u00f6\u00dfert, wie er seine Herrschaft \u00fcber das Riesenreich verfestigt und wie er schlie\u00dflich durch die Kr\u00f6nung zum Kaiser durch Papst Leo III. der m\u00e4chtigste Herrscher Europas wird.\u201c<\/em><\/li>\n<li><a href=\"http:\/\/www.phoenix.de\/content\/phoenix\/die_sendungen\/konrad_adenauer_\/782404?datum=2014-01-03\" target=\"_blank\">\u201eKonrad Adenauer \u2013 Stunden der Entscheidung\u201c<\/a> ist der Titel der biographischen Doku auf <strong>Phoenix<\/strong> um 20.15 Uhr. <em>\u201eWer war dieser Mann, der das Nachkriegsdeutschland gepr\u00e4gt hat wie kein anderer? Das Dokudrama, das der SWR gemeinsam mit Arte und WDR realisiert hat, geht dieser Frage nach. Der Film begleitet Konrad Adenauer von einem H\u00f6hepunkt seiner politischen Karriere als Oberb\u00fcrgermeister der Stadt K\u00f6ln \u00fcber den Tiefpunkt w\u00e4hrend der Zeit des Nationalsozialismus. Diesen erlebt Adenauer in einem Alter, in dem ein R\u00fcckzug ins Pension\u00e4rsleben durchaus normal gewesen w\u00e4re. Doch Adenauer ruht nicht. Nach dem Zweiten Weltkrieg engagiert er sich in der CDU, steigt vom Parteif\u00fchrer zum m\u00e4chtigsten Mann der Bundesrepublik und bedeutenden europ\u00e4ischen Staatsmann auf.\u201c<\/em> \u2014 Gleich im Anschluss folgt um 21.45 Uhr <a href=\"http:\/\/www.phoenix.de\/content\/phoenix\/die_sendungen\/adenauers_letzte_reise\/783447?datum=2014-01-03\" target=\"_blank\">\u201eAdenauers letzte Reise\u201c<\/a>, ein Bericht \u00fcber die Beisetzungsfeierlichkeiten beim Tode Adenauers 1967. \u2014 Um 22.30 Uhr gibt es eine Doku \u00fcber <a href=\"http:\/\/www.phoenix.de\/content\/phoenix\/diesendungen\/innenansichtendeutschland_1937\/782411?datum=2014-01-03\" target=\"_blank\">\u201eInnenansichten Deutschland 1937 \u2013 Der sch\u00f6ne Schein des Dritten Reiches\u201c<\/a>. <em>\u201e1937 war die nationalsozialistische Diktatur nach innen gefestigt. Ihre Gegner hatten die Nazis erschlagen oder mundtot gemacht, sie in Konzentrationslager oder Gef\u00e4ngnissen weggesperrt oder in die Emigration getrieben. Die Wirtschaft erholte sich von der Weltwirtschaftskrise, das demokratische Ausland in Europa und \u00dcbersee begann sich mit dem &#8222;Dritten Reich&#8220; zu arrangieren. Viele kritische Geister waren sich jedoch sicher, dass der sch\u00f6ne Schein, den die Nazis nach au\u00dfen errichtet hatten, nur notd\u00fcrftig den m\u00f6rderischen Rassenwahn des Hitler-Regimes und seinen Militarismus kaschieren sollte. Zu diesen Menschen z\u00e4hlte auch der US-amerikanischen Dokumentarfilmer Julien H. Bryan, dem die nationalsozialistischen Beh\u00f6rden im Sommer 1937 \u00fcberraschend eine Drehgenehmigung gew\u00e4hrt hatten.\u201c<\/em> \u2014 Um 23.30 Uhr schlie\u00dflich erschlie\u00dft die Doku <a href=\"http:\/\/www.phoenix.de\/content\/phoenix\/die_sendungen\/blaubluetig_auf_italienisch\/782415?datum=2014-01-03\" target=\"_blank\">\u201eBlaubl\u00fctig auf Italienisch \u2013 Vom Schwarzen und vom wei\u00dfen Adel\u201c<\/a> eine hier eher unbekannte Seite italienischer Geschichte. <em>\u201eWelche Unterschiede kann es bei der \u201aNobilt\u00e0\u2018 in Italien schon geben? Der eine ist F\u00fcrst, der andere Prinz und der K\u00f6nig ist der Oberste \u2013 und doch k\u00f6nnen auch Farben entscheidend sein: schwarz und wei\u00df. Vom Papst oder vom K\u00f6nig ernannt, lange z\u00e4hlte nur das f\u00fcr die Blaubl\u00fcter im Stiefelstaat. Vor allem in Rom hatte dieses Farbenspiel eine besondere Brisanz: Familien wie die Ruspolis oder Borgheses waren eng mit dem Vatikan verbunden, ihr Adel basierte auf p\u00e4pstlicher Ernennung. Doch Mitte des 19. Jahrhunderts sollte es f\u00fcr diese schwarzen Adligen eine entscheidende Ver\u00e4nderung geben, ausgel\u00f6st durch die italienischen Unabh\u00e4ngigkeitskriege. Mit der Einheit Italiens am 20. September 1870 wurde K\u00f6nig Viktor Emanuel II. von Savoyen der erste B\u00fcrger im Land. Eine neue \u00c4ra begann, eine andere endete: Papst Pius IX. verlor seinen p\u00e4pstlichen Staat, der \u00fcber Jahrhunderte die Macht der katholischen Kirche gesichert hatte. Mit dem K\u00f6nig aus dem Piemont wollte der p\u00e4pstliche, schwarze Adel vorerst nichts zu tun haben \u2013 auch nicht mit den Adligen, die sich gegen den Papst und f\u00fcr den K\u00f6nig entschieden: dem wei\u00dfen Adel. Die Adelswelt, wichtiger und gesch\u00e4tzter Mitspieler auf dem Machtparkett, musste sich entscheiden: F\u00fcr den Papst oder f\u00fcr den K\u00f6nig!\u201c<\/em><\/li>\n<\/ul>\n","protected":false},"excerpt":{"rendered":"<p>Das alte Jahr geht zu Ende, das neue beginnt. Hier die Geschichtssendungen in der \u201aJahreswechselwoche\u2018:<\/p>\n","protected":false},"author":10,"featured_media":0,"comment_status":"open","ping_status":"open","sticky":false,"template":"","format":"standard","meta":{"footnotes":""},"categories":[4,8],"tags":[],"class_list":["post-3030","post","type-post","status-publish","format-standard","hentry","category-geschichte-im-fernsehen","category-history-tv"],"aioseo_notices":[],"_links":{"self":[{"href":"http:\/\/historikerkraus.de\/blog\/wp-json\/wp\/v2\/posts\/3030","targetHints":{"allow":["GET"]}}],"collection":[{"href":"http:\/\/historikerkraus.de\/blog\/wp-json\/wp\/v2\/posts"}],"about":[{"href":"http:\/\/historikerkraus.de\/blog\/wp-json\/wp\/v2\/types\/post"}],"author":[{"embeddable":true,"href":"http:\/\/historikerkraus.de\/blog\/wp-json\/wp\/v2\/users\/10"}],"replies":[{"embeddable":true,"href":"http:\/\/historikerkraus.de\/blog\/wp-json\/wp\/v2\/comments?post=3030"}],"version-history":[{"count":3,"href":"http:\/\/historikerkraus.de\/blog\/wp-json\/wp\/v2\/posts\/3030\/revisions"}],"predecessor-version":[{"id":3034,"href":"http:\/\/historikerkraus.de\/blog\/wp-json\/wp\/v2\/posts\/3030\/revisions\/3034"}],"wp:attachment":[{"href":"http:\/\/historikerkraus.de\/blog\/wp-json\/wp\/v2\/media?parent=3030"}],"wp:term":[{"taxonomy":"category","embeddable":true,"href":"http:\/\/historikerkraus.de\/blog\/wp-json\/wp\/v2\/categories?post=3030"},{"taxonomy":"post_tag","embeddable":true,"href":"http:\/\/historikerkraus.de\/blog\/wp-json\/wp\/v2\/tags?post=3030"}],"curies":[{"name":"wp","href":"https:\/\/api.w.org\/{rel}","templated":true}]}}