{"id":3027,"date":"2013-12-21T13:03:31","date_gmt":"2013-12-21T11:03:31","guid":{"rendered":"http:\/\/historikerkraus.de\/blog\/?p=3027"},"modified":"2013-12-21T13:05:41","modified_gmt":"2013-12-21T11:05:41","slug":"tv-vorschau-21-27-dezember-2013","status":"publish","type":"post","link":"http:\/\/historikerkraus.de\/blog\/2013\/12\/21\/tv-vorschau-21-27-dezember-2013\/","title":{"rendered":"TV-Vorschau 21. \u2013 27. Dezember 2013"},"content":{"rendered":"<p>Geschichtesfernsehen in der Weihnachtswoche bedeutet u. a. einige Historienfilme, Dokus \u00fcber die Geschichte (Alt)\u00c4gyptens und den Anf\u00e4ngen der Menschheit:<!--more--><\/p>\n<h2 style=\"text-align: center;\">Samstag, 21. Dezember<\/h2>\n<ul>\n<li>Die Geschichte der Apostel und die Wahrheit \u00fcber Jesus stehen im Zentrum des Abendprogramms von <a href=\"http:\/\/www.n-tv.de\/mediathek\/tvprogramm\/?date=2013-12-21\" target=\"_blank\"><strong>N-TV<\/strong><\/a>. Um 20.05 Uhr erfahren wir etwas \u00fcber \u201eDas geheime Leben der Apostel\u201c. <em>\u201eDer Legende nach reisten vor 2.000 Jahren zw\u00f6lf gew\u00f6hnliche M\u00e4nner tausende von Meilen, riskierten ihr Leben und opferten alles, was sie besa\u00dfen. Sie waren auserw\u00e4hlt von Jesus und sollten Gottes Botschaft \u00fcberbringen. Wer waren diese M\u00e4nner? Wo f\u00fchrte ihr Weg sie lang? Die Dokumentation folgt dem Weg der Apostel und erkl\u00e4rt, wie das Christentum geboren wurde.\u201c<\/em> \u2014 Um 21.05 Uhr folgt aus der Reihe \u201eBibel-Geheimnisse\u201c zun\u00e4chst der Beitrag \u201eDie Wahrheit \u00fcber Jesus\u201c und um 22.05 Uhr \u201eMaria Magdalena\u201c.<\/li>\n<li><strong>tagesschau 24<\/strong> widmet den Abend ganz dem Thema \u201eVor 50 Jahren \u2013 Auschwitz-Prozess in Frankfurt\u201c. Um 20.15 Uhr geht es los mit dem Beitrag <a href=\"http:\/\/programm.tagesschau24.de\/tv\/Auschwitz-vor-Gericht\/2013-12-21\/eid_2872111209031506\" target=\"_blank\">\u201eAuschwitz vor Gericht\u201c<\/a>, der bereits in der vergangenen Woche auf mehreren Kan\u00e4len zu sehen war. Um 21.02 Uhr folgen vier Berichte aus Birkenau mit dem Titel <a href=\"http:\/\/programm.tagesschau24.de\/tv\/Ueber-Leben-in-Auschwitz\/2013-12-21\/eid_2872111209031537\" target=\"_blank\">\u201e\u00dcber Leben in Auschwitz\u201c<\/a>. Um 22 Uhr geht es um die <a href=\"http:\/\/programm.tagesschau24.de\/tv\/Sklaven-der-Gaskammer\/2013-12-21\/eid_2872111209031545\" target=\"_blank\">\u201eSklaven der Gaskammer\u201c<\/a>. Gemeint ist das j\u00fcdische Sonderkommando in Auschwitz. <em>\u201eDieser Film erz\u00e4hlt die Leidens- und \u00dcberlebensgeschichten von H\u00e4ftlingen des so genannten Sonderkommandos in den Krematorien von Auschwitz-Birkenau. Die j\u00fcdischen H\u00e4ftlinge des Sonderkommandos lebten im innersten Zirkel der Todesmaschinerie. Die Deutschen zwangen sie, Zeugen und Helfer des V\u00f6lkermordes zu sein. Primo Levi bezeichnet die Erfindung und Aufstellung der Sonderkommandos als das d\u00e4monischste Verbrechen des Nationalsozialismus.\u201c<\/em> Und um 22.45 Uhr schlie\u00dft der Themenabend mit dem Beitrag <a href=\"http:\/\/programm.tagesschau24.de\/tv\/Erbe-der-Menschheit\/2013-12-21\/eid_2872111209031552\" target=\"_blank\">\u201eAuschwitz (Polen)\u201c<\/a> aus der Reihe \u201eErbe der Menschheit\u201c.<\/li>\n<li>Auf <strong>Phoenix<\/strong> geht es um 20.15 Uhr um das \u00dcberleben nach dem Krieg im <a href=\"http:\/\/www.phoenix.de\/content\/phoenix\/die_sendungen\/hungerwinter_ueberleben_nach_dem_krieg\/354601?datum=2013-12-21\" target=\"_blank\">\u201eHungerwinter\u201c<\/a> 1946\/47. <em>\u201eDrei gro\u00dfe K\u00e4ltewellen werden im so genannten Hungerwinter 1946\/47 in Deutschland registriert. Im Januar 1947 friert in der franz\u00f6sischen und britischen Besatzungszone der Rhein auf 60 Kilometern zu. Die Elbe ist komplett vereist. Die Binnenschifffahrt kommt zum Erliegen und damit ein lebenswichtiger Transportweg f\u00fcr Nahrung und Kohle. Viele der bereits durch Unterern\u00e4hrung geschw\u00e4chten Menschen \u00fcberleben den \u201aWei\u00dfen Tod\u2018, wie sie die gnadenlose K\u00e4lte nennen, nicht. Historiker sch\u00e4tzen, dass allein in Deutschland mehrere hunderttausend Menschen an den Folgen von K\u00e4lte und Hunger sterben. Erfrierungen, Kr\u00e4tze und Hunger\u00f6deme sind an der Tagesordnung. Tuberkulose und andere Mangelkrankheiten werden zur t\u00f6dlichen Gefahr.\u201c<\/em> \u2014 Willy Brandts 100. Geburtstag ist noch einmal um 21.45 Uhr Thema im ZDF-History: <a href=\"http:\/\/www.phoenix.de\/content\/phoenix\/die_sendungen\/zdf_history:_kanzler_der_deutschen\/781648?datum=2013-12-21\" target=\"_blank\">\u201eKanzler der Deutschen\u201c<\/a>.<\/li>\n<li>Die vierte und letzte Folge der Geschichts-Serie <a href=\"http:\/\/www.br.de\/fernsehen\/br-alpha\/programmkalender\/sendung698724.html\" target=\"_blank\">\u201eMarco Polo\u201c<\/a> l\u00e4uft um 20.15 Uhr auf <strong>BR-alpha<\/strong>.<\/li>\n<li><em>\u201eDie Geschichte einer gro\u00dfen Herrscherin, skrupellosen Politikerin und emanzipierten Frau: Unter der Regie des indischen Regisseurs Shekhar Kapur entstand 1998 mit <a href=\"http:\/\/www.zdf.de\/ZDF\/zdfportal\/programdata\/bb825f94-27ad-3a77-bc21-5ac98b92a103\/20247206?doDispatch=1\" target=\"_blank\">\u201aElizabeth\u2018<\/a> ein aufw\u00e4ndiger Kost\u00fcmfilm, der die fr\u00fchen Regentschaftsjahre Elisabeth I. als Wandlungsprozess einer lebenslustigen jungen Frau in die \u201ajungfr\u00e4uliche K\u00f6nigin\u2018 an der Spitze eines Weltreichs schildert.\u201c<\/em> (<strong>ZDF_neo<\/strong>, 23.50 Uhr).<\/li>\n<\/ul>\n<h2 style=\"text-align: center;\">Sonntag, 22. Dezember<\/h2>\n<ul>\n<li>Eine geologische Zeitreise: Vom Zeitalter der Fische bis zum Ende der Dinosaurier pr\u00e4sentiert das <strong>ZDF<\/strong> mit der zweiteiligen Doku <a href=\"http:\/\/terra-x.zdf.de\/ZDF\/zdfportal\/programdata\/893f31cb-04ff-3cec-b768-ccdc04d351b6\/20248376?doDispatch=1\" target=\"_blank\">\u201eExpedition Deutschland\u201c<\/a> um 19.30 Uhr. <em>\u201eWie ist Deutschland geworden, wie wir es heute kennen und lieben? Auf einer Reise in die Vergangenheit kann man erleben, wie sich in 500 Millionen Jahren die Erde und Deutschland ver\u00e4ndert haben.\u201c<\/em> Die Fortsetzung folgt in einer Woche.<\/li>\n<li><strong>BR-alpha<\/strong> wiederholt um 21.45 Uhr auch die vierte und letzte Folge von <a href=\"http:\/\/www.br.de\/fernsehen\/br-alpha\/programmkalender\/sendung698824.html\" target=\"_blank\">\u201eMarco Polo\u201c<\/a>. \u2014 Direkt im Anschluss folgt um 23.10 Uhr das \u201eInterview mit der Geschichte\u201c, diesmal mit <a href=\"http:\/\/www.br.de\/fernsehen\/br-alpha\/programmkalender\/sendung698826.html\" target=\"_blank\">\u201eRosa Luxemburg\u201c<\/a>.<\/li>\n<li><em>Die historisch belegte Figur der Hypatia von Alexandria gilt heute als fr\u00fche Vertreterin einer emanzipierten Weiblichkeit. Ihr tragisches Schicksal wird h\u00e4ufig als Beispiel f\u00fcr Intoleranz und eine wissenschaftsfeindliche Haltung religi\u00f6ser Kreise betrachtet. Der spanische Regisseur Alejandro Amen\u00e1bar, bekannt durch sein vielfach preisgekr\u00f6ntes Drama \u201aDas Meer in mir\u2018, erz\u00e4hlt das Leben Hypatias im Rahmen eines aufwendig produzierten Historienepos:\u201c<\/em> <a href=\"http:\/\/programm.daserste.de\/pages\/programm\/detail.aspx?id=78296EBE2733DBE3020D5F3B0AC57AF0\" target=\"_blank\">\u201eAgora \u2013 Die S\u00e4ulen des Himmels\u201c<\/a> (<strong>ARD<\/strong>, 23.35 Uhr).<\/li>\n<\/ul>\n<h2 style=\"text-align: center;\">Montag, 23. Dezember<\/h2>\n<ul>\n<li>Forscherbiographien pr\u00e4sentiert <strong>Phoenix<\/strong> ab 20.15 Uhr in dem Beitrag <a href=\"http:\/\/www.phoenix.de\/content\/phoenix\/die_sendungen\/ereignisse\/zdf_history:_die_groessten_abenteurer_der_geschichte\/781670?datum=2013-12-23\" target=\"_blank\">\u201eZDF-History: Die gr\u00f6\u00dften Abenteurer der Geschichte\u201c<\/a>. Anschlie\u00dfend gibt es ein Portr\u00e4t des gerade verstorbenen <a href=\"http:\/\/www.phoenix.de\/content\/phoenix\/die_sendungen\/die_sieben_leben_des_\/380348?datum=2013-12-23\" target=\"_blank\">\u201eNelson Mandela\u201c<\/a> zu sehen (21 Uhr) und eine Doku \u00fcber die ber\u00fchmte Rede Martin Luther Kings \u201eI have a dream\u201c: <a href=\"http:\/\/www.phoenix.de\/content\/phoenix\/die_sendungen\/dokumentationen\/der_traum_des_martin_luther_king_jr_\/189578?datum=2013-12-23\" target=\"_blank\">\u201eTraum des Martin Luther King jr.\u201c<\/a> (21.50 Uhr).<\/li>\n<li><a href=\"http:\/\/programm.tagesschau24.de\/tv\/Das-Rote-Kreuz-im-Dritten-Reich\/2013-12-23\/eid_2872111209048350\" target=\"_blank\">\u201eDas Rote Kreuz im Dritten Reich\u201c<\/a> ist Thema einer Doku um 21.02 Uhr auf <strong>tagesschau 24<\/strong>.<\/li>\n<li>Nach dem 100. Geburtstag Willy Brandts steht heute der 95. Geburtstag seines Nachfolgers als Kanzler an: <a href=\"http:\/\/programm.daserste.de\/pages\/programm\/detail.aspx?id=8DE21C4E46A0C6DF4CD293C4E97DF232\" target=\"_blank\">\u201eHelmut Schmidt\u201c<\/a>. Die <strong>ARD<\/strong> widmet ihm ab 21.45 Uhr eine ausf\u00fchrliche Doku.<\/li>\n<\/ul>\n<h2 style=\"text-align: center;\">Dienstag, 24. Dezember \u2013 Heiliger Abend<\/h2>\n<p style=\"text-align: center;\"><em><strong>Frohe und gesegnete Weihnachten allen Lesern!<\/strong><\/em><\/p>\n<h2 style=\"text-align: center;\">Mittwoch, 25. Dezember \u2013 Weihnachten<\/h2>\n<ul>\n<li>Wenn auch auf den anderen Sendern heute Geschichtsdokus Mangelware sind, so h\u00e4lt <strong>Phoenix<\/strong> ein volles Abendprogramm bereit. Um 20.15 Uhr geht es los mit der dreiteiligen Doku \u201eDer Nil\u201c. <em>\u201eErz\u00e4hlt wird die Geschichte des Nils aus der Sicht der alten \u00c4gypter. Es wird gezeigt, welchen Einfluss dieser Fluss auf die Hochkultur hatte. Wir reisen 4.000 Jahre zur\u00fcck in die Vergangenheit, um die Geschichte der gro\u00dfen Flut zu rekapitulieren.\u201c<\/em> Nach dem ersten Teil <a href=\"http:\/\/www.phoenix.de\/content\/phoenix\/die_sendungen\/der_nil_%281_3%29\/510592?datum=2013-12-25\" target=\"_blank\">\u201eK\u00f6nigreiche am Fluss\u201c<\/a> folgt um 21 Uhr Teil 2 <a href=\"http:\/\/www.phoenix.de\/content\/phoenix\/die_sendungen\/dokumentationen\/der_nil_%282_3%29\/139312?datum=2013-12-25\" target=\"_blank\">\u201eDie gro\u00dfe Flut\u201c<\/a> und um 21.45 Uhr sind wir im dritten Teil <a href=\"http:\/\/www.phoenix.de\/content\/phoenix\/die_sendungen\/dokumentationen\/nil_%283_3%29\/139384?datum=2013-12-25\" target=\"_blank\">\u201eDer Quelle auf der Spur\u201c<\/a>. \u2014 Aus der ZDF-History-Reihe folgt um 22.30 Uhr die Doku <a href=\"http:\/\/www.phoenix.de\/content\/phoenix\/die_sendungen\/zdf_history:_die_sieben_weltwunder\/370639?datum=2013-12-25\" target=\"_blank\">\u201eDie sieben Weltwunder\u201c<\/a>. \u2014 Und um 23.15 Uhr gibt es noch den Beitrag <a href=\"http:\/\/www.phoenix.de\/content\/phoenix\/die_sendungen\/dokumentationen\/zdf_history:_apokalypse_in_der_bronzezeit\/154912?datum=2013-12-25\" target=\"_blank\">\u201eApokalypse in der Bronzezeit \u2013 Das Ende der ersten Hochkulturen\u201c<\/a>.<\/li>\n<li>Die Geschichte der US-Mondmissionen lebt aus der Sicht der Austronauten auf in der Doku <a href=\"http:\/\/www.br.de\/fernsehen\/br-alpha\/programmkalender\/sendung699094.html\" target=\"_blank\">\u201eIn the Shadow of the Moon\u201c<\/a> (<strong>BR-alpha<\/strong>, 21.45 Uhr).<\/li>\n<\/ul>\n<h2>Donnerstag, 26. Dezember \u2013 2. Weihnachtsfeiertag<\/h2>\n<ul>\n<li>Maritime Geschichte auf <strong>Phoenix<\/strong>. Um 20.15 Uhr geht es los mit dem Zweiteiler \u201eMachtkampf um die Weltmeere\u201c. Teil 1 beschreibt den <a href=\"http:\/\/www.phoenix.de\/content\/phoenix\/die_sendungen\/machtkampf_um_die_weltmeere_%281_2%29\/425600?datum=2013-12-26\" target=\"_blank\">\u201eWeg zur Viertage-Schlacht\u201c<\/a>. <em>\u201eHistoriker und Milit\u00e4rexperten erkl\u00e4ren und analysieren die spannende Geschichte vom erbitterten Machtkampf der beiden gr\u00f6\u00dften Seem\u00e4chte Europas, England und Niederlande, im 17. Jahrhundert. Mit Hilfe aufwendiger Computer-Animationen, historischer Dokumente und nachgestellten Szenen rekapituliert die zweiteilige Dokumentation die ganze Dramatik des Kampfes zwischen den gegnerischen Flotten\u201c<\/em> \u2014 Teil 2 befasst sich dann um 21.10 Uhr mit <a href=\"http:\/\/www.phoenix.de\/content\/phoenix\/die_sendungen\/machtkampf_um_die_weltmeere_%282_2%29\/427592?datum=2013-12-26\" target=\"_blank\">\u201eReligion und Politik\u201c<\/a>. <em>\u201eNach der Viertageschlacht auf der Nordsee im Juni 1666 eskaliert der Englisch-Niederl\u00e4ndische Krieg. Die siegreichen Niederl\u00e4nder sehen sich nun als Herrscher der Weltmeere und greifen die britische Flotte immer wieder an. Doch ihre Schiffe sind kleiner und haben weniger Kanonen als die der Engl\u00e4nder. Und als der niederl\u00e4ndische Staatsmann Jan de Witt neue Taktiken ausprobiert und dabei seine Flotte unvorsichtigerweise aufteilt, zieht er in mehreren Seeschlachten den K\u00fcrzeren. Am Ende des Sommers 1666 sind die Flotten beider L\u00e4nder stark dezimiert. Zehntausende Seeleute haben ihr Leben gelassen, aber der Krieg geht mit unverminderter H\u00e4rte weiter.\u201c<\/em> \u2014 Um 22.05 Uhr folgt die Doku <a href=\"http:\/\/www.phoenix.de\/content\/phoenix\/die_sendungen\/mythos_kriegsmarine\/611997?datum=2013-12-26\" target=\"_blank\">\u201eMythos Kriegsmarine\u201c<\/a>. <em>\u201eDie Kriegsmarine hat bei vielen Deutschen bis heute einen guten Ruf. Sie gilt als Retterin von zwei Millionen Fl\u00fcchtlingen aus dem Osten bei Kriegsende und als ritterliche Teilstreitkraft der Wehrmacht, die einen \u201asauberen Krieg\u2018 gef\u00fchrt hat und dem Nationalsozialismus weniger nahe stand als andere Truppenteile. Ein Mythos! Die Dokumentation untersucht, was wahr ist und was Legende. Zum ersten Mal im Deutschen Fernsehen zeichnet sie ein anderes Bild von Hitlers Kriegsmaschine, die wie die anderen Streitkr\u00e4fte Bestandteil nationalsozialistischer Expansionspolitik gewesen ist.\u201c<\/em> \u2014 Um 22.50 Uhr berichtet die Doku <a href=\"http:\/\/www.phoenix.de\/content\/phoenix\/die_sendungen\/gefangen_im_bittersee\/499785?datum=2013-12-26\" target=\"_blank\">\u201eGefangen im Bittersee \u2013 Schiffsfalle Suezkanal\u201c<\/a> von einem wenig beachteten Ereignis w\u00e4hrend der israelisch-arabischen Kriege Ende der 1960er Jahre. <em>\u201eIm Sommer des Jahres 1967 gerieten14 Handelsschiffe im Gro\u00dfen Bittersee mitten im Suezkanal zwischen die Fronten des Sechs-Tage-Krieges. Die Dokumentation erz\u00e4hlt die Geschichte dieser Gefangenen, die aus den unterschiedlichsten Nationen stammten. Mehr als acht Jahre ankerten die Seeleute inmitten des Konfliktes zwischen Israel und seinen Arabischen Nachbarn, bis sie im Mai 1975 in ihre Heimath\u00e4fen zur\u00fcckkehren konnten.\u201c<\/em> \u2014 Zum Abschluss des Themenabends folgt noch eine Doku \u00fcber die <a href=\"http:\/\/www.phoenix.de\/content\/phoenix\/die_sendungen\/dokumentationen\/titanic\/86425?datum=2013-12-26\" target=\"_blank\">\u201eTitanic \u2013 Der Bau des Superschiffes\u201c<\/a>.<\/li>\n<li>Ein opulentes Historiendrama, frei nach historischen Begebenheiten von den K\u00e4mpfen und Intrigen um die Thronfolge Henry II. (1133\u20131189) sendet der <strong>BR<\/strong> um 22.50 Uhr. <a href=\"http:\/\/www.br.de\/fernsehen\/bayerisches-fernsehen\/programmkalender\/sendung694950.html\" target=\"_blank\">\u201eThe Lion in Winter \u2013 Kampf um die Krone des K\u00f6nigs\u201c<\/a> (USA 2003, Regie: Andrej Kontschalowski). Es handelt sich \u00fcbrigens um ein Remake von von \u201eDer L\u00f6we im Winter\u201c aus dem Jahr 1968 mit Peter O&#8217;Toole und Katharine Hepburn in den Hauptrollen. Weitere Infos <a href=\"http:\/\/www.br.de\/fernsehen\/bayerisches-fernsehen\/inhalt\/film-und-serie\/the-lion-in-winter-kampf-um-die-krone-des-koenigs-spielfilm-100.html\" target=\"_blank\">hier<\/a>.<\/li>\n<\/ul>\n<h2>Freitag, 27. Dezember<\/h2>\n<ul>\n<li>\u201eDie Anf\u00e4nge der Menschheit\u201c sind Thema einer dreiteiligen Doku auf <strong>Phoenix<\/strong>. Um 20.15 Uhr geht es <a href=\"http:\/\/www.phoenix.de\/content\/phoenix\/die_sendungen\/die_anfaenge_der_menschheit_%281_3%29\/781261?datum=2013-12-27\" target=\"_blank\">\u201eVom Affen zum Mensch\u201c<\/a>, um 21 Uhr um die <a href=\"http:\/\/www.phoenix.de\/content\/phoenix\/die_sendungen\/die_anfaenge_der_menschheit_%282_3%29\/781269?datum=2013-12-27\" target=\"_blank\">\u201eFamilienbande\u201c<\/a> und um 21.55 Uhr hei\u00dft es <a href=\"http:\/\/www.phoenix.de\/content\/phoenix\/die_sendungen\/die_anfaenge_der_menschheit_%283_3%29\/781275?datum=2013-12-27\" target=\"_blank\">\u201eHomo sapiens, der letzte seiner Art\u201c<\/a>.<\/li>\n<\/ul>\n","protected":false},"excerpt":{"rendered":"<p>Geschichtesfernsehen in der Weihnachtswoche bedeutet u. a. einige Historienfilme, Dokus \u00fcber die Geschichte (Alt)\u00c4gyptens und den Anf\u00e4ngen der Menschheit:<\/p>\n","protected":false},"author":10,"featured_media":0,"comment_status":"open","ping_status":"open","sticky":false,"template":"","format":"standard","meta":{"footnotes":""},"categories":[4,8],"tags":[],"class_list":["post-3027","post","type-post","status-publish","format-standard","hentry","category-geschichte-im-fernsehen","category-history-tv"],"aioseo_notices":[],"_links":{"self":[{"href":"http:\/\/historikerkraus.de\/blog\/wp-json\/wp\/v2\/posts\/3027","targetHints":{"allow":["GET"]}}],"collection":[{"href":"http:\/\/historikerkraus.de\/blog\/wp-json\/wp\/v2\/posts"}],"about":[{"href":"http:\/\/historikerkraus.de\/blog\/wp-json\/wp\/v2\/types\/post"}],"author":[{"embeddable":true,"href":"http:\/\/historikerkraus.de\/blog\/wp-json\/wp\/v2\/users\/10"}],"replies":[{"embeddable":true,"href":"http:\/\/historikerkraus.de\/blog\/wp-json\/wp\/v2\/comments?post=3027"}],"version-history":[{"count":2,"href":"http:\/\/historikerkraus.de\/blog\/wp-json\/wp\/v2\/posts\/3027\/revisions"}],"predecessor-version":[{"id":3029,"href":"http:\/\/historikerkraus.de\/blog\/wp-json\/wp\/v2\/posts\/3027\/revisions\/3029"}],"wp:attachment":[{"href":"http:\/\/historikerkraus.de\/blog\/wp-json\/wp\/v2\/media?parent=3027"}],"wp:term":[{"taxonomy":"category","embeddable":true,"href":"http:\/\/historikerkraus.de\/blog\/wp-json\/wp\/v2\/categories?post=3027"},{"taxonomy":"post_tag","embeddable":true,"href":"http:\/\/historikerkraus.de\/blog\/wp-json\/wp\/v2\/tags?post=3027"}],"curies":[{"name":"wp","href":"https:\/\/api.w.org\/{rel}","templated":true}]}}