{"id":3018,"date":"2013-12-14T12:51:52","date_gmt":"2013-12-14T10:51:52","guid":{"rendered":"http:\/\/historikerkraus.de\/blog\/?p=3018"},"modified":"2013-12-14T12:57:25","modified_gmt":"2013-12-14T10:57:25","slug":"tv-vorschau-14-20-dezember-2013-teil-1","status":"publish","type":"post","link":"http:\/\/historikerkraus.de\/blog\/2013\/12\/14\/tv-vorschau-14-20-dezember-2013-teil-1\/","title":{"rendered":"TV-Vorschau 14. \u2013 20. Dezember 2013 (Teil 1)"},"content":{"rendered":"<p>Und hier die Geschichts-TV-Vorschau f\u00fcr die erste H\u00e4lfte der Woche vor Weihnachten. Der zweite Teil folgt am Mittwoch. Neben ganz viel \u201eWilly Brandt\u201c gibt es weitere Beitr\u00e4ge \u00fcber \u201eFrauen, die Geschichte machten\u201c und noch vieles mehr.<!--more--><\/p>\n<h2 style=\"text-align: center;\">Samstag, 14. Dezember<\/h2>\n<ul>\n<li>Auf <a href=\"http:\/\/www.n-tv.de\/mediathek\/tvprogramm\/?date=2013-12-14\" target=\"_blank\"><strong>N-TV<\/strong><\/a> gibt es wieder zwei Beitr\u00e4ge aus der Reihe \u201eDie Nazi-J\u00e4ger\u201c. Um 20.05 Uhr geht es um Josef Mengele, um 21.05 Uhr um Kurt Lischka. Um 22.05 Uhr folgt die Doku \u201eHitler: Chronologie des B\u00f6sen\u201c. <em>\u201eAm 30. April 1945 beging Adolf Hitler in seinem Berliner Bunker Selbstmord. Zw\u00f6lf Jahre lang hatte er das deutsche Volk regiert und in einen schrecklichen Vernichtungskrieg gef\u00fchrt. Die bisher bekannten Filmaufnahmen zeigen den Schreckensherrscher jedoch lediglich in schwarz-wei\u00df \u2013 und vermitteln damit einen blassen Eindruck des Mannes, der Millionen Menschen das Leben kostete. Mittels aufwendiger Nachkolorierungstechnik ist es nun gelungen, den Schwarz-Wei\u00df-Aufnahmen Farbe zu geben. Anhand von Tageb\u00fcchern, Briefen und bislang ungesehenem Filmmaterial rekonstruiert die Dokumentation, wie es ein Mann schaffte, die Bev\u00f6lkerung derart in seinen Bann zu ziehen und seine menschenverachtenden Visionen zu verwirklichen.\u201c<\/em><\/li>\n<li>Auf <strong>Phoenix<\/strong> l\u00e4uft um 20.15 Uhr die Doku <a href=\"http:\/\/www.phoenix.de\/content\/phoenix\/die_sendungen\/hitlers_kinder\/418630?datum=2013-12-14\" target=\"_blank\">\u201eHitlers Kinder \u2013 Jugendliche im NS-Staat\u201c<\/a>. Im Anschluss folgt um 21 Uhr der Beitrag <a href=\"http:\/\/www.phoenix.de\/content\/phoenix\/die_sendungen\/maedchen_fuer_hitler_bdm\/417176?datum=2013-12-14\" target=\"_blank\">\u201eM\u00e4dchen f\u00fcr Hitler \u2013 BDM\u201c<\/a>. \u2014 Um 21.45 Uhr gibt es noch einmal die ZDF-History-Doku <a href=\"http:\/\/www.phoenix.de\/content\/phoenix\/die_sendungen\/zdf_history:_unsere_besten_frauen_die_geschichte_machten\/781495?datum=2013-12-14\" target=\"_blank\">\u201eUnsere Besten \u2013 Frauen, die Geschichte machten\u201c<\/a>.<\/li>\n<li>Der dritte Teil des Vierteilers <a href=\"http:\/\/www.br.de\/fernsehen\/br-alpha\/programmkalender\/sendung693244.html\" target=\"_blank\">\u201eMarco Polo\u201c<\/a> l\u00e4uft auf <strong>BR-alpha<\/strong> um 20.15 Uhr.<\/li>\n<li><strong>Arte<\/strong> besch\u00e4ftigt sich um 20.15 Uhr mit der griechischen Antike und ihrem ber\u00fchmtesten Bauwerk. <a href=\"http:\/\/www.arte.tv\/guide\/de\/035976-000\/der-parthenon\" target=\"_blank\">\u201eDer Parthenon\u201c<\/a> <em>\u201egilt seit fast 2.500 Jahren als Inbegriff der Sch\u00f6nheit und Perfektion. Er wurde auf der Athener Akropolis zu Ehren der Stadtg\u00f6ttin Pallas Athene als Dank f\u00fcr die Rettung Athens vor den Persern errichtet. Im Laufe seiner Geschichte wurde das Geb\u00e4ude beschossen, in Flammen gesetzt, von Erdbeben ersch\u00fcttert, seiner Skulpturen beraubt und durch katastrophale Renovierungen entstellt. Ein Team von Architekten und Restauratoren wird dieses einmalige Bauwerk retten. Doch dazu muss es zun\u00e4chst einige R\u00e4tsel l\u00f6sen. Wie gelang es den alten Griechen, innerhalb von weniger als neun Jahren ein Bauwerk derartigen Ausma\u00dfes mit millimetergenauer Pr\u00e4zision zu errichten? Welche Techniken und Werkzeuge setzten sie ein? Die Suche nach Antworten auf diese Fragen f\u00fchrt an die Wiege der europ\u00e4ischen Kultur und in die Entstehungszeit von Mathematik, Philosophie, Trag\u00f6die und Demokratie.\u201c<\/em><\/li>\n<li>Das Leben Katharinas der Gro\u00dfen wird heute Abend in einem zweiteiligen Historiendrama (BRD\/USA 1995, Regie: Marvin J. Chomsky) auf <strong>ZDF_neo<\/strong> pr\u00e4sentiert. Um 21.55 Uhr geht es los mit <a href=\"http:\/\/www.zdf.de\/ZDF\/zdfportal\/programdata\/bb825f94-27ad-3a77-bc21-5ac98b92a103\/20244754?doDispatch=1\" target=\"_blank\">\u201eDer Kampf um die Krone\u201c<\/a>, um 23.25 Uhr folgt <a href=\"http:\/\/www.zdf.de\/ZDF\/zdfportal\/programdata\/bb825f94-27ad-3a77-bc21-5ac98b92a103\/20244755?doDispatch=1\" target=\"_blank\">\u201eZwischen Pflicht und Leidenschaft\u201c<\/a>. <em>\u201eKatharina die Gro\u00dfe, 1729 in Stettin geboren, gestorben am 17. November 1796 in Zarskoje Selo hie\u00df eigentlich Sophie Friederike Auguste. Unter der Regentschaft der deutschen Prinzessin als Zarin stieg Russland im 18. Jahrhundert zur europ\u00e4ischen Gro\u00dfmacht auf. Hoch gebildet im Geiste der Aufkl\u00e4rung, regte Katharina nach ihrem Regierungsantritt zun\u00e4chst einige Reformen an, hielt aber an der \u00fcberkommenen Sozialordnung inklusive der Leibeigenschaft fest. Vor allem vergr\u00f6\u00dferte Katharina das russische Territorium und verschob es mit den polnischen Teilungen Richtung Westen.\u201c<\/em><\/li>\n<\/ul>\n<h2 style=\"text-align: center;\">Sonntag, 15. Dezember<\/h2>\n<ul>\n<li>Um 19.30 Uhr geht es im <strong>ZDF<\/strong> weiter mit \u201eFrauen, die Geschichte machten\u201c. Diesmal steht <a href=\"http:\/\/frauendergeschichte.zdf.de\/ZDF\/zdfportal\/programdata\/9152bde8-54da-4f6d-8ee0-535137fbaf67\/20245861?doDispatch=1\" target=\"_blank\">\u201eK\u00f6nigin Luise \u2013 Die preu\u00dfische Madonna\u201c<\/a> im Mittelpunkt. \u2014 Und um 23.55 Uhr pr\u00e4sentiert ZDF-History aus der Reihe \u201eKanzler der Deutschen\u201c den Beitrag <a href=\"http:\/\/history.zdf.de\/ZDF\/zdfportal\/programdata\/c5479add-a5dd-35ff-99cf-ca2843da6ec4\/20252348?doDispatch=1\" target=\"_blank\">\u201eHundert Jahre Willy Brandt\u201c<\/a>. <em>\u201eAm 18. Dezember 2013 w\u00e4re er 100 Jahre alt geworden, der Bundeskanzler, der keine f\u00fcnf Jahre regierte und dennoch das Bild der Bonner Republik entscheidend gepr\u00e4gt hat, der wie keiner vor und nach ihm geliebt und zugleich gehasst wurde, der die \u00d6ffentlichkeit begeisterte und zugleich polarisierte.\u201c<\/em><\/li>\n<li>Der \u201eIndex\u201c ist sprichw\u00f6rtlich. Was darauf steht, ist verboten, nicht frei zug\u00e4nglich. Urspr\u00fcnglich handelt es sich dabei um \u201eDie schwarze Liste des Vatikan\u201c. <em>\u201e\u00dcber Jahrhunderte hinweg beanspruchte die katholische Kirche die Deutungsmacht \u00fcber die Ordnung der Welt. Sie lie\u00df neues Gedankengut, neue wissenschaftliche Erkenntnisse zu oder \u00e4chtete sie. Sie entschied \u00fcber Richtig und Falsch, erlaubte Fortschritt oder versuchte, ihn zu verhindern. [\u2026] Der Vatikan erfand deswegen den Index, die Liste der verbotenen B\u00fccher. Wer sie trotzdem las, dem drohte die ewige Verdammnis. Von nun an tobte ein Machtkampf um die Seele des Menschen und die Ordnung der Welt. Es war auch eine Propagandaschlacht, die im Lauf der Geschichte ihresgleichen sucht. Aber auch innerhalb des Vatikan wurde um den richtigen Weg gerungen. Es gab heftige Diskussionen darum, welches Buch verboten werden sollte und welches nicht. Das ZDF stellt sich mit \u201aIndex \u2013 Die schwarze Liste des Vatikan\u2018 in zwei Folgen einer journalistischen Herausforderung. Die \u00d6ffnung der geheimen Archive der Inquisition und Indexkongregation im Jahr 1998 erm\u00f6glicht erstmals den Zugang zu bisher unbekannten Schaupl\u00e4tzen und unver\u00f6ffentlichten Akten. Die zweiteilige Fernsehdokumentation rollt die wichtigsten geheimen Prozesse auf, die im Kampf um das Seelenheil der Menschheit gef\u00fchrt wurden. Immer wieder geht es um entscheidende Wendepunkte in der Geschichte, deren Diskussion bis heute nicht an Brisanz verloren hat.\u201c<\/em> <a href=\"http:\/\/www.phoenix.de\/content\/phoenix\/die_sendungen\/index_%281_2%29\/265991?datum=2013-12-15\" target=\"_blank\">Teil 1<\/a> auf <strong>Phoenix<\/strong> um 20.15 Uhr, <a>Teil 2<\/a> um 21 Uhr. \u2014 Um 21.45 Uhr gibt es einen Beitrag zum Thema Kulturraub in \u00c4gypten: <a href=\"http:\/\/www.phoenix.de\/content\/phoenix\/die_sendungen\/ausverkauf_am_nil\/781474?datum=2013-12-15\" target=\"_blank\">\u201eAusverkauf am Nil \u2013 Grabr\u00e4uber zerst\u00f6ren \u00c4gyptens Weltkultur\u201c<\/a>.<em> *\u201eEin Gr\u00e4berfeld bei Beni Suef, knapp hundert Kilometer s\u00fcdlich von Kairo. Bekannt ist die Region f\u00fcr gut erhaltene Grabst\u00e4tten aus dem sp\u00e4ten Reich der Pharaonen. Doch heute sieht der Friedhof aus wie ein Schweizer K\u00e4se, Hunderte von L\u00f6chern haben die Anlage durchsiebt. Grabr\u00e4uber auf der Suche nach Altert\u00fcmern haben die bis zu 5000 Jahre alten Gr\u00e4ber gesch\u00e4ndet. Die Lage in \u00c4gypten hat sich derart verschlechtert, dass die Menschen mittlerweileversuchen, alles zu Geld zu machen.\u201c<\/em><\/li>\n<li>Willy Brandt, der am 18. Dezember 100 Jahre alt geworden w\u00e4re, steht im Mittelpunkt des Abendprogramms auf <strong>tagesschau 24<\/strong>. Um 20.15 Uhr gibt es ein Portr\u00e4t des Politikers aus der Reihe <a href=\"http:\/\/programm.tagesschau24.de\/tv\/Berliner-Legenden\/2013-12-15\/eid_2872111183491010\" target=\"_blank\">\u201eBerliner Legenden\u201c<\/a>. <em>\u201eWohl kaum ein deutscher Politiker der Nachkriegszeit hat so polarisiert wie Willy Brandt. Von den einen verehrt und geliebt, von den anderen geschm\u00e4ht und verdammt. F\u00fcr die einen ist er ein Menschenfreund, f\u00fcr die anderen ein \u201aVaterlandsverr\u00e4ter\u2018. Er wird als Friedensbringer bejubelt und verd\u00e4chtigt, ein Kalter Krieger zu sein. Regierender B\u00fcrgermeister, Bundesau\u00dfenminister, Bundeskanzler, Friedensnobelpreistr\u00e4ger. Willy Brandt ist einer der bekanntesten deutschen Politiker \u00fcberhaupt.\u201c<\/em> \u2014 Einen tieferen Blick in das Leben Brandts wirft dann die Doku <a href=\"http:\/\/programm.tagesschau24.de\/tv\/Der-Kniefall-des-Kanzlers\/2013-12-15\/eid_2872111183492185\" target=\"_blank\">\u201eDer Kniefall des Kanzlers \u2013 Die zwei Leben des Willy Brandt\u201c<\/a> um 21.02 Uhr. Im Mittelpunkt stehen seine problematische Kindheit und sein erstes Leben als Herbert Frahm. <em>\u201eDer renommierte Psychoanalytiker G\u00fcnter Seidler untersucht, wie Willy Brandts bewegte, vaterlose Kindheit und seine Flucht vor den Nazis ins norwegische Exil ihn als Politiker und Mensch in seinem zweiten Leben gepr\u00e4gt haben. Dabei entsteht ein Psychogramm, das Brandt in seiner ganzen Ambivalenz \u2013 von uneingeschr\u00e4nkter Jovialit\u00e4t bis zur absoluten Verschlossenheit \u2013 zeigt. Offen erz\u00e4hlt Peter Brandt vom privaten Willy Brandt und gew\u00e4hrt dabei tiefe Einblicke in das Familienleben und das zeitlebens k\u00fchle Verh\u00e4ltnis zu seinem Vater. Die Vers\u00f6hnung, nach der Willy Brandt politisch strebte, r\u00fcckte privat in immer weitere Ferne, gipfelte sogar in der faktischen Enterbung der Kinder in seinem Testament.\u201c<\/em> Die Doku wird in den kommenden Tagen auf anderen Sendern mehrfach wiederholt.<\/li>\n<li>Um 21.45 Uhr wiederholt <strong>BR-alpha<\/strong> die dritte Folge der <a href=\"http:\/\/www.br.de\/fernsehen\/br-alpha\/programmkalender\/sendung693342.html\" target=\"_blank\">Marco-Polo-Serie<\/a>. \u2014 Um 23.15 Uhr folgt das \u201eInterview mit der Geschichte\u201c, das diesmal mit <a href=\"http:\/\/www.br.de\/fernsehen\/br-alpha\/programmkalender\/sendung693344.html\" target=\"_blank\">\u201eFerdinand Lasalle\u201c<\/a> gef\u00fchrt wird. \u2014 Und um 23.50 Uhr folgt noch ein Beitrag \u00fcber den fr\u00fcheren SPD-Vorsitzenden <a href=\"http:\/\/www.br.de\/fernsehen\/br-alpha\/programmkalender\/sendung693346.html\" target=\"_blank\">\u201eErich Ollenhauer (1901\u20131963)\u201c<\/a>.<\/li>\n<\/ul>\n<h2 style=\"text-align: center;\">Montag, 16. Dezember<\/h2>\n<ul>\n<li>Im kommenden Sommer j\u00e4hrt sich der Beginn des Ersten Weltkriegs zum 100. Mal. <strong>Phoenix<\/strong> zeigt heute Abend hierzu die dreiteilige Doku \u201eWeltenbrand\u201c. Teil 1 <a href=\"http:\/\/www.phoenix.de\/content\/phoenix\/die_sendungen\/dokumentationen\/weltenbrand_%281_3%29\/555126?datum=2013-12-16\" target=\"_blank\">\u201eS\u00fcndenfall\u201c<\/a> beginnt um 20.15 Uhr. <em>\u201eKaum jemand dachte an den Ausbruch eines gro\u00dfen Krieges, als die Welt am 28. Juni 1914 von der Ermordung der \u00f6sterreichisch-ungarischen Thronfolgers Franz Ferdinand in Sarajewo erfuhr. Doch als vier Wochen nach dem Attentat \u00d6sterreich-Ungarn Serbien den Krieg erkl\u00e4rte, l\u00f6ste dies eine Kettenreaktion aus. Am Ende standen ganz Europa und die Welt in Flammen.\u201c<\/em> \u2014 Teil 2 <a href=\"http:\/\/www.phoenix.de\/content\/phoenix\/die_sendungen\/dokumentationen\/weltenbrand_%282_3%29\/555132?datum=2013-12-16\" target=\"_blank\">\u201eFegefeuer\u201c<\/a> folgt um 20.45 Uhr. \u2014 Die Folge <a href=\"http:\/\/www.phoenix.de\/content\/phoenix\/die_sendungen\/weltenbrand_%283_3%29\/556455?datum=2013-12-16\" target=\"_blank\">\u201eV\u00f6lkerschlacht\u201c<\/a> beschlie\u00dft um 21.30 Uhr die Reihe.<\/li>\n<li>Eine Bilderreise durch die Geschichte Russlands unternimmt der <a href=\"http:\/\/www.wdr.de\/programmvorschau\/suche.html?medium=F&amp;sender=10&amp;datum=2013-12-16&amp;zeit=1900-2400\" target=\"_blank\"><strong>WDR<\/strong><\/a>. Um 22 Uhr geht es nach Moskau und um 22.45 Uhr nach St. Petersburg (einst Leningrad).<\/li>\n<li>In der Reihe \u201eUnsere Geschichte\u201c portr\u00e4tiert der <strong>NDR<\/strong> um 22.45 Uhr <a href=\"http:\/\/www.ndr.de\/fernsehen\/epg\/epg1157_sid-1453456.html\" target=\"_blank\">\u201eWilly Brandt\u201c<\/a> \u2013 und zeigt im Anschluss das zweiteilige Politdrama \u201eIm Schatten der Macht\u201c (BRD 2003, Regie: Oliver Storz) \u00fcber die letzten Tage der Kanzlerschaft Willy Brandts. <a href=\"http:\/\/www.ndr.de\/fernsehen\/epg\/epg1157_sid-1453457.html\" target=\"_blank\">Teil 1<\/a> um 23.30 Uhr, <a href=\"http:\/\/www.ndr.de\/fernsehen\/epg\/epg1157_sid-1453462.html\" target=\"_blank\">Teil 2<\/a> um 1 Uhr.<\/li>\n<li><a href=\"http:\/\/www.mdr.de\/tv\/programm\/sendung336492.html\" target=\"_blank\">\u201eDie Flucht\u201c<\/a> Teil 2 l\u00e4uft im <strong>MDR<\/strong> um 22.50 Uhr.<\/li>\n<\/ul>\n<h2 style=\"text-align: center;\">Dienstag, 17. Dezember<\/h2>\n<ul>\n<li>Auch <a href=\"http:\/\/frauendergeschichte.zdf.de\/ZDF\/zdfportal\/programdata\/9152bde8-54da-4f6d-8ee0-535137fbaf67\/20245926?doDispatch=1\" target=\"_blank\">\u201eSophie Scholl\u201c<\/a> geh\u00f6rt zu den \u201eFrauen, die Geschichte machten\u201c und beendet um 20.15 Uhr im <strong>ZDF<\/strong> damit die Reihe.<\/li>\n<li><a href=\"http:\/\/www.3sat.de\/programm\/?viewlong=viewlong&amp;d=20131217&amp;dayID=ClnDaN17&amp;cx=83#border1800\" target=\"_blank\"><strong>3sat<\/strong><\/a> beginnt heute um 20.15 Uhr mit dem ersten Teil des dreiteiligen Doku-Dramas \u201eKrupp \u2013 Eine deutsche Familie\u201c (BRD 2009, Regie: Carlo Rola) \u00fcber die einstmals m\u00e4chtigste deutsche Industriellenfamilie. <em>\u201eDas historische Drama, das einen Zeitraum von 1900 bis 1967 umspannt, verbindet packende Emotionalit\u00e4t mit authentischer Geschichtsdarstellung. Die Familiengeschichte, von der Glanzzeit bis zum Niedergang der Firma und der Familie Krupp, wird in gro\u00dfen, chronologisch geordneten R\u00fcckblenden erz\u00e4hlt. Der Film konzentriert sich dabei auf die beiden wichtigsten Gestalten der Krupp-Dynastie im 20. Jahrhundert, Bertha Krupp und ihren Sohn Alfried, gespielt von Iris Berben und Benjamin Sadler.\u201c<\/em><\/li>\n<li>In der Reihe \u201eGeheimnisvolle Orte\u201c blickt <strong>RBB<\/strong> diesmal auf <a href=\"http:\/\/www.rbb-online.de\/fernsehen\/programm\/17_12_2013\/11187746638.html\" target=\"_blank\">\u201eDie Sch\u00f6nhauser Allee\u201c<\/a> (20.15 Uhr). \u2014 Und um 21 Uhr geht es um <a href=\"http:\/\/www.rbb-online.de\/fernsehen\/programm\/17_12_2013\/11187746864.html\" target=\"_blank\">\u201eWilly Brandt &#8211; Die Berliner Jahre\u201c<\/a>.<\/li>\n<li>In einer filmischen Zeitreise f\u00fchrt der <strong>HR<\/strong> seine Zuschauer um 21 Uhr in die Vergangenheit und zeigt das Leben der Menschen am Fluss Main. <em>\u201eDer Main &#8211; eine flie\u00dfende Grenze aus Wasser, die von F\u00e4hrleuten und Schiffern, Schwimmern und Bootsfahrern belebt wurde. Die Enkel der Fischer und Schiffer spielen alte Szenen nach aus den vergangenen hundert Jahren, rudern mit uralten Booten, fahren Wasserski wie anno dazumal, versuchen Mainfische zu r\u00e4uchern. [\u2026] Doch der historische Ausflug in das Leben am Fluss zeigt auch die beschwerlichen Seiten: Im Winter war der Main oft zugefroren. Die Fischer mussten dann raus und ihre Boote mit \u00c4xten und Beilen eisfrei halten, damit sie nicht zerdr\u00fcckt werden. Gef\u00e4hrlich war der Eisgang, immer wieder gab es Tote. Man lebte am Main, auf dem Main und vom Main.\u201c \u2014\u2013<\/em> <a href=\"http:\/\/www.hr-online.de\/website\/fernsehen\/sendungen\/programm_popup.jsp?key=hr-fernsehen_2013-12-17&amp;row=38\" target=\"_blank\">\u201eDamals am Fluss\u201c<\/a> hei\u00dft die Sendung.<\/li>\n<li><a href=\"http:\/\/www.br.de\/fernsehen\/br-alpha\/programmkalender\/sendung693532.html\" target=\"_blank\">\u201eDie Heimkehrer\u201c<\/a> sind Thema der heutigen Folge von \u201eMythen \u2013 Michael K\u00f6hlmeier erz\u00e4hlt Sagen des klassischen Altertums\u201c auf <strong>BR-alpha<\/strong> um 22.45 Uhr.<\/li>\n<li>Der sp\u00e4te Abend und die Nacht in der <strong>ARD<\/strong> geh\u00f6ren heute Willy Brandt. Um 22.45 Uhr l\u00e4uft die biographische Doku <a href=\"http:\/\/programm.daserste.de\/pages\/programm\/detail.aspx?id=78296EBE2733DBE33C68EDEABC8A3883\" target=\"_blank\">\u201eWilly Brandt\u201c<\/a>, an die sich ab 0.35 Uhr <a href=\"http:\/\/programm.daserste.de\/pages\/programm\/detail.aspx?id=2427951440A4CAC82F4FA9EC40CED044\" target=\"_blank\">\u201eDie lange Willy Brandt Nacht\u201c<\/a> anschlie\u00dft. <em>\u201eJ\u00f6rg Sch\u00f6nenborn pr\u00e4sentiert Sch\u00e4tze aus den Archiven der ARD, die das politische Wirken und die menschliche Seite von Willy Brandt zeigen. Die Jahre im skandinavischen Exil werden von dem norwegischen Brandt-Biografen Einhart Lorenz eingeordnet.\u201c<\/em><\/li>\n<li><em>\u201eZu Beginn des 20. Jahrhunderts verlie\u00dfen sechs junge M\u00e4nner, die aus dem gleichen Viertel Budapests stammten und die gleiche Schule besucht hatten, ihre Heimat. Sie alle verschlug es auf der Flucht vor Diktatur und Totalitarismus ins Exil, und sie alle wurden gro\u00dfe Pers\u00f6nlichkeiten.\u201c<\/em> Die Biografien dieser M\u00e4nner zeigt <strong>Arte<\/strong> in der Doku <a href=\"http:\/\/www.arte.tv\/guide\/de\/047430-000\/der-kampf-um-die-freiheit\" target=\"_blank\">\u201eDer Kampf um die Freiheit. Sechs Freunde und ihre Mission \u2013 Von Budapest nach Manhattan\u201c<\/a> um 23.45 Uhr.<\/li>\n<\/ul>\n","protected":false},"excerpt":{"rendered":"<p>Und hier die Geschichts-TV-Vorschau f\u00fcr die erste H\u00e4lfte der Woche vor Weihnachten. Der zweite Teil folgt am Mittwoch. Neben ganz viel \u201eWilly Brandt\u201c gibt es weitere Beitr\u00e4ge \u00fcber \u201eFrauen, die Geschichte machten\u201c und noch vieles mehr.<\/p>\n","protected":false},"author":10,"featured_media":0,"comment_status":"open","ping_status":"open","sticky":false,"template":"","format":"standard","meta":{"footnotes":""},"categories":[4,8],"tags":[],"class_list":["post-3018","post","type-post","status-publish","format-standard","hentry","category-geschichte-im-fernsehen","category-history-tv"],"aioseo_notices":[],"_links":{"self":[{"href":"http:\/\/historikerkraus.de\/blog\/wp-json\/wp\/v2\/posts\/3018","targetHints":{"allow":["GET"]}}],"collection":[{"href":"http:\/\/historikerkraus.de\/blog\/wp-json\/wp\/v2\/posts"}],"about":[{"href":"http:\/\/historikerkraus.de\/blog\/wp-json\/wp\/v2\/types\/post"}],"author":[{"embeddable":true,"href":"http:\/\/historikerkraus.de\/blog\/wp-json\/wp\/v2\/users\/10"}],"replies":[{"embeddable":true,"href":"http:\/\/historikerkraus.de\/blog\/wp-json\/wp\/v2\/comments?post=3018"}],"version-history":[{"count":4,"href":"http:\/\/historikerkraus.de\/blog\/wp-json\/wp\/v2\/posts\/3018\/revisions"}],"predecessor-version":[{"id":3023,"href":"http:\/\/historikerkraus.de\/blog\/wp-json\/wp\/v2\/posts\/3018\/revisions\/3023"}],"wp:attachment":[{"href":"http:\/\/historikerkraus.de\/blog\/wp-json\/wp\/v2\/media?parent=3018"}],"wp:term":[{"taxonomy":"category","embeddable":true,"href":"http:\/\/historikerkraus.de\/blog\/wp-json\/wp\/v2\/categories?post=3018"},{"taxonomy":"post_tag","embeddable":true,"href":"http:\/\/historikerkraus.de\/blog\/wp-json\/wp\/v2\/tags?post=3018"}],"curies":[{"name":"wp","href":"https:\/\/api.w.org\/{rel}","templated":true}]}}