{"id":3010,"date":"2013-12-04T17:23:25","date_gmt":"2013-12-04T15:23:25","guid":{"rendered":"http:\/\/historikerkraus.de\/blog\/?p=3010"},"modified":"2013-12-04T17:25:33","modified_gmt":"2013-12-04T15:25:33","slug":"tv-vorschau-30-november-6-dezember-2013-teil-2","status":"publish","type":"post","link":"http:\/\/historikerkraus.de\/blog\/2013\/12\/04\/tv-vorschau-30-november-6-dezember-2013-teil-2\/","title":{"rendered":"TV-Vorschau 30. November \u2013 6. Dezember 2013 (Teil 2)"},"content":{"rendered":"<p>Heute folgt der zweite Teil der Vorschau auf die Geschichtssendungen dieser Woche, u. a. mit zwei interessanten biografischen Beitr\u00e4gen \u00fcber den spanischen Maler Goya und \u00fcber Dostojewski.<!--more--><\/p>\n<h2 style=\"text-align: center;\">Mittwoch, 4. Dezember<\/h2>\n<ul>\n<li><em>\u201eIn der neuen Reihe \u201aHausbesuch\u2018 wird die Geschichte eines bedeutenden Geb\u00e4udes und der Alltag seiner heutigen Bewohner erz\u00e4hlt.\u201c<\/em> Thema heute ist <a href=\"http:\/\/www.ndr.de\/fernsehen\/epg\/epg1157_sid-1451332.html\" target=\"_blank\">\u201eDer Harmshof im Alten Land\u201c<\/a> (<strong>NDR<\/strong>, 21 Uhr). Das Alte Land ist das <em>\u201egr\u00f6\u00dfte zusammenh\u00e4ngende Obstanbaugebiet Nordeuropas. Dort lebt der 53-j\u00e4hrige Apfelbauer Heinrich St\u00f6lken mit seiner Familie auf einem prachtvollen Altl\u00e4nder Hof, der komplett unter Denkmalschutz steht. [\u2026] Der Zuschauer geht auf eine unterhaltsame Zeitreise in die Geschichte des Hofes und der Region.\u201c<\/em><\/li>\n<\/ul>\n<h2 style=\"text-align: center;\">Donnerstag, 5. Dezember<\/h2>\n<ul>\n<li><strong>Arte<\/strong> erz\u00e4hlt in einer siebenteiligen Dokureihe das Leben und Wirken Fjodor Dostojewskis. Heute laufen die ersten drei Teile. <a href=\"http:\/\/www.arte.tv\/guide\/de\/048736-001\/dostojewski-1-7\" target=\"_blank\">Teil 1<\/a> um 20.15 Uhr, <a href=\"http:\/\/www.arte.tv\/guide\/de\/048736-002\/dostojewski-2-7\" target=\"_blank\">Teil 2<\/a> um 21.15 Uhr und <a href=\"http:\/\/www.arte.tv\/guide\/de\/048736-003\/dostojewski-3-7\" target=\"_blank\">Teil 3<\/a> um 22.10 Uhr. Je zwei weitere Folgen laufen an den kommenden beiden Donnerstagen.<\/li>\n<li><em>\u201eFrancisco Jos\u00e9 de Goya y Lucientes, Hofmaler der katholischen Majest\u00e4ten Karl IV. und Maria Luisa von Spanien, ist ein wohlhabender und angesehener Mann geworden und gilt zu Recht als bedeutender K\u00fcnstler. Seine Werke zieren die Schl\u00f6sser und Galerien der reichsten Familien Spaniens. Aber Goya ist ein Mann des Volkes und der Widerspruch zwischen K\u00f6nigstreue und Volksverbundenheit, in dem er steht, beunruhigt ihn zunehmend. [\u2026] Lion Feuchtwangers weltber\u00fchmter Roman &#8222;Goya oder Der arge Weg der Erkenntnis&#8220; bildete die Vorlage f\u00fcr diesen beeindruckenden Film von Konrad Wolf. Sein Lebensbild des spanischen Malers Goya ist keine der \u00fcblichen K\u00fcnstlerbiografien, obwohl reich an Schauwerten und durchaus publikumswirksam, sondern er schildert einleuchtend die historische Situation, in der Goya lebte und arbeitete und analysiert auf intelligente Weise die Wandlung des erfolgreichen Malers vom h\u00f6fischen Karrieristen zum engagierten Moralisten.\u201c\u00a0<\/em>\u2013 <a href=\"http:\/\/www.mdr.de\/tv\/programm\/sendung333808.html\" target=\"_blank\">\u201eGoya\u201c<\/a> (DDR, UdSSR 1971, Regie: Konrad Wolf) im <strong>MDR<\/strong> um 23.50 Uhr.<\/li>\n<\/ul>\n<h2 style=\"text-align: center;\">Freitag, 6. Dezember<\/h2>\n<ul>\n<li>In der dreiteiligen Dokureihe \u201eAls der Osten noch Heimat war\u201c werden auf <strong>Phoenix<\/strong> die ehemaligen deutschen Ostgebiete vorgestellt. Um 20.15 Uhr geht es los mit einem Beitrag \u00fcber <a href=\"http:\/\/www.phoenix.de\/content\/phoenix\/die_sendungen\/dokumentationen\/als_der_osten_noch_heimat_war_%281_3%29\/282524?datum=2013-12-06\" target=\"_blank\">\u201ePommern\u201c<\/a>, <a href=\"http:\/\/www.phoenix.de\/content\/phoenix\/die_sendungen\/als_der_osten_noch_heimat_war_%282_3%29\/282641?datum=2013-12-06\" target=\"_blank\">\u201eSchlesien\u201c<\/a> folgt um 21 Uhr und <a href=\"http:\/\/www.phoenix.de\/content\/phoenix\/die_sendungen\/als_der_osten_noch_heimat_war_%283_3%29\/282645?datum=2013-12-06\" target=\"_blank\">\u201eWestpreu\u00dfen\u201c<\/a> beschlie\u00dft die kleine Reihe um 21.45 Uhr.<\/li>\n<li>Um 23.15 Uhr erinnert der <a href=\"http:\/\/www.wdr.de\/programmvorschau\/suche.html?medium=F&amp;sender=10&amp;datum=2013-12-06&amp;zeit=1900-2400\" target=\"_blank\"><strong>WDR<\/strong><\/a> an \u201eStra\u00dfenfeger \u2013 Die erfolgreichsten Unterhaltungsshows.\u201c <em>\u201eAlle Fernsehzuschauer kennen sie, die meisten lieben sie: Kulenkampff, Frankenfeld, Gottschalk und von der Lippe, die Meister der Fernsehunterhaltung. Mit ihren Shows haben sie Millionen von Zuschauern samstags vor den Bildschirm gebannt \u2013 Stra\u00dfenfeger eben. [\u2026] Mit Ausschnitten aus den gro\u00dfen Unterhaltungsshows tauchen wir ein in die Fernsehwelt der vergangenen sechs Jahrzehnte mit dem ganz pers\u00f6nlichen Blick der gro\u00dfen Stars J\u00fcrgen von der Lippe, Bastian Pastewka, Frank Elstner, Eckart von Hirschhausen, G\u00f6tz Alsmann und Ingrid Steeger.\u201c<\/em><\/li>\n<\/ul>\n","protected":false},"excerpt":{"rendered":"<p>Heute folgt der zweite Teil der Vorschau auf die Geschichtssendungen dieser Woche, u. a. mit zwei interessanten biografischen Beitr\u00e4gen \u00fcber den spanischen Maler Goya und \u00fcber Dostojewski.<\/p>\n","protected":false},"author":10,"featured_media":0,"comment_status":"open","ping_status":"open","sticky":false,"template":"","format":"standard","meta":{"footnotes":""},"categories":[4,8],"tags":[],"class_list":["post-3010","post","type-post","status-publish","format-standard","hentry","category-geschichte-im-fernsehen","category-history-tv"],"aioseo_notices":[],"_links":{"self":[{"href":"http:\/\/historikerkraus.de\/blog\/wp-json\/wp\/v2\/posts\/3010","targetHints":{"allow":["GET"]}}],"collection":[{"href":"http:\/\/historikerkraus.de\/blog\/wp-json\/wp\/v2\/posts"}],"about":[{"href":"http:\/\/historikerkraus.de\/blog\/wp-json\/wp\/v2\/types\/post"}],"author":[{"embeddable":true,"href":"http:\/\/historikerkraus.de\/blog\/wp-json\/wp\/v2\/users\/10"}],"replies":[{"embeddable":true,"href":"http:\/\/historikerkraus.de\/blog\/wp-json\/wp\/v2\/comments?post=3010"}],"version-history":[{"count":3,"href":"http:\/\/historikerkraus.de\/blog\/wp-json\/wp\/v2\/posts\/3010\/revisions"}],"predecessor-version":[{"id":3014,"href":"http:\/\/historikerkraus.de\/blog\/wp-json\/wp\/v2\/posts\/3010\/revisions\/3014"}],"wp:attachment":[{"href":"http:\/\/historikerkraus.de\/blog\/wp-json\/wp\/v2\/media?parent=3010"}],"wp:term":[{"taxonomy":"category","embeddable":true,"href":"http:\/\/historikerkraus.de\/blog\/wp-json\/wp\/v2\/categories?post=3010"},{"taxonomy":"post_tag","embeddable":true,"href":"http:\/\/historikerkraus.de\/blog\/wp-json\/wp\/v2\/tags?post=3010"}],"curies":[{"name":"wp","href":"https:\/\/api.w.org\/{rel}","templated":true}]}}