{"id":3001,"date":"2013-11-23T16:19:59","date_gmt":"2013-11-23T14:19:59","guid":{"rendered":"http:\/\/historikerkraus.de\/blog\/?p=3001"},"modified":"2013-11-23T16:26:53","modified_gmt":"2013-11-23T14:26:53","slug":"tv-vorschau-23-29-november-2013","status":"publish","type":"post","link":"http:\/\/historikerkraus.de\/blog\/2013\/11\/23\/tv-vorschau-23-29-november-2013\/","title":{"rendered":"TV-Vorschau 23. \u2013 29. November 2013"},"content":{"rendered":"<p>Hier wieder der Blick auf die Geschichtssendungen des deutschen Fernsehens in der kommenden Woche. Unter anderem sind dabei diverse Beitr\u00e4ge zu gro\u00dfen Frauengestalten in der Geschichte, das \u201eImperium der P\u00e4pste\u201c und eine Doku \u00fcber die Rolle der Polizei in Nazi-Deutschland:<!--more--><\/p>\n<h2 style=\"text-align: center;\">Samstag, 23. November<\/h2>\n<ul>\n<li><a href=\"http:\/\/www.n-tv.de\/mediathek\/tvprogramm\/?date=2013-11-23\" target=\"_blank\"><strong>N-TV<\/strong><\/a> beginnt den Fernsehabend mit zwei Gladiatoren-Dokus. Um 20.05 Uhr geht es um \u201cLeben zwischen Triumph und Tod\u201d und um 21.05 Uhr um die \u201cHelden der Arena\u201d. Um 22.05 Uhr beleuchtet eine Doku \u201cWettk\u00e4mpfe im Alten China\u201d. <em>\u201cIm alten China gab es bereits vor den Olympischen Spielen Sportwettk\u00e4mpfe, die die Menschen begeisterten. Wenig ist dar\u00fcber bislang bekannt. Welche Rolle spielten Kampfsportarten bei den Wettk\u00e4mpfen? Die Dokumentation reist zur\u00fcck und berichtet von einer erstaunlichen sportlichen Welt, die fast in Vergessenheit geraten ist.\u201d<\/em><\/li>\n<li>Die 2. Staffel der <a href=\"http:\/\/www.zdf.de\/ZDF\/zdfportal\/programdata\/3c44b863-6ce3-4a58-9d4f-dfa595050837\/20237400?doDispatch=1\" target=\"_blank\">Borgia-Serie<\/a> lief in den vergangenen Wochen schon auf verschiedenen Kan\u00e4len. Diesmal ist es <strong>ZDF_neo<\/strong>, das heute die ersten drei Folgen zeigt. <a href=\"http:\/\/www.zdf.de\/ZDF\/zdfportal\/programdata\/3c44b863-6ce3-4a58-9d4f-dfa595050837\/20237398\" target=\"_blank\">Folge 1<\/a> um 20.15 Uhr, <a href=\"http:\/\/www.zdf.de\/ZDF\/zdfportal\/programdata\/3c44b863-6ce3-4a58-9d4f-dfa595050837\/20237399\" target=\"_blank\">Folge 2<\/a> um 21.55 Uhr und <a href=\"http:\/\/www.zdf.de\/ZDF\/zdfportal\/programdata\/3c44b863-6ce3-4a58-9d4f-dfa595050837\/20237400\" target=\"_blank\">Folge 3<\/a> um 23.35 Uhr. Die weiteren drei Folgen sind am 30. November 2013 ab 20.15 Uhr zu sehen.<\/li>\n<li>Auf <strong>Phoenix<\/strong> sind die Portr\u00e4ts zweier bedeutender mittelalterlicher Frauengestalten zu sehen. Um 20.15 Uhr wird <a href=\"http:\/\/www.phoenix.de\/content\/phoenix\/die_sendungen\/kaiserin_adelheid\/455594?datum=2013-11-23\" target=\"_blank\">\u201cKaiserin Adelheid \u2013 Die m\u00e4chtigste Frau der Ottonen\u201d<\/a> vorgestellt. Im Anschluss folgt um 21 Uhr die Geschichte der <a href=\"http:\/\/www.phoenix.de\/content\/phoenix\/die_sendungen\/mathilde_von_quedlinburg\/763680?datum=2013-11-23\" target=\"_blank\">\u201cMathilde von Quedlinburg \u2013 Vom M\u00e4dchen zur Machtfrau\u201d<\/a>.<\/li>\n<li>Auch <strong>Arte<\/strong> widmet den Fernsehabend bedeutenden \u201cFrauen, die Geschichte machten\u201d. Es laufen die ersten drei von sechs Teilen. Um 20.15 Uhr ist es die franz\u00f6sische Nationalheilige <a href=\"http:\/\/www.arte.tv\/guide\/de\/047859-002\/frauen-die-geschichte-machten-1-6\" target=\"_blank\">Jeanne d&#8217;Arc<\/a>, die vorgestellt wird. <a href=\"http:\/\/www.arte.tv\/guide\/de\/047859-005\/frauen-die-geschichte-machten-2-6\" target=\"_blank\">\u201cK\u00f6nigin Luise\u201d<\/a> von Preu\u00dfen folgt um 21.05 Uhr. Und <a href=\"http:\/\/www.arte.tv\/guide\/de\/047859-006\/frauen-die-geschichte-machten-3-6\" target=\"_blank\">\u201cSophie Scholl\u201d<\/a> beendet f\u00fcr heute den Themenabend.<\/li>\n<li>Die beiden letzten Teile der Doku-Reihe \u201cSchatten des Todes \u2013 Die Geschichte der Seuchen\u201d laufen auf <strong>BR-alpha<\/strong>. Um 21 Uhr geht es um die <a href=\"http:\/\/www.br.de\/fernsehen\/br-alpha\/programmkalender\/sendung678734.html\" target=\"_blank\">\u201cVergiftete Pfeile Amors \u2013 Aids und Syphilis\u201d<\/a> und um 21.30 Uhr um <a href=\"http:\/\/www.br.de\/fernsehen\/br-alpha\/programmkalender\/sendung678736.html\" target=\"_blank\">\u201cRaffinierte Verwandlungsk\u00fcnstler \u2013 Grippeviren\u201d<\/a>. \u2014 Wie schon in der vergangenen Woche so gibt es auch heute eine Doku zum Tod von John F. Kennedy. Um 22.30 Uhr gibt es eine Diskussionsrunde zum Thema <a href=\"http:\/\/www.br.de\/fernsehen\/br-alpha\/programmkalender\/sendung-433482.html\" target=\"_blank\">\u201cFaszination JFK &#8211; 50 Jahre nach den Sch\u00fcssen auf JFK\u201d<\/a>. Es handelt sich um eine Aufzeichnung aus dem Funkhaus des Bayerischen Rundfunks vom 14. November 2013.<\/li>\n<\/ul>\n<h2 style=\"text-align: center;\">Sonntag, 24. November<\/h2>\n<ul>\n<li>Die <a href=\"http:\/\/www.phoenix.de\/content\/phoenix\/die_sendungen\/giganten_der_gotik\/454503?datum=2013-11-24\" target=\"_blank\">\u201cGiganten der Gotik \u2013 Wie die Kathedralen in den Himmel wuchsen\u201d<\/a> stellt <strong>Phoenix<\/strong> um 20.15 Uhr in einer Doku vor. <em>\u201cDie spannende und aufwendig ausgestattete Dokumentation \u2018Giganten der Gotik\u2019 f\u00fchrt mit zahlreichen Spielszenen und beeindruckenden Computeranimationen mitten hinein in diese faszinierende Epoche des Mittelalters \u2013 eine Zeitreise zur\u00fcck zu Menschen, die sich trotz aller \u00e4u\u00dferen Unterschiede von uns heute kaum unterschieden, voller \u00c4ngste und Hoffnungen, Sehns\u00fcchte und Tr\u00e4ume. Eine Reise zur\u00fcck in unsere gemeinsame europ\u00e4ische Vergangenheit.\u201d<\/em><\/li>\n<li>Im heutigen \u201cInterview mit der Geschichte\u201d geht es um 23.30 Uhr auf <strong>BR-alpha<\/strong> um <a href=\"http:\/\/www.br.de\/fernsehen\/br-alpha\/programmkalender\/sendung678834.html\" target=\"_blank\">\u201cQueen Victoria\u201d<\/a>.<\/li>\n<li>Ebenfalls um 23.30 Uhr zeigt <strong>ZDF<\/strong>-History <a href=\"http:\/\/history.zdf.de\/ZDF\/zdfportal\/programdata\/c5479add-a5dd-35ff-99cf-ca2843da6ec4\/20238133?doDispatch=1\" target=\"_blank\">\u201cDie gr\u00f6\u00dften Abenteurer der Geschichte\u201d<\/a>. <em>\u201cSie entdecken unbekannte Welten, \u00fcberwinden Ozeane im Faltboot oder riskieren ihr Leben im ewigen Eis: Der Wagemut der gro\u00dfen Abenteurer der Geschichte befeuerte stets die Phantasie der Zeitgenossen. Nicht wenige Gl\u00fccksritter zahlten den h\u00f6chsten Preis, viele verschwanden spurlos. Doch auch denen, die nicht zur\u00fcckkehrten, winkte bleibender Ruhm \u2013 \u00fcber den Tod hinaus.\u201d<\/em><\/li>\n<\/ul>\n<h2 style=\"text-align: center;\">Montag, 25. November<\/h2>\n<ul>\n<li><a href=\"http:\/\/www.arte.tv\/guide\/de\/039901-000\/die-wohnung\" target=\"_blank\">\u201cDie Wohnung\u201d<\/a> offenbart Familiengeheimnisse und bringt einen unglaublichen Ausschnitt deutsch-israelischer Geschichte zu Tage. <em>\u201cDie Gro\u00dfeltern des israelischen Dokumentarfilmers Arnon Goldfinger sind vor dem Holocaust aus Deutschland nach Israel geflohen. Nach dem Tod der Gro\u00dfmutter l\u00f6st Arnon Goldfinger gemeinsam mit seiner Mutter die Wohnung der Gro\u00dfeltern in Tel Aviv auf, in der Gerda Tuchler mit ihrem Mann Kurt gelebt hat. [\u2026] Die j\u00fcdischen Gro\u00dfeltern des Filmemachers pflegten eine Freundschaft mit der Familie eines SS-Offiziers. Dieser Scherge Hitlers, Leopold von Mildenstein, war einst Vorgesetzter Adolf Eichmanns. Und selbst nach Ende des Krieges bestand der Kontakt zwischen Kurt Tuchler in Israel und von Mildenstein in Deutschland weiter.\u201d<\/em> (<strong>Arte<\/strong>, 21.50 Uhr)<\/li>\n<\/ul>\n<h2 style=\"text-align: center;\">Dienstag, 26. November<\/h2>\n<ul>\n<li><strong>Phoenix<\/strong> zeigt heute die ersten zwei Folgen der dreiteiligen Doku \u201cImperium der P\u00e4pste\u201d. <a href=\"http:\/\/www.phoenix.de\/content\/phoenix\/die_sendungen\/imperium_der_paepste_%281_3%29\/213529?datum=2013-11-26\" target=\"_blank\">\u201cDuell zwischen Kreuz und Krone\u201d<\/a> l\u00e4uft um 20.15 Uhr und die <a href=\"http:\/\/www.phoenix.de\/content\/phoenix\/die_sendungen\/imperium_der_paepste_%282_3%29\/214610?datum=2013-11-26\" target=\"_blank\">\u201cVerschw\u00f6rung im Vatikan\u201d<\/a> um 21 Uhr.<\/li>\n<li><a href=\"http:\/\/www.mdr.de\/tv\/programm\/sendung329382.html\" target=\"_blank\">\u201cDas Barocke Universum von Gotha\u201d<\/a> hei\u00dft die Doku um 20.45 Uhr im <strong>MDR<\/strong>. <em>\u201cAls Herzog Ernst der Fromme Schloss Friedenstein in Gotha Mitte des 17. Jahrhunderts bauen lie\u00df, hatte er zweierlei im Sinn: eine Unterkunft f\u00fcr sich und seinen Hofstaat, Repr\u00e4sentations- und Regierungsr\u00e4ume unter einem Dach, Stationierungsort f\u00fcrs Milit\u00e4r, Bibliothek und Kirche und vor allem: gen\u00fcgend Platz f\u00fcr seine Kunstsammlungen. Im Laufe der Jahre sammelte und gestaltete er ein \u2018Barockes Universum\u2019. Doch was steckt hinter diesem Begriff? Dr. Martin Eberle, der Direktor der Stiftung Schloss Friedenstein, f\u00fchrt die Zuschauer mitten hindurch.\u201d<\/em> \u2014 Und um 21.15 Uhr folgt noch <a href=\"http:\/\/www.mdr.de\/tv\/programm\/sendung329384.html\" target=\"_blank\">\u201cGeschichte Mitteldeutschlands \u2013 Das Magazin\u201d<\/a>.<\/li>\n<li>Die <a href=\"http:\/\/www.br.de\/fernsehen\/br-alpha\/programmkalender\/sendung679026.html\" target=\"_blank\">\u201cOdyssee\u201d<\/a> ist Thema der Reihe \u201cMythen\u201d auf <strong>BR-alpha<\/strong> um 22.45 Uhr. <em>\u201cDie griechischen Mythen, das sind Geschichten von Liebe, Mord und Eifersucht. Michael K\u00f6hlmeier schildert sie in der 80-teiligen Sendereihe so eindrucksvoll, dass pl\u00f6tzlich all die G\u00f6tter, Halbg\u00f6tter, Kentauren und Titanen von ihrem Olymp herunter- oder aus ihrer Unterwelt emporsteigen und zu Gestalten voller Leben, Gef\u00fchl und Seele werden.\u201d<\/em><\/li>\n<li>Im Film <a href=\"http:\/\/www.rbb-online.de\/doku\/k-l\/kirche-pop-sozialismus.html\" target=\"_blank\">\u201cKirche, Pop und Sozialismus\u201d<\/a> geht es um das Verh\u00e4ltnis von Popmusik und Kirche, die in der DDR auf vielf\u00e4ltige Weise miteinander verflochten waren. <em>\u201cDoch in welchem Ma\u00dfe und mit welcher Wirkung Jazz, Blues, Rock oder Punk die Gottesh\u00e4user bev\u00f6lkerten, ist kaum bekannt.\u201d<\/em> (<strong>RBB<\/strong>, 22.45 Uhr).<\/li>\n<\/ul>\n<h2 style=\"text-align: center;\">Mittwoch, 27. November<\/h2>\n<ul>\n<li><a href=\"http:\/\/www.3sat.de\/page\/?source=\/dokumentationen\/173399\/index.html\" target=\"_blank\">\u201cDas Steinzeitr\u00e4tsel\u201d<\/a> besch\u00e4ftigt die <strong>3sat<\/strong>-Zuschauer ab 20.15 Uhr. <em>\u201cMegalithen sind jene Bauwerke der Vorgeschichte, die aus riesigen Steinbl\u00f6cken errichtet wurden &#8211; sie geh\u00f6ren zu den gr\u00f6\u00dften R\u00e4tseln der Menschheit. Wie diese Monumente gebaut wurden und welchem Zweck sie dienten kann bis heute nicht eindeutig beantwortet werden. Gewiss ist nur, dass die Anzahl dieser steinernen R\u00e4tsel alleine in Europa auf \u00fcber 40.000 beziffert wird und dass sich vergleichbare Bauwerke auch in Asien, Afrika und Amerika befinden. Auffallend ist, dass die heutige Wissenschaft \u00fcber die Motivation zum Bauen und \u00fcber die Methoden der Megalitherbauer kaum Arbeiten anzubieten hat.\u201d<\/em><\/li>\n<li><strong>Phoenix<\/strong> beendet die Doku-Reihe \u201cImperium der P\u00e4pste\u201d mit der dritten Folge um 20.15 Uhr: <a href=\"http:\/\/www.phoenix.de\/content\/phoenix\/die_sendungen\/imperium_der_paepste_%283_3%29\/214991?datum=2013-11-27\" target=\"_blank\">\u201cFlammen \u00fcber Rom\u201d<\/a>.<\/li>\n<li>\u201cDie Spur der Sch\u00e4tze\u201d offenbart um 21.15 Uhr im <strong>MDR<\/strong> <a href=\"http:\/\/www.mdr.de\/tv\/programm\/sendung330382.html\" target=\"_blank\">\u201cDas Geheimnis der Grafen vom Falkenstein\u201d<\/a>. Es geht um einen Familienschatz, der 1945 vor den herannahenden Amerikanern u. a. auf der Burg Falkenstein versteckt hatten.<\/li>\n<li><a href=\"http:\/\/www.br.de\/fernsehen\/bayerisches-fernsehen\/programmkalender\/sendung-398632.html\" target=\"_blank\">\u201cHitlers Menschenh\u00e4ndler\u201d<\/a> behandelten Juden als Austauschware. <em>\u201cDie Dokumentation von Stefan Aust, Thomas Ammann und Caroline Schmidt erz\u00e4hlt die Geschichte jener Menschen, die nur deshalb \u00fcberlebten, weil sie f\u00fcr die Nazis lebendig n\u00fctzlicher waren als tot. Sie alle waren in das Konzentrationslager Bergen-Belsen in der L\u00fcneburger Heide verschleppt worden, das im m\u00f6rderischen KZ-System der Nazis eine besondere Funktion hatte. Es diente als Auffanglager f\u00fcr die Austauschkandidaten.\u201d<\/em> (<strong>BR<\/strong>, 22 Uhr).<\/li>\n<\/ul>\n<h2 style=\"text-align: center;\">Donnerstag, 28. November<\/h2>\n<ul>\n<li>Die zweiteilige Doku \u201eHitlers Polizei\u201c l\u00e4uft auf <strong>Phoenix<\/strong>. Um 20.15 Uhr Teil 1 <a href=\"http:\/\/www.phoenix.de\/content\/phoenix\/die_sendungen\/hitlers_polizei_%281_2%29\/770659?datum=2013-11-28\" target=\"_blank\">\u201eOrdnung und Terror 1933 \u2013 1939\u201c<\/a>, Teil 2 <a href=\"http:\/\/www.phoenix.de\/content\/phoenix\/die_sendungen\/hitlers_polizei_%282_2%29\/770667?datum=2013-11-28\" target=\"_blank\">\u201eOrdnung und Vernichtung 1939 bis 1945\u201c<\/a> um 21 Uhr.<\/li>\n<li><a href=\"http:\/\/www.br.de\/fernsehen\/bayerisches-fernsehen\/programmkalender\/sendung-398716.html\" target=\"_blank\">\u201eDie Nacht der Zeitzeugen\u201c<\/a> des <strong>BR<\/strong> beginnt um 23.15 Uhr. <em>\u201cSeit f\u00fcnf Jahren laden das Bayerische Fernsehen und das M\u00fcnchner Volkstheater die letzten \u00dcberlebenden der Shoa zur \u201aNacht der Zeitzeugen\u2018 nach M\u00fcnchen ein. Jedes Jahr verl\u00e4sst ein tief ber\u00fchrtes Publikum das M\u00fcnchner Volkstheater. Jedes Jahr wird klar, dass wir alles daf\u00fcr tun m\u00fcssen, den letzten \u00dcberlebenden der Verfolgung Geh\u00f6r zu verschaffen. In diesem Jahr bildet \u201aKindheit und Jugend im Holocaust\u2018 den thematischen Schwerpunkt der \u201aNacht der Zeitzeugen\u2018.\u201c<\/em><\/li>\n<\/ul>\n<h2 style=\"text-align: center;\">Freitag, 29. November<\/h2>\n<ul>\n<li>Zum Abschluss der Woche gibt es im <a href=\"http:\/\/www.wdr.de\/programmvorschau\/suche.html?medium=F&amp;sender=10&amp;datum=2013-11-29&amp;zeit=1900-2400\" target=\"_blank\"><strong>WDR<\/strong><\/a> noch einen einen R\u00fcckblick in die Fernsehgeschichte: \u201eStra\u00dfenfeger \u2013 Die erfolgreichsten Fernsehserien\u201c (23.15 Uhr).<\/li>\n<\/ul>\n","protected":false},"excerpt":{"rendered":"<p>Hier wieder der Blick auf die Geschichtssendungen des deutschen Fernsehens in der kommenden Woche. Unter anderem sind dabei diverse Beitr\u00e4ge zu gro\u00dfen Frauengestalten in der Geschichte, das \u201eImperium der P\u00e4pste\u201c und eine Doku \u00fcber die Rolle der Polizei in Nazi-Deutschland:<\/p>\n","protected":false},"author":10,"featured_media":0,"comment_status":"open","ping_status":"open","sticky":false,"template":"","format":"standard","meta":{"footnotes":""},"categories":[4,8],"tags":[],"class_list":["post-3001","post","type-post","status-publish","format-standard","hentry","category-geschichte-im-fernsehen","category-history-tv"],"aioseo_notices":[],"_links":{"self":[{"href":"http:\/\/historikerkraus.de\/blog\/wp-json\/wp\/v2\/posts\/3001","targetHints":{"allow":["GET"]}}],"collection":[{"href":"http:\/\/historikerkraus.de\/blog\/wp-json\/wp\/v2\/posts"}],"about":[{"href":"http:\/\/historikerkraus.de\/blog\/wp-json\/wp\/v2\/types\/post"}],"author":[{"embeddable":true,"href":"http:\/\/historikerkraus.de\/blog\/wp-json\/wp\/v2\/users\/10"}],"replies":[{"embeddable":true,"href":"http:\/\/historikerkraus.de\/blog\/wp-json\/wp\/v2\/comments?post=3001"}],"version-history":[{"count":3,"href":"http:\/\/historikerkraus.de\/blog\/wp-json\/wp\/v2\/posts\/3001\/revisions"}],"predecessor-version":[{"id":3005,"href":"http:\/\/historikerkraus.de\/blog\/wp-json\/wp\/v2\/posts\/3001\/revisions\/3005"}],"wp:attachment":[{"href":"http:\/\/historikerkraus.de\/blog\/wp-json\/wp\/v2\/media?parent=3001"}],"wp:term":[{"taxonomy":"category","embeddable":true,"href":"http:\/\/historikerkraus.de\/blog\/wp-json\/wp\/v2\/categories?post=3001"},{"taxonomy":"post_tag","embeddable":true,"href":"http:\/\/historikerkraus.de\/blog\/wp-json\/wp\/v2\/tags?post=3001"}],"curies":[{"name":"wp","href":"https:\/\/api.w.org\/{rel}","templated":true}]}}