{"id":2998,"date":"2013-11-15T17:15:59","date_gmt":"2013-11-15T15:15:59","guid":{"rendered":"http:\/\/historikerkraus.de\/blog\/?p=2998"},"modified":"2013-11-15T17:18:14","modified_gmt":"2013-11-15T15:18:14","slug":"tv-vorschau-16-22-november-2013","status":"publish","type":"post","link":"http:\/\/historikerkraus.de\/blog\/2013\/11\/15\/tv-vorschau-16-22-november-2013\/","title":{"rendered":"TV-Vorschau 16. \u2013 22. November 2013"},"content":{"rendered":"<p>Und hier wieder die Vorschau auf die Geschichtssendungen der kommenden Woche, u. a. mit ganz viel Gedenken an John F. Kennedy:<!--more--><\/p>\n<h2 style=\"text-align: center;\">Samstag, 16. November<\/h2>\n<ul>\n<li>Die <a href=\"http:\/\/www.n-tv.de\/mediathek\/tvprogramm\/?date=2013-11-16\" target=\"_blank\"><strong>N-TV<\/strong><\/a>-Doku \u201eHeinrich VIII. \u2013 Der Tyrannen-K\u00f6nig\u201c er\u00f6ffnet um 20.05 Uhr (zweiter Teil 21.05 Uhr) die heutige Auswahl. <em>\u201eK\u00f6nig Heinrich VIII. galt als schillernder Herrscher Englands. Doch seine Person war voller Widerspr\u00fcche. Vom frommen Hoffnungstr\u00e4ger der Monarchie verwandelte er sich zu einem machthungrigen Tyrannen, der zwei seiner sechs Ehefrauen hinrichten lie\u00df. Seine Gewaltherrschaft war gepr\u00e4gt von sexueller Besessenheit, Machthunger und einem ausschweifenden Lebensstil.\u201c<\/em> \u2014 Um 22.05 Uhr gibt es dann noch den Beitrag \u201eNapoleon: Das Ende einer Herrschaft\u201c. <em>\u201eDie Schlacht bei Waterloo sollte seine letzte sein: Sie besiegelte das Ende der Herrschaft Napoleons. Sein immerw\u00e4hrendes politisches Spiel mit dem Feuer und seine milit\u00e4rischen Geniestreiche machten den kleinen Mann zu einem historischen Giganten. Aber auch seine erste Abdankung, seine Verbannung und seine R\u00fcckkehr erz\u00e4hlen die Geschichte Napoleons. Die n-tv Dokumentation erkundet Napoleons hundertt\u00e4gige Herrschaft, der aus dem Exil floh, nach Paris marschierte und erneut versuchte Europa zu erobern.\u201c<\/em><\/li>\n<li>Die Folgen drei und vier der Doku-Reihe \u201eSchatten des Todes \u2013 Die Geschichte der Seuchen\u201c sind auf <strong>BR-alpha<\/strong> zu sehen. Um 21 Uhr geht es um die <a href=\"http:\/\/www.br.de\/fernsehen\/br-alpha\/programmkalender\/sendung-392378.html\" target=\"_blank\">\u201eGei\u00dfeln der Tropen \u2013 Malaria, Gelbfieber und Dengue\u201c<\/a>. Um 21.30 Uhr wird dann die <a href=\"http:\/\/www.br.de\/fernsehen\/br-alpha\/programmkalender\/sendung-392380.html\" target=\"_blank\">\u201eErfolgsgeschichte Impfung \u2013 Pocken, Polio und Diphterie\u201c<\/a> erz\u00e4hlt.<\/li>\n<li>Auf <strong>Arte<\/strong> hei\u00dft es um 20.15 Uhr <a href=\"http:\/\/www.arte.tv\/guide\/de\/047907-000\/ich-leonardo-da-vinci\" target=\"_blank\">\u201eIch, Leonardo da Vinci\u201c<\/a>. <em>\u201e In seinen privaten Notizb\u00fcchern findet sich eine riesige Sammlung aus Kunst und wissenschaftlichen Entdeckungen. Der Dokumentarfilm gew\u00e4hrt exklusiven Einblick in diese Aufzeichnungen und beleuchtet so Leben und Werk des gro\u00dfen Genies.\u201c<\/em> \u2014 Um 21.45 Uhr geht es dann um <a href=\"http:\/\/www.arte.tv\/guide\/de\/044399-000\/die-welt-des-christoph-kolumbus\" target=\"_blank\">\u201eDie Welt des Christoph Kolumbus\u201c<\/a>. <em>\u201eAls der Seefahrer Christoph Kolumbus bei seinen vier Entdeckungsreisen zwischen 1492 und 1504 viermal auf dasselbe &#8218;Festland&#8216; stie\u00df, ahnte er nicht, dass er aus Sicht der Europ\u00e4er einen neuen Kontinent entdeckt hatte und sich damit die Vorstellung von der Welt f\u00fcr immer ver\u00e4ndern w\u00fcrde. [\u2026] Die Dokumentation verbindet Ausz\u00fcge aus Kolumbus\u2018 Bordtagebuch mit Expertenanalysen und den Einsch\u00e4tzungen eines modernen Seefahrers. Reichhaltiges Bildmaterial und aufwendige 3D-Animationen stellen die verschiedenen Reisewege des Entdeckers anschaulich dar. Computeranimationen erwecken alte Seekarten zum Leben und machen die wissenschaftlichen und erkenntnistheoretischen Ver\u00e4nderungen der damaligen Epoche eindr\u00fccklich nachvollziehbar.\u201c<\/em><\/li>\n<\/ul>\n<h2 style=\"text-align: center;\">Sonntag, 17. November<\/h2>\n<ul>\n<li><strong>Phoenix<\/strong> zeigt die ersten zwei von vier Teilen der Doku \u201eKriegskinder\u201c. <em>\u201eDie vierteilige ARD-Dokumentation l\u00e4sst Menschen zu Wort kommen, deren Kindheit endete, als Hitlers Soldaten in Europa Angst und Schrecken verbreiteten. Sie zeigt den Zweiten Weltkrieg aus dem Blickwinkel von Kindern, die erst viel sp\u00e4ter verstehen, wie die Propaganda sie formte und wie der Krieg ihr Leben bis heute pr\u00e4gt. Unter den Befragten ist Joachim Fuchsberger.\u201c<\/em> Um 20.15 Uhr hei\u00dft es <a href=\"http:\/\/www.phoenix.de\/content\/phoenix\/die_sendungen\/kriegskinder_%281_4%29\/510440?datum=2013-11-17\" target=\"_blank\">\u201eVater muss an die Front\u201c<\/a> und um 21 Uhr <a href=\"http:\/\/www.phoenix.de\/content\/phoenix\/die_sendungen\/kriegskinder_%282_4%29\/510489?datum=2013-11-17\" target=\"_blank\">\u201eMit den Bomben kam die Angst\u201c<\/a> (Fortsetzung morgen).<\/li>\n<li>Das \u201eInterview mit der Geschichte\u201c auf <strong>BR-alpha<\/strong> wird um 23.15 Uhr mit <a href=\"http:\/\/www.br.de\/fernsehen\/br-alpha\/programmkalender\/sendung-392474.html\" target=\"_blank\">\u201eAbraham Lincoln\u201c<\/a> gef\u00fchrt.<\/li>\n<\/ul>\n<h2 style=\"text-align: center;\">Montag, 18. November<\/h2>\n<ul>\n<li><a href=\"http:\/\/www.phoenix.de\/content\/phoenix\/die_sendungen\/kriegskinder_%283_4%29\/510511?datum=2013-11-18\" target=\"_blank\">\u201eMit dem Teddy in die Flucht\u201c<\/a> hei\u00dft die dritte Folge der Reihe \u201eKriegskinder\u201c auf <strong>Phoenix<\/strong> um 20.15 Uhr. \u2014 Die vierte und letzte Folge mit dem Titel <a href=\"http:\/\/www.phoenix.de\/content\/phoenix\/die_sendungen\/kriegskinder_%284_4%29\/510542?datum=2013-11-18\" target=\"_blank\">\u201eVon der Schulbank ins Gefecht\u201c<\/a> l\u00e4uft im Anschluss um 21 Uhr.<\/li>\n<li>Um 23.15 Uhr berichtet der <a href=\"http:\/\/www.wdr.de\/programmvorschau\/suche.html?medium=F&amp;sender=10&amp;datum=2013-11-18&amp;zeit=1900-2400\" target=\"_blank\"><strong>WDR<\/strong><\/a> \u00fcber \u201eRichard Wagner und die Juden\u201c. <em>\u201eRichard Wagner war bekannterma\u00dfen Antisemit und dennoch waren einige seiner eifrigsten Unterst\u00fctzer Juden. Der Dokumentarfilm von Hilan Warshaw zum 200. Geburtstag von Richard Wagner konzentriert sich auf die komplexen pers\u00f6nlichen Beziehungen Wagners zu den Juden und erz\u00e4hlt u.a. die beeindruckenden Geschichten von Hermann Levi und Carl Tausig, die zu seinen engsten Mitarbeitern geh\u00f6rten.\u201c<\/em><\/li>\n<\/ul>\n<h2 style=\"text-align: center;\">Dienstag, 19. November<\/h2>\n<ul>\n<li>\u00dcber zwei \u201eGeheimnisvolle Orte\u201c in der ehemaligen DDR berichtet der <strong>RBB<\/strong>. Um 20.15 Uhr geht es um den <a href=\"http:\/\/www.rbb-online.de\/fernsehen\/programm\/19_11_2013\/10986897917.html\" target=\"_blank\">\u201eVolkspark Friedrichshain \u2013 Mont Klamott\u201c<\/a> und um 21 Uhr um <a href=\"http:\/\/www.rbb-online.de\/fernsehen\/programm\/19_11_2013\/10986897933.html\" target=\"_blank\">\u201eDie Pyramiden vom Treptower Park\u201c<\/a>.<\/li>\n<li>Die zweiteilige Doku \u201eDer geheime Kontinent\u201c l\u00e4uft auf <strong>Phoenix<\/strong>. Sie <em>\u201eerz\u00e4hlt eine legend\u00e4re Geschichte unter ganz neuem Blickwinkel: die Entdeckung Amerikas &#8211; und wie sie die Lebensbedingungen auf der Welt f\u00fcr immer ver\u00e4nderte. Es ist die Geschichte des &#8222;Columbian Exchange&#8220;, des gr\u00f6\u00dften Kulturaustausches der Weltgeschichte durch den Transport von Pflanzen, Tieren, Bakterien, Genen von und nach Amerika.\u201c<\/em> Um 20.15 Uhr geht es los mit der Frage <a href=\"http:\/\/www.phoenix.de\/content\/phoenix\/die_sendungen\/der_geheime_kontinent_%281_2%29\/761780?datum=2013-11-19\" target=\"_blank\">\u201eWas geschah vor Kolumbus?\u201c<\/a>, um 21 Uhr folgt dann <a href=\"http:\/\/www.phoenix.de\/content\/phoenix\/die_sendungen\/der_geheime_kontinent_%282_2%29\/761792?datum=2013-11-19\" target=\"_blank\">\u201eSie kamen \u00fcber das Meer\u201c<\/a>.<\/li>\n<li>Die Ermordung John F. Kennedys steht im Mittelpunkt des <strong>Arte<\/strong>-Programms. Um 20.15 Uhr geht es los mit der Doku <a href=\"http:\/\/www.arte.tv\/guide\/de\/048101-000\/dallas-ein-tag\" target=\"_blank\">\u201eDallas. Ein Tag\u201c<\/a>. <em>\u201eDallas, 22. November 1963: Um 11.33 Uhr landet Air Force One auf dem Milit\u00e4rflughafen. US-Pr\u00e4sident John F. Kennedy betritt mit seiner Frau texanischen Boden. In weniger als einer Stunde wird er tot sein, erschossen am helllichten Tag. ARTE rekonstruiert die Ereignisse anl\u00e4sslich des 50. Todestags.\u201c<\/em> \u2014 Um 21.40 Uhr folgt das Portr\u00e4t seines Nachfolgers im Pr\u00e4sidentenamt <a href=\"http:\/\/www.arte.tv\/guide\/de\/048617-000\/lyndon-b-johnson\" target=\"_blank\">\u201eLyndon B. Johnson\u201c<\/a>, dessen Name und Amtszeit vor allem mit dem Vietnam-Krieg untrennbar verbunden ist.<\/li>\n<li>Der <strong>MDR<\/strong> berichtet um 20.45 Uhr in der Doku <a href=\"http:\/\/www.mdr.de\/tv\/programm\/sendung326776.html\" target=\"_blank\">\u201eWiegenlied in den Tod\u201c<\/a> \u00fcber Himmlers Babylager im Dresdner Norden. Es geht um sog. \u201eAusl\u00e4nderkinderpflegest\u00e4tte\u201c, in denen die Nationalsozialisten Kinder von Zwangsarbeiterinnen \u201averwahrten\u2018. <em>\u201e In Wahrheit waren es verkappte T\u00f6tungsanstalten. 400 gab es davon in Deutschland. Insgesamt starben dort zwischen hundert- und zweihunderttausend Kinder. Das Lager in Dresden war eines der gr\u00f6\u00dferen.\u201c<\/em><\/li>\n<li><a href=\"http:\/\/www.hr-online.de\/website\/fernsehen\/sendungen\/programm_popup.jsp?key=hr-fernsehen_2013-11-19&amp;row=41\" target=\"_blank\">\u201eMit Kennedy durch Deutschland\u201c<\/a> reisen kann mit mit dem <strong>HR<\/strong> um 22.45 Uhr. <em>\u201eDer Kennedy-Besuch im Juni 1963 markiert bis heute einen H\u00f6hepunkt der transatlantischen Partnerschaft zwischen den USA und Deutschland. Kennedy erschien den Deutschen wie eine Lichtgestalt, ein Hoffnungstr\u00e4ger f\u00fcr Alte und Junge. F\u00fcr die einen war er der Garant der Sicherheit vor einer sowjetischen Expansion in Westeuropa, f\u00fcr die anderen verk\u00f6rperte er eine neue Politikergeneration, hob sich ab von den vergreisten Politikern der Bonner Republik. Statt v\u00e4terlicher Autorit\u00e4t brachte der amerikanische Pr\u00e4sident jugendlichen Idealismus mit, statt auf eherne Dogmen setzte er auf mutige Visionen. [\u2026] Auch Kennedy selbst war die einmalige Atmosph\u00e4re seines Deutschlandbesuches wohl bewusst: Bei einem Empfang in Wiesbaden hatte er gesagt: &#8222;Wenn ich einmal das Wei\u00dfe Haus verlasse, dann wird mein Nachfolger einen Brief in meinem Schreibtisch finden mit der Aufschrift \u201aNur in Augenblicken tiefster Depression zu \u00f6ffnen!\u2018 In diesem Brief stehen nur drei Worte: \u201aBesuchen Sie Deutschland!\u2018\u201c<\/em> (Die Doku l\u00e4uft auch am Freitag im WDR).<\/li>\n<li>Der <a href=\"http:\/\/www.br.de\/fernsehen\/br-alpha\/programmkalender\/sendung-392664.html\" target=\"_blank\">\u201eKrieg um Troja\u201c<\/a> ist wohl eine der bekanntesten Mythen des klassischen Altertums, von denen Michael K\u00f6hlmeier auf <strong>BR-alpha<\/strong> wie jeden Dienstag um 22.45 Uhr berichtet.<\/li>\n<\/ul>\n<h2 style=\"text-align: center;\">Mittwoch, 20. November<\/h2>\n<ul>\n<li>\u201eDie Spur der Sch\u00e4tze\u201c f\u00fchr den <strong>MDR<\/strong>-Zuschauer diesmal um 21.15 Uhr zum <a href=\"http:\/\/www.mdr.de\/tv\/programm\/sendung327224.html\" target=\"_blank\">\u201eSchatz von Erfurt\u201c<\/a>. <em>\u201eEr \u00fcberstand Krieg, Revolutionen und Stadtumbauten. Doch nach 649 Jahren \u00f6ffnete sich sein Versteck in der Erde unter Erfurts Altstadt. 1998 holt ein Bagger ein paar alte Becher, Schalen und Kannen ans Licht. Der erste Eindruck der Bauarbeiter: Geschirrteile, ganz h\u00fcbsch bearbeitet, aber sonst? Doch die alten Teile alarmieren die Arch\u00e4ologen. Wieder graben sie im Areal, diesmal ganz gezielt, direkt am Fundort. Und sie finden einen Schatz: 3.141 franz\u00f6sische Silberm\u00fcnzen, 14 Silberbarren, mehr als 700 Goldschmiedearbeiten. Ein Schatz \u2013 fast 30 Kilo schwer.\u201c<\/em><\/li>\n<li><a href=\"http:\/\/www.br.de\/fernsehen\/bayerisches-fernsehen\/programmkalender\/sendung675084.html\" target=\"_blank\">\u201eDas Rote Kreuz im Dritten Reich\u201c<\/a> oder \u201eVom Versagen der Hilfe\u201c ist Gegenstand einer Doku im <strong>BR<\/strong> um 22 Uhr. <em>\u201eNach dem Krieg berief sich das IKRK lange darauf, nur f\u00fcr die Kriegsgefangenen ein v\u00f6lkerrechtliches Mandat gehabt zu haben. Die Dokumentation belegt, wie wenig stichhaltig diese Argumentation ist. Neuere Erkenntnisse der historischen Forschung belegen, dass ein Engagement f\u00fcr die Millionen im deutschen Machtbereich mit dem Tode bedrohten Menschen j\u00fcdischen Glaubens und sogenannter &#8222;j\u00fcdischer Abstammung&#8220; wohl vor allem aus R\u00fccksicht auf die Interessenslage der Schweiz unterblieb. Hinzu kam, dass auch die IKRK-F\u00fchrung nicht frei war von antisemitischen Ressentiments.\u201c<\/em><\/li>\n<\/ul>\n<h2 style=\"text-align: center;\">Donnerstag, 21. November<\/h2>\n<p>Heute leider Fehlanzeige!<\/p>\n<h2 style=\"text-align: center;\">Freitag, 22. November<\/h2>\n<ul>\n<li>Auch heute wieder einige Dokus aus Anlass der Ermordung JF Kennedys. Auf <strong>Phoenix<\/strong> gibt es um 20.15 Uhr zun\u00e4chst den Film <a href=\"http:\/\/www.phoenix.de\/content\/phoenix\/die_sendungen\/kennedy_das_geheimnis_der_letzten_tage\/770651?datum=2013-11-22\" target=\"_blank\">\u201eKennedy \u2013 Das Geheimnis der letzten Tage\u201c<\/a>, der sich um die dunklen Seiten im Leben des glamour\u00f6sen Pr\u00e4sidenten k\u00fcmmert. \u2014 Im Anschluss folgt die Doku <a href=\"http:\/\/www.phoenix.de\/content\/phoenix\/die_sendungen\/kennedys_leibwaechter\/773707?datum=2013-11-22\" target=\"_blank\">\u201eKennedys Leibw\u00e4chter\u201c<\/a>.<\/li>\n<li>Auf <strong>3sat<\/strong> l\u00e4uft der Beitrag <a href=\"http:\/\/www.3sat.de\/page\/?source=\/ard\/dokumentationen\/173340\/index.html\" target=\"_blank\">\u201eLegenden: John F. Kennedy\u201c<\/a> um 20.15 Uhr.<\/li>\n<li>Der <a href=\"http:\/\/www.wdr.de\/programmvorschau\/suche.html?medium=F&amp;sender=10&amp;datum=2013-11-22&amp;zeit=1900-2400\" target=\"_blank\"><strong>WDR<\/strong><\/a> blickt um 20.15 Uhr auf ein besonderes Ereignis der fr\u00fchen 70er Jahre zur\u00fcck: \u201eEs geschah in NRW \u2013 Autofreier Sonntag\u201c. <em>\u201eWegen der anhaltenden \u00d6lkrise wurde am 25.11.1973 zum ersten Mal ein sonnt\u00e4gliches Fahrverbot verh\u00e4ngt. Weitere Sonntagsfahrverbote folgten am 2. und 9. Dezember 1973. [\u2026] Bis zum Sommer 1973 war \u201aEnergiekrise\u2018 ein Fremdwort, ein Liter Benzin kostete an der Tankstelle ganze 75 Pfennig. Dann f\u00fchrte der Yom-Kippur-Krieg im Nahen Osten zum \u00d6lboykott der arabischen L\u00e4nder, und \u00d6l und Benzin wurden auf einmal teure Mangelware.\u201c<\/em> \u2014 Um 23.15 Uhr gibt es dann noch die Doku \u201eMit Kennedy durch Deutschland\u201c, die bereits am Dienstag im HR lief.<\/li>\n<\/ul>\n","protected":false},"excerpt":{"rendered":"<p>Und hier wieder die Vorschau auf die Geschichtssendungen der kommenden Woche, u. a. mit ganz viel Gedenken an John F. Kennedy:<\/p>\n","protected":false},"author":10,"featured_media":0,"comment_status":"open","ping_status":"open","sticky":false,"template":"","format":"standard","meta":{"footnotes":""},"categories":[4,8],"tags":[],"class_list":["post-2998","post","type-post","status-publish","format-standard","hentry","category-geschichte-im-fernsehen","category-history-tv"],"aioseo_notices":[],"_links":{"self":[{"href":"http:\/\/historikerkraus.de\/blog\/wp-json\/wp\/v2\/posts\/2998","targetHints":{"allow":["GET"]}}],"collection":[{"href":"http:\/\/historikerkraus.de\/blog\/wp-json\/wp\/v2\/posts"}],"about":[{"href":"http:\/\/historikerkraus.de\/blog\/wp-json\/wp\/v2\/types\/post"}],"author":[{"embeddable":true,"href":"http:\/\/historikerkraus.de\/blog\/wp-json\/wp\/v2\/users\/10"}],"replies":[{"embeddable":true,"href":"http:\/\/historikerkraus.de\/blog\/wp-json\/wp\/v2\/comments?post=2998"}],"version-history":[{"count":2,"href":"http:\/\/historikerkraus.de\/blog\/wp-json\/wp\/v2\/posts\/2998\/revisions"}],"predecessor-version":[{"id":3000,"href":"http:\/\/historikerkraus.de\/blog\/wp-json\/wp\/v2\/posts\/2998\/revisions\/3000"}],"wp:attachment":[{"href":"http:\/\/historikerkraus.de\/blog\/wp-json\/wp\/v2\/media?parent=2998"}],"wp:term":[{"taxonomy":"category","embeddable":true,"href":"http:\/\/historikerkraus.de\/blog\/wp-json\/wp\/v2\/categories?post=2998"},{"taxonomy":"post_tag","embeddable":true,"href":"http:\/\/historikerkraus.de\/blog\/wp-json\/wp\/v2\/tags?post=2998"}],"curies":[{"name":"wp","href":"https:\/\/api.w.org\/{rel}","templated":true}]}}