{"id":2992,"date":"2013-11-12T17:29:28","date_gmt":"2013-11-12T15:29:28","guid":{"rendered":"http:\/\/historikerkraus.de\/blog\/?p=2992"},"modified":"2013-11-12T17:33:47","modified_gmt":"2013-11-12T15:33:47","slug":"tv-vorschau-13-15-november-2013","status":"publish","type":"post","link":"http:\/\/historikerkraus.de\/blog\/2013\/11\/12\/tv-vorschau-13-15-november-2013\/","title":{"rendered":"TV-Vorschau 13. \u2013 15. November 2013"},"content":{"rendered":"<p>Hier kommt nun der zweite Teil der Wochenvorschau:<!--more--><\/p>\n<h2 style=\"text-align: center;\">Mittwoch, 13. November<\/h2>\n<ul>\n<li>Auf <strong>Phoenix<\/strong> beleuchtet die Doku <a href=\"http:\/\/www.phoenix.de\/content\/phoenix\/die_sendungen\/das_tor_des_drachen\/517973?datum=2013-11-13\" target=\"_blank\">\u201eDas Tor des Drachen\u201c<\/a> Chinas langen Aufbruch in der Geschichte von der Terracotta-Armee des Ersten Kaisers \u00fcber den Bau der Gro\u00dfen Mauer bis zu den kosmopolitischen \u00d6ffnungen zum Westen (20.15 Uhr).<\/li>\n<li>Eine Kulturgeschichte des Sauerkrauts pr\u00e4sentiert <strong>BR-alpha<\/strong> um 20.15 Uhr: <a href=\"http:\/\/www.br.de\/fernsehen\/br-alpha\/programmkalender\/sendung-381690.html\" target=\"_blank\">\u201eGeliebtes Sauerkraut \u2013 Geschichten um ein politisches Gem\u00fcse\u201c<\/a>. <em>\u201eDer Film schildert die Bedeutung des Sauerkrauts in Gegenwart und Vergangenheit. Sogar in Kriegen und Konflikten spielte das Sauerkraut eine interessante Rolle und seine geheimnisvollen Wirkstoffe halfen Schlachten zu gewinnen.\u201c<\/em><\/li>\n<li>Der Kunstfund von M\u00fcnchen geht durch die Medien und r\u00fcckt den nationalsozialistischen Kunstraub und deren Vorstellung von \u201eentarteter\u201c Kunst wieder ins allgemeine Bewusstsein. <strong>3sat<\/strong> sendet hierzu die zweitelige Doku \u201eHitlers Museum\u201c. Teil 1 <a href=\"http:\/\/www.3sat.de\/page\/?source=\/dokumentationen\/173280\/index.html\" target=\"_blank\">\u201eDer Raubzug f\u00fcr den F\u00fchrer\u201c<\/a> l\u00e4uft um 20.15 Uhr, Teil 2 <a href=\"http:\/\/www.3sat.de\/page\/?source=\/dokumentationen\/173281\/index.html\" target=\"_blank\">\u201eDie Jagd nach den Nazi-Sch\u00e4tzen\u201c<\/a> um 21Uhr.<\/li>\n<li>Die <strong>BR<\/strong>-Kurzfilmnacht tr\u00e4gt das Motto <a href=\"http:\/\/www.br.de\/fernsehen\/bayerisches-fernsehen\/programmkalender\/20130313-br-kurzfilmnacht-104.html\" target=\"_blank\">\u201eUnterm Hakenkreuz\u201c<\/a> (23 Uhr). <em>\u201eEin trauriges Ereignis j\u00e4hrt sich 2013 zum 75. Mal. Am 9. November 1938 riefen die Nazis zu Pogromen gegen die j\u00fcdische Bev\u00f6lkerung auf, was sp\u00e4ter als &#8222;Reichspogromnacht&#8220; in die Geschichtsb\u00fccher einging. An diese Zeit erinnert diese BR-Kurzfilmnacht, die anl\u00e4sslich des Internationalen Festivals der Filmhochschulen in M\u00fcnchen gesendet wird. Dass dieses Kapitel deutscher Geschichte auch die Jungen noch immer besch\u00e4ftigt, beweisen die vier Filmemacher mit ihren eindringlichen Arbeiten zum Leben \u201aUnterm Hakenkreuz\u2018. Zwei der Filme kommen von der privaten M\u00fcnchner Filmhochschule Macromedia. F\u00fcr den ersten, frei produzierten Film konnte das engagierte Team sogar den ber\u00fchmten Kameramann Christopher Doyle (In the Mood for Love, Regie: Wong Kar Wai) gewinnen. Der Kurzfilm hatte 2013 bei den Hofer Filmtagen seine Deutschlandpremiere.\u201c<\/em><\/li>\n<\/ul>\n<h2 style=\"text-align: center;\">Donnerstag, 14. November<\/h2>\n<ul>\n<li>Zweimal Arch\u00e4ologie auf <strong>Phoenix<\/strong>. Zun\u00e4chst um 20.15 Uhr der Beitrag <a href=\"http:\/\/www.phoenix.de\/content\/phoenix\/die_sendungen\/dokumentationen\/schliemanns_erben\/76511?datum=2013-11-14\" target=\"_blank\">\u201eDas Geheimnis der W\u00fcstenk\u00f6nige\u201c<\/a> aus der Reihe \u201eSchliemanns Erben\u201c. <em>\u201eSchliemanns Erben versuchen, der Sahara das Geheimnis der Garamanten zu entlocken. Woher kamen die Herren der W\u00fcste? Wie wurden sie so reich? Wie konnten sie in der W\u00fcste \u00fcberleben? Und warum ist ihr K\u00f6nigreich untergegangen?\u201c<\/em> \u2014 Um 21 Uhr folgen <a href=\"http:\/\/www.phoenix.de\/content\/phoenix\/die_sendungen\/dokumentationen\/die_koenige_von_petra\/133730?datum=2013-11-14\" target=\"_blank\">\u201eDie K\u00f6nige von Petra\u201c<\/a>. <em>\u201eUm die Mitte des ersten Jahrtausends v.Chr. tauchte das Volk der Nabat\u00e4er in den Weiten der Arabischen Halbinsel auf. Die einstigen Nomaden wurden durch Karawanenhandel reich. Ihre Felsengr\u00e4ber und Tempel zeugen noch heute von diesem Reichtum sowie von fremden Kultureinfl\u00fcssen.\u201c<\/em><\/li>\n<\/ul>\n<h2 style=\"text-align: center;\">Freitag, 15. November<\/h2>\n<ul>\n<li>Vor 50 Jahren wurde der US-Pr\u00e4sident John F. Kennedy ermordert. F\u00fcnf Jahre sp\u00e4ter musste auch sein j\u00fcngerer Bruder Robert sterben. \u00dcber die Hintergr\u00fcnde dieses Attentags berichtet um 23.15 Uhr die Doku <a href=\"http:\/\/www.wdr.de\/tv\/wdr-dok\/sendungsbeitraege\/2013\/1115\/warum_auch_robert_kennedy_sterben_musste.jsp\" target=\"_blank\">\u201eDer Kennedy-Fluch \u2013 Warum auch Robert Kennedy sterben musste\u201c<\/a> im <strong>WDR<\/strong>. <em>\u201eWie bei vielen politischen Morden gibt es auch in diesem Fall zahlreiche Verschw\u00f6rungstheorien [\u2026]. Der Filmemacher Shane O&#8217;Sullivan geht verschiedenen Spuren nach, versucht, den Tathergang genau zu rekonstruieren, und schafft so ein atemberaubendes wie bedr\u00fcckendes Dokument.\u201c<\/em><\/li>\n<\/ul>\n","protected":false},"excerpt":{"rendered":"<p>Hier kommt nun der zweite Teil der Wochenvorschau:<\/p>\n","protected":false},"author":10,"featured_media":0,"comment_status":"open","ping_status":"open","sticky":false,"template":"","format":"standard","meta":{"footnotes":""},"categories":[4,8],"tags":[],"class_list":["post-2992","post","type-post","status-publish","format-standard","hentry","category-geschichte-im-fernsehen","category-history-tv"],"aioseo_notices":[],"_links":{"self":[{"href":"http:\/\/historikerkraus.de\/blog\/wp-json\/wp\/v2\/posts\/2992","targetHints":{"allow":["GET"]}}],"collection":[{"href":"http:\/\/historikerkraus.de\/blog\/wp-json\/wp\/v2\/posts"}],"about":[{"href":"http:\/\/historikerkraus.de\/blog\/wp-json\/wp\/v2\/types\/post"}],"author":[{"embeddable":true,"href":"http:\/\/historikerkraus.de\/blog\/wp-json\/wp\/v2\/users\/10"}],"replies":[{"embeddable":true,"href":"http:\/\/historikerkraus.de\/blog\/wp-json\/wp\/v2\/comments?post=2992"}],"version-history":[{"count":4,"href":"http:\/\/historikerkraus.de\/blog\/wp-json\/wp\/v2\/posts\/2992\/revisions"}],"predecessor-version":[{"id":2997,"href":"http:\/\/historikerkraus.de\/blog\/wp-json\/wp\/v2\/posts\/2992\/revisions\/2997"}],"wp:attachment":[{"href":"http:\/\/historikerkraus.de\/blog\/wp-json\/wp\/v2\/media?parent=2992"}],"wp:term":[{"taxonomy":"category","embeddable":true,"href":"http:\/\/historikerkraus.de\/blog\/wp-json\/wp\/v2\/categories?post=2992"},{"taxonomy":"post_tag","embeddable":true,"href":"http:\/\/historikerkraus.de\/blog\/wp-json\/wp\/v2\/tags?post=2992"}],"curies":[{"name":"wp","href":"https:\/\/api.w.org\/{rel}","templated":true}]}}