{"id":2989,"date":"2013-11-09T15:23:59","date_gmt":"2013-11-09T13:23:59","guid":{"rendered":"http:\/\/historikerkraus.de\/blog\/?p=2989"},"modified":"2013-11-09T15:29:19","modified_gmt":"2013-11-09T13:29:19","slug":"tv-vorschau-9-12-november-2013","status":"publish","type":"post","link":"http:\/\/historikerkraus.de\/blog\/2013\/11\/09\/tv-vorschau-9-12-november-2013\/","title":{"rendered":"TV-Vorschau 9. \u2013 12. November 2013"},"content":{"rendered":"<p>Die Vorschau auf die Geschichtssendungen im deutschen Fernsehen geht weiter, dieses Mal allerdings in zwei Teilen. Bis Dienstag gibt es einige Beitr\u00e4ge zum Thema 75 Jahre Reichspogromnacht, besonders sei die monumentale Doku \u201eShoah\u201c erw\u00e4hnt. Am Dienstag kommt dann der Blick auf die zweite Wochenh\u00e4lfte.<!--more--><\/p>\n<h2>Samstag, 9. November<\/h2>\n<ul>\n<li><a href=\"http:\/\/www.n-tv.de\/mediathek\/tvprogramm\/?date=2013-11-09\" target=\"_blank\"><strong>N-TV<\/strong><\/a> stellt \u201cDas Nostradamus-Buch\u201d vor (20.05 Uhr und 21.05 Uhr). <em>\u201c1994 stie\u00df eine Journalistin zuf\u00e4llig auf einen sagenhaften Fund &#8211; ein bis dato verloren geglaubtes Manuskript von Nostradamus. Briefe, merkw\u00fcrdige Symbole und bizarre Bilder des Propheten geben R\u00e4tsel auf. Wie gelangte das Buch in die Bibliothek? Warum blieb es \u00fcber 400 Jahre lang unentdeckt? Stimmt es wom\u00f6glich, dass die darin enthaltenen Zukunftsvisionen so be\u00e4ngstigend sind, dass Nostradamus sie absichtlich im Verborgenen hielt?\u201d<\/em> \u2014 Und um 22.05 Uhr folgt die Doku \u201cStalingrad: Was wirklich geschah\u201d. <em>\u201cDer Einmarsch der Deutschen in die ehemalige Sowjetunion 1941 war die gr\u00f6\u00dfte Offensive in der milit\u00e4rischen Vergangenheit. Manche Experten glauben, dass die Schlacht von Stalingrad Anfang 1943 sogar den gesamten Deutsch-Sowjetischen Krieg entschied. Das Wissen \u00fcber diesen Teil des Krieges beruhte bislang allerdings auf deutschen Erinnerungen oder auf Stalins zensierten Aufzeichnungen. Die Dokumentation gr\u00e4bt nun in russischen Archiven nach der Vergangenheit.\u201d<\/em><\/li>\n<li>Mit dem Spielfilm <a href=\"http:\/\/programm.daserste.de\/pages\/programm\/detail.aspx?id=840FB15C00B120A26A5E0AD6AB7A01A5\" target=\"_blank\">\u201cRommel\u201d<\/a> (BRD 2012, Regie: Niki Stein) startet die <strong>ARD<\/strong> um 20.15 Uhr in den Fernsehabend. Anschlie\u00dfend informiert die Doku <a href=\"http:\/\/programm.daserste.de\/pages\/programm\/detail.aspx?id=840FB15C00B120A2642BAA276930AF6E\" target=\"_blank\">\u201cRommel \u2013 Hitlers General\u201d<\/a> \u00fcber die historische Pers\u00f6nlichkeit Erwin Rommel (22.15 Uhr).<\/li>\n<li>Das Drama <a href=\"http:\/\/www.br.de\/fernsehen\/bayerisches-fernsehen\/programmkalender\/sendung683472.html\" target=\"_blank\">\u201cBerlin &#8217;36\u201d<\/a> (BRD 2009, Regie: Kaspar Heidelbach) befasst sich mit der Geschichte der j\u00fcdischen Hochspringerin Gretel Bergmann im deutschen Olympiateam von 1936. Auf internationalen Druck hatten die Nationalsozialisten die Sportlerin ins Team aufgenommen, versuchten dann aber alles, um ihren sportlichen Erfolg zu verhindern (<strong>BR<\/strong>, 20.15 Uhr; weitere Infos zum Film gibt es <a href=\"http:\/\/www.br.de\/fernsehen\/bayerisches-fernsehen\/inhalt\/film-und-serie\/berlin-36-spielfilm-120.html\" target=\"_blank\">hier<\/a>).<\/li>\n<li>Heute ist die sog. Reichsprogromnacht genau 75 Jahre her. <strong>tagesschau 24<\/strong> hat dieses Ereignis heute zum Themenabend gemacht. Um 20.15 Uhr geht es los mit der Doku <a href=\"http:\/\/programm.tagesschau24.de\/tv\/Es-geschah-vor-aller-Augen\/2013-11-09\/eid_2872110971325285\" target=\"_blank\">\u201cEs geschah vor aller Augen \u2013 Die Reichskristallnacht in Bayern\u201d<\/a>. \u2014 Um 21.02 Uhr zeigt der Film <a href=\"http:\/\/programm.tagesschau24.de\/tv\/Es-brennt%2C-Brueder%2C-es-brennt-...\/2013-11-09\/eid_2872110971325475\" target=\"_blank\">\u201cEs brennt, Br\u00fcder, es brennt \u2026\u201d<\/a> <em>\u201cdie systematische Hetz- und Diffamierungskampagne der Nationalsozialisten gegen die Juden. Ursachen und Geschehnisse des Pogroms, genannt \u2018Reichskristallnacht\u2019, werden nicht isoliert dargestellt, sondern als eine Phase der organisierten Judenverfolgung im \u2018Dritten Reich\u2019. Die antisemitische Rassentheorie des Nazismus, ihre \u2018Anwendung\u2019 durch Verordnungen und Gesetze und die Propaganda in Rundfunk, Presse und Film werden vor Augen gef\u00fchrt. Diese Hetze zeichnet ein Zerrbild, um das Judentum zum diskriminieren und es schlie\u00dflich zuzuf\u00fchren, was als \u2018Endl\u00f6sung\u2019 in die Zeitgeschichte eingegangen ist.\u201d<\/em> \u2014 Um 21.30 Uhr berichtet die Doku <a href=\"http:\/\/programm.tagesschau24.de\/tv\/Das-Widerstandsnest\/2013-11-09\/eid_2872110971325481\" target=\"_blank\">\u201cDas Widerstandsnest \u2013 Ein Dorf hilft den Juden\u201d<\/a> von dem Ort Chambon sur Lignon in der s\u00fcdlichen Auvergne. <em>\u201cWer immer in dem von den Nazis besetzten n\u00f6rdlichen Teil Frankreichs oder in dem von P\u00e9tain regierten S\u00fcden auf der Flucht war und auf irgendwelchen Wegen Chambon erreichte, konnte auf Hilfe z\u00e4hlen. Die Einwohner des kleinen Dorfes versteckten Juden in ihren eigenen H\u00e4usern, manchmal Jahre lang, verhalfen ihnen zu Papieren oder schleusten sie \u00fcber die Schweizer Grenze in Sicherheit. In Yad Vas-hem wird das gesamte Dorf zu den Gerechten gez\u00e4hlt und f\u00fcr seinen Mut geehrt.\u201d<\/em> \u2014 Und um 22.15 Uhr berichtet <a href=\"http:\/\/programm.tagesschau24.de\/tv\/Rachel-und-Mich%C3%A8le\/2013-11-09\/eid_2872110971325493\" target=\"_blank\">\u201cRachel und Mich\u00e8le \u2013 Schreiben gegen das Vergessen\u201d<\/a> \u00fcber zwei Frauen in Berlin, die es sich zur Aufgabe gemacht haben, \u00fcber j\u00fcdische Frauen im sog. Dritten Reich zu schreiben und sie so aus der Vergessenheit zu holen.<\/li>\n<li>Das Historiendrama <a href=\"http:\/\/www.einsfestival.de\/sendungen\/sendung.jsp?ID=10970343474\" target=\"_blank\">\u201cUnter Bauern\u201d<\/a> (BRD 2009, Regie: Ludi Boeken) l\u00e4uft um 20.15 Uhr auf <strong>einsfestival<\/strong>. <em>\u201cWestfalen, 1943: Auf der Flucht vor der Deportation m\u00fcssen sich der verarmte j\u00fcdische Pferdebauer Menne Spiegel mit seiner Frau Marga und der Tochter Karin verstecken. Um seine Familie zu retten, bringt ein alter Kriegskamerad Marga und Karin auf seinem Hof unter. Aus der Not heraus trennt sich die Familie. Eine lange Zeit des Wartens in st\u00e4ndiger Angst beginnt.\u201d<\/em><\/li>\n<li><a href=\"http:\/\/www.phoenix.de\/content\/phoenix\/die_sendungen\/hitlers_menschenhaendler\/758297?datum=2013-11-09\" target=\"_blank\">\u201cHitlers Menschenh\u00e4ndler \u2013 Juden als Austauschware\u201d<\/a> ist das Thema auf <strong>Phoenix<\/strong> um 20.15 Uhr. \u2014 Um 21 Uhr werden <a href=\"http:\/\/www.phoenix.de\/content\/phoenix\/die_sendungen\/dokumentationen\/die_schindlers\/117694?datum=2013-11-09\" target=\"_blank\">\u201cDie Schindlers \u2013 Retter mit Diplomaten-Pass\u201d<\/a> portr\u00e4tiert. \u2014 Wie es den Juden in der Nachkriegszeit in der DDR erging, zeigt die Doku <a href=\"http:\/\/www.phoenix.de\/content\/phoenix\/die_sendungen\/zdf_history_spitzel_in_der_synagoge\/284966?datum=2013-11-09\" target=\"_blank\">\u201cSpitzel in der Synagoge \u2013 Die DDR und die Juden\u201d<\/a> aus der ZDF-History-Reihe um 21.45 Uhr. \u2014 Und um 22.30 Uhr zeigt das Doku-Drama <a href=\"http:\/\/www.phoenix.de\/content\/phoenix\/die_sendungen\/versailles_1919_ein_vertrag_und_kein_frieden\/449436?datum=2013-11-09\" target=\"_blank\">\u201cVersailles 1919, ein Vertrag und kein Frieden\u201d<\/a> das Geschehen um das Ende des Ersten Weltkriegs. <em>\u201cDer Dokumentarfilm beruht auf dem Buch &#8222;Paris 1919, Six Months That Changed the World&#8220; von Margaret Macmillan und arbeitet mit Reenactment-Szenen, unver\u00f6ffentlichtem Archivmaterial und Spezialeffekten.\u201d<\/em><\/li>\n<li>Die zweiteilige Doku \u201cErster Weltkrieg: Tod in Tunnels und Sch\u00e4chten\u201d l\u00e4uft heute Abend auf <strong>Arte<\/strong>. Teil 1 <a href=\"http:\/\/www.arte.tv\/guide\/de\/047929-001\/erster-weltkrieg-tod-in-tunnels-und-schachten-1-2\" target=\"_blank\">Die \u201cKilling Fields\u201d<\/a> sind um 20.15 Uhr zu sehen, Teil 2 <a href=\"http:\/\/www.arte.tv\/guide\/de\/047929-002\/erster-weltkrieg-tod-in-tunnels-und-schachten-2-2\" target=\"_blank\">\u201cGipfel und K\u00e4mme beben\u201d<\/a> folgt um 21.05 Uhr. Die Doku berichtet von der arch\u00e4ologischen Erforschung der belgischen Schlachtfelder des Ersten Weltkriegs. <em>\u201cDie Sch\u00fctzengr\u00e4ben des Ersten Weltkrieges wurden versch\u00fcttet und nahmen ihre tragischen Geschichten mit unter die Erde. Ein Jahrhundert sp\u00e4ter rekonstruieren Arch\u00e4ologen in Belgien den Kriegsalltag in einem Netz aus schlammigen Tunnels und Sch\u00e4chten, das das ganze Schlachtfeld unterirdisch durchzog. Der zweite Teil zeigt, wie das Grabungsteam in einem gefluteten Stollen nach \u00dcberresten des unterirdischen Schlachtfelds sucht, auf dem innerhalb einer Nacht 19 Minen unter den deutschen Stellungen gesprengt wurden und als Folge einer gigantischen Explosion binnen Sekunden 10.000 deutsche Soldaten starben.\u201d<\/em><\/li>\n<li><strong>BR-alpha<\/strong> beginnt um 21 Uhr mit der Reihe \u201cSchatten des Todes \u2013 Die Geschichte der Seuchen\u201d eine sechsteilige Reihe. Teil eins behandelt <a href=\"http:\/\/www.br.de\/fernsehen\/br-alpha\/programmkalender\/sendung-381308.html\" target=\"_blank\">\u201cDas gro\u00dfe Sterben \u2013 Pest, Typhus und Cholera\u201d<\/a>. \u2014 Direkt im Anschluss folgt um 21.30 Uhr Teil zwei <a href=\"http:\/\/www.br.de\/fernsehen\/br-alpha\/programmkalender\/sendung-381310.html\" target=\"_blank\">\u201cEntdeckung der Bakterien \u2013 Tetanus und Tuberkulose\u201d<\/a>.<\/li>\n<li>Die szenische Dokumentation \u201cHesse \u2013 Wagner \u2013 Mann\u201d von Theo Roos erz\u00e4hlt von der engen freundschaftlichen Beziehung zwischen Hermann Hesse und Thomas Mann. *\u201cSie waren ein ungleiches Paar. Ihre Freundschaft jedoch hielt \u00fcber ein halbes Jahrhundert, \u00fcber Kriege und Krisen, weltanschauliche, politische und k\u00fcnstlerische Differenzen hinweg.\u201d Doch an Richard Wagner und seiner Musik schieden sich ihre Geister (<a href=\"http:\/\/www.3sat.de\/programm\/?viewlong=viewlong&amp;d=20131109#border1800\" target=\"_blank\"><strong>3sat<\/strong><\/a>, 21.50 Uhr).<\/li>\n<\/ul>\n<h2>Sonntag, 10. November<\/h2>\n<ul>\n<li>Anl\u00e4sslich des 75. Todestages Kemal Atat\u00fcrks, des Begr\u00fcnders der modernen T\u00fcrkei, zeigt <strong>tagesschau 24<\/strong> ein zweiteiliges Portr\u00e4t dieses t\u00fcrkischen Politikers: <em>\u201cGeboren 1881 in Saloniki, gestorben 1938 in Istanbul. Er pr\u00e4gte die Innenpolitik und Au\u00dfenpolitik der T\u00fcrkei durch sein Wirken. Er wurde 1923 Staatspr\u00e4sident und gilt als Sch\u00f6pfer der modernen T\u00fcrkei: Abschaffung des Sultanats mit der Bewegung der Jungt\u00fcrken, Erfolge im Ersten Weltkrieg, Gr\u00fcndung der Republik 1923.\u201d<\/em> Um 20.15 Uhr wird <a href=\"http:\/\/programm.tagesschau24.de\/tv\/Atatuerk---vom-Rebell-zum-Befreier\/2013-11-10\/eid_2872110971331994\" target=\"_blank\">\u201cAtat\u00fcrk \u2013 vom Rebell zum Befreier\u201d<\/a> vorgestellt. Und um 21.02 Uhr folgt der Beitrag <a href=\"http:\/\/programm.tagesschau24.de\/tv\/Atatuerk---vom-Staatsgruender-zum-Mythos\/2013-11-10\/eid_2872110971332024\" target=\"_blank\">\u201cAtat\u00fcrk \u2013 vom Staatsgr\u00fcnder zum Mythos\u201d<\/a>.<\/li>\n<li><strong>Phoenix<\/strong> zeigt um 23.15 Uhr die Doku <a href=\"http:\/\/www.phoenix.de\/content\/phoenix\/die_sendungen\/ilse_koch_die_hexe_vom_buchenwald\/759251?datum=2013-11-10\" target=\"_blank\">\u201cIlse Koch \u2013 Die Hexe vom Buchenwald\u201d<\/a>. <em>\u201cEs ist einer der Aufsehen erregendsten Prozesse der Nachkriegszeit: 1947 steht in Dachau eine Frau vor Gericht, die die Welt\u00f6ffentlichkeit nur unter einem Namen kennt: \u2018Hexe von Buchenwald\u2019. Gemeint ist damit Ilse Koch, die Ehefrau des fr\u00fcheren Kommandanten des Konzentrationslagers, Karl Koch. Grauenhafte Erz\u00e4hlungen ranken sich um die Kommandeuse, die bekannteste ist ihre angebliche Vorliebe f\u00fcr Lampenschirme aus t\u00e4towierter Menschenhaut. Wie wurde aus dem Dresdner Arbeiterkind die &#8222;Hexe von Buchenwald&#8220; und was machte sie nach dem Krieg zur meistgehassten Frau, zum Symbol f\u00fcr das NS-Grauen? Diesen Fragen geht Autor Andr\u00e9 Meier in seinem Film nach.\u201d<\/em><\/li>\n<li>Das \u201cInterview mit der Geschichte\u201d wird auf <strong>BR-alpha<\/strong> diesmal mit <a href=\"http:\/\/www.br.de\/fernsehen\/br-alpha\/programmkalender\/sendung-381402.html\" target=\"_blank\">\u201cDschingis Khan\u201d<\/a> gef\u00fchrt (23.15 Uhr).<\/li>\n<li>Die <strong>ARD<\/strong> zeigt das Historiendrama <a href=\"http:\/\/programm.daserste.de\/pages\/programm\/detail.aspx?id=C02BE545DA2B957D60C2774F20780139\" target=\"_blank\">\u201cJud S\u00fc\u00df \u2013 Film ohne Gewissen\u201d<\/a> (BRD, AUT 2010, Regie: Oskar Roehler) um 23.55 Uhr. <em>\u201cEnde der 1930er Jahre bietet Joseph Goebbels dem m\u00e4\u00dfig erfolgreichen Darsteller Ferdinand Marian die Hauptrolle in dem antij\u00fcdischen Propagandafilm \u2018Jud S\u00fc\u00df\u2019 an. Moralische Skrupel lassen den Schauspieler z\u00f6gern, doch die Aussicht auf Weltruhm ist zu verlockend. Er will der Titelfigur freundliche Z\u00fcge verleihen, steigert die gew\u00fcnschte Wirkung dadurch aber umso mehr. Der zweifelhafte Erfolg rei\u00dft ihn mit sich, Marian verliert seine Frau und seine Selbstachtung. \u2018Elementarteilchen\u2019-Regisseur Oskar Roehler erz\u00e4hlt die tragische Geschichte des Schauspielers Ferdinand Marian, der an der Rolle seines Lebens zerbricht. Tobias Moretti und Moritz Bleibtreu gl\u00e4nzen in dieser aufw\u00fchlenden Studie \u00fcber Rassenhass und die Wirkung aufkommender Massenmedien.\u201d<\/em><\/li>\n<\/ul>\n<h2>Montag, 11. November<\/h2>\n<ul>\n<li>Der Kulturgeschichte der Fastnacht ist das Deutsche Fastnachtmuseum in Kitzingen gewidmet. Der <strong>BR<\/strong> stellt das Museum um 21Uhr in dem Beitrag <a href=\"http:\/\/www.br.de\/fernsehen\/bayerisches-fernsehen\/programmkalender\/sendung-380040.html\" target=\"_blank\">\u201cG\u00f6tter, Narren und Konfetti\u201d<\/a> vor.<\/li>\n<\/ul>\n<h2>Dienstag, 12. November<\/h2>\n<ul>\n<li><em>\u201eElf Jahre reiste Claude Lanzmann durch Europa und sprach mit Zeitzeugen des Holocaust &#8211; mit Opfern und T\u00e4tern. Entstanden ist ein eindringlicher Dokumentarfilm, der bis heute als wichtigste Auseinandersetzung mit der Judenvernichtung gilt.\u201c<\/em> <strong>Arte<\/strong> zeigt den Monumentalfilm \u201eShoah\u201c an diesem Abend. <a href=\"http:\/\/www.arte.tv\/guide\/de\/017079-001\/shoah-1-2\" target=\"_blank\">Teil 1<\/a> beginnt um 20.15 Uhr, <a href=\"http:\/\/www.arte.tv\/guide\/de\/017079-002\/shoah-2-2\" target=\"_blank\">Teil 2<\/a> um 0.40 Uhr.<\/li>\n<li>Zum 50. Todestag des US-Pr\u00e4sidenten John F. Kennedy sendet das <strong>ZDF<\/strong> um 20.15 Uhr die Doku <a href=\"http:\/\/zeit.zdf.de\/ZDF\/zdfportal\/programdata\/554e767c-004d-36a6-9be7-ceec661f1b5a\/20232893?doDispatch=1\" target=\"_blank\">\u201eKennedy \u2013 Das Geheimnis der letzten Tage\u201c<\/a>.<\/li>\n<li>In treuer Regelm\u00e4\u00dfigkeit gibt es um 21.15 Uhr im <strong>MDR<\/strong> die <a href=\"http:\/\/www.mdr.de\/tv\/programm\/sendung324024.html\" target=\"_blank\">\u201eGeschichte Mitteldeutschlands \u2013 Das Magazin\u201c<\/a>.<\/li>\n<li>Aus der Reihe \u201eMythen \u2013 Michael K\u00f6hlmeier erz\u00e4hlt Sagen des klassischen Altertums\u201c sendet <strong>BR-alpha<\/strong> heute um 22.45 Uhr den Beitrag <a href=\"http:\/\/www.br.de\/fernsehen\/br-alpha\/programmkalender\/sendung-381596.html\" target=\"_blank\">\u201eSammeln zum Krieg\u201c<\/a>.<\/li>\n<\/ul>\n","protected":false},"excerpt":{"rendered":"<p>Die Vorschau auf die Geschichtssendungen im deutschen Fernsehen geht weiter, dieses Mal allerdings in zwei Teilen. Bis Dienstag gibt es einige Beitr\u00e4ge zum Thema 75 Jahre Reichspogromnacht, besonders sei die monumentale Doku \u201eShoah\u201c erw\u00e4hnt. Am Dienstag kommt dann der Blick auf die zweite Wochenh\u00e4lfte.<\/p>\n","protected":false},"author":10,"featured_media":0,"comment_status":"open","ping_status":"open","sticky":false,"template":"","format":"standard","meta":{"footnotes":""},"categories":[4,8],"tags":[],"class_list":["post-2989","post","type-post","status-publish","format-standard","hentry","category-geschichte-im-fernsehen","category-history-tv"],"aioseo_notices":[],"_links":{"self":[{"href":"http:\/\/historikerkraus.de\/blog\/wp-json\/wp\/v2\/posts\/2989","targetHints":{"allow":["GET"]}}],"collection":[{"href":"http:\/\/historikerkraus.de\/blog\/wp-json\/wp\/v2\/posts"}],"about":[{"href":"http:\/\/historikerkraus.de\/blog\/wp-json\/wp\/v2\/types\/post"}],"author":[{"embeddable":true,"href":"http:\/\/historikerkraus.de\/blog\/wp-json\/wp\/v2\/users\/10"}],"replies":[{"embeddable":true,"href":"http:\/\/historikerkraus.de\/blog\/wp-json\/wp\/v2\/comments?post=2989"}],"version-history":[{"count":2,"href":"http:\/\/historikerkraus.de\/blog\/wp-json\/wp\/v2\/posts\/2989\/revisions"}],"predecessor-version":[{"id":2991,"href":"http:\/\/historikerkraus.de\/blog\/wp-json\/wp\/v2\/posts\/2989\/revisions\/2991"}],"wp:attachment":[{"href":"http:\/\/historikerkraus.de\/blog\/wp-json\/wp\/v2\/media?parent=2989"}],"wp:term":[{"taxonomy":"category","embeddable":true,"href":"http:\/\/historikerkraus.de\/blog\/wp-json\/wp\/v2\/categories?post=2989"},{"taxonomy":"post_tag","embeddable":true,"href":"http:\/\/historikerkraus.de\/blog\/wp-json\/wp\/v2\/tags?post=2989"}],"curies":[{"name":"wp","href":"https:\/\/api.w.org\/{rel}","templated":true}]}}