{"id":2981,"date":"2013-11-02T16:02:57","date_gmt":"2013-11-02T14:02:57","guid":{"rendered":"http:\/\/historikerkraus.de\/blog\/?p=2981"},"modified":"2013-11-02T16:07:27","modified_gmt":"2013-11-02T14:07:27","slug":"tv-vorschau-2-8-november-2013","status":"publish","type":"post","link":"http:\/\/historikerkraus.de\/blog\/2013\/11\/02\/tv-vorschau-2-8-november-2013\/","title":{"rendered":"TV-Vorschau 2. \u2013 8. November 2013"},"content":{"rendered":"<p>Die erste November-Woche bietet wieder einige Geschichtsdokus, die in subjektiver Auswahl hier kurz vorgestellt werden. Darunter sind u. a. die Folgen vier bis sechs der Borgia-Serie, ein Themenabend \u00fcber die Geschichte der deutsch-deutschen Mauer, die biblischen Plagen und der 75. Jahrestag der Reichspogromnacht.<!--more--><\/p>\n<h2 style=\"text-align: center;\">Samstag, 2. November<\/h2>\n<ul>\n<li>Den Anfang macht wie immer das Abendprogramm von <a href=\"http:\/\/www.n-tv.de\/mediathek\/tvprogramm\/?date=2013-11-02\" target=\"_blank\"><strong>N-TV<\/strong><\/a> (weil es bereits um 20.05 Uhr beginnt). Heute geht es um die Hexenverfolgung in der fr\u00fchen Neuzeit in Europa. Um 20.05 Uhr wird das \u201eDas Handbuch der Hexenjagd\u201c vorgestellt, der \u201eMalleus Maleficarum\u201d (auch \u201eHexenhammer\u201c) genannt. <em>\u201e256 Seiten sollten beweisen, dass Hexen Realit\u00e4t seien und get\u00f6tet werden m\u00fcssten. \u00dcber 60.000 \u2018Hexen\u2019 sollen aufgrund des Werks ihr Leben verloren haben. Doch durch welche M\u00e4chte wurde dieser Wahnsinn angetrieben? Warum \u00fcberdauerte der \u2018Hexenhammer\u2019 alle anderen Schriften seiner Art? Historiker entschl\u00fcsseln jetzt seine bizarren Geheimnisse.\u201c<\/em> \u2014 Um 21.05 Uhr folgt dann die Doku \u00fcber die \u201eHexenjagd in Europa\u201c. <em>\u201eIm sp\u00e4ten 16. Jahrhundert war Europas Geschichte \u00fcberschattet von einer blutr\u00fcnstigen Hexenjagd. Tausende wurden gefoltert und auf dem Scheiterhaufen verbrannt. In Frankreich und Deutschland kamen bis zu 40.000 Unschuldige zu Tode. England und Schottland blieben von dem grassierenden Wahn nahezu unber\u00fchrt. Bis der damals schottische K\u00f6nig Jakob I 1597 ein Buch ver\u00f6ffentlichen lie\u00df, das den Hexenwahn auch hier anstachelte. Die Dokumentation zeigt, wie ein Kontinent erbarmungslos Jagd auf Unschuldige machte.\u201c<\/em><\/li>\n<li>Auf <a href=\"http:\/\/www.3sat.de\/programm\/?viewlong=viewlong&amp;d=20131102&amp;dayID=ClnDaN02&amp;cx=82#border1800\" target=\"_blank\"><strong>3sat<\/strong><\/a> l\u00e4uft um 20.15 Uhr der vierte Teil der Borgia-Serie.<\/li>\n<li><strong>Phoenix<\/strong> zieht mit vier Dokus heute Abend quer durch die Geschichte. Um 20.15 Uhr macht <a href=\"http:\/\/www.phoenix.de\/content\/phoenix\/die_sendungen\/die_jagd_nach_dem_zarengold\/753634?datum=2013-11-02\" target=\"_blank\">\u201eDie Jagd nach dem Zarengold\u201c<\/a> den Anfang. *\u201eZum 400-j\u00e4hrigen Jubil\u00e4um der Romanow-Dynastie 2013 begeben wir uns auf die Suche danach, was mit der reichsten Herrscherfamilie der Welt und ihren Sch\u00e4tzen seit der Oktoberrevolution 1917 geschah. Dabei folgen wir Familienangeh\u00f6rigen, Sammlern und Experten, die uns ihre neuesten Erkenntnisse zur Verf\u00fcgung stellen.\u201c \u2014 Die Eroberung des Nordpols im Jahr 1937 steht im Mittelpunkt der Doku <a href=\"http:\/\/www.phoenix.de\/content\/phoenix\/die_sendungen\/rote_arktis\/330431?datum=2013-11-02\" target=\"_blank\">\u201eRote Arktis\u201c<\/a> um 21 Uhr. \u2014 Um 21.45 Uhr gibt es eine Folge aus der Reihe ZDF-History: <a href=\"http:\/\/www.phoenix.de\/content\/phoenix\/die_sendungen\/zdf_history:_lost_places\/753648?datum=2013-11-02\" target=\"_blank\">\u201eLost Places \u2013 Verlorene Orte der Geschichte\u201c<\/a>. \u2014 Und um 22.30 Uhr geht es in der Doku <a href=\"http:\/\/www.phoenix.de\/content\/phoenix\/die_sendungen\/der_sturz\/753656?datum=2013-11-02\" target=\"_blank\">\u201eDer Sturz\u201c<\/a> um das Ende der \u00c4ra Honecker und sein Schicksal bis zu seinem Tod 1994 in Chile.<\/li>\n<li>Auf <strong>BR-alpha<\/strong> laufen heute die beiden letzten Folgen der Reihe \u201eDie Geschichte der Hom\u00f6opathie\u201c. Folge f\u00fcnf besch\u00e4ftigt sich mit der <a href=\"http:\/\/www.br.de\/fernsehen\/br-alpha\/programmkalender\/sendung-374950.html\" target=\"_blank\">\u201eAusbreitung und Weiterentwicklung\u201c<\/a> (21 Uhr) und Folge sechs mit <a href=\"http:\/\/www.br.de\/fernsehen\/br-alpha\/programmkalender\/sendung-374952.html\" target=\"_blank\">\u201eAusbildung und Anwendung heute\u201c<\/a> (21.30 Uhr).<\/li>\n<\/ul>\n<h2 style=\"text-align: center;\">Sonntag, 3. November<\/h2>\n<ul>\n<li>Boriga, Teil 5 l\u00e4uft ab 20.15 Uhr auf <a href=\"http:\/\/www.3sat.de\/programm\/?viewlong=viewlong&amp;d=20131103&amp;dayID=ClnDaN03&amp;cx=82#border1800\" target=\"_blank\"><strong>3sat<\/strong><\/a>.<\/li>\n<li><strong>BR-alpha<\/strong> f\u00fchrt um 23.15 Uhr wieder ein \u201eInterview mit der Geschichte\u201c. Diesmal geht es um <a href=\"http:\/\/www.br.de\/fernsehen\/br-alpha\/programmkalender\/sendung-375044.html\" target=\"_blank\">\u201eMadame Pompadour\u201c<\/a>.<\/li>\n<li>Um 23.30 Uhr erf\u00e4hrt man im <strong>ZDF<\/strong> \u201eDie wahre Geschichte\u201c von <a href=\"http:\/\/history.zdf.de\/ZDF\/zdfportal\/programdata\/c5479add-a5dd-35ff-99cf-ca2843da6ec4\/20230249?doDispatch=1\" target=\"_blank\">\u201eMarilyn Monroe\u201c<\/a>.<\/li>\n<\/ul>\n<h2 style=\"text-align: center;\">Montag, 4. November<\/h2>\n<ul>\n<li>Die letzte Borgia-Folge l\u00e4uft um 20.15 Uhr auf <a href=\"http:\/\/www.3sat.de\/programm\/?viewlong=viewlong&amp;d=20131104&amp;dayID=ClnDaN04&amp;cx=82#border1800\" target=\"_blank\"><strong>3sat<\/strong><\/a>.<\/li>\n<li>Um 23.30 Uhr berichtet \u201eGeschichte im Ersten\u201c in der <strong>ARD<\/strong> \u00fcber <a href=\"http:\/\/programm.daserste.de\/pages\/programm\/detail.aspx?id=01C50B938683462203CE705DD7AA78F7\" target=\"_blank\">\u201eGoldschmidts Kinder \u2013 \u00dcberleben in Hitlers Schatten\u201c<\/a>. <em>\u201eBerlin 1935. Unter gro\u00dfen pers\u00f6nlichen Risiken gelingt es der Lehrerin Leonore Goldschmidt, mitten in Nazi-Deutschland eine j\u00fcdische Schule zu gr\u00fcnden. Sie findet ein Schlupfloch in den nationalsozialistischen Schulgesetzen und widersteht allen Repressalien durch die SA. F\u00fcr viele j\u00fcdische Kinder Berlins wird die Goldschmidt-Schule zum letzten Zufluchtsort vor dem wachsenden Rassismus.\u201c<\/em> Die Doku zeigt <em>\u201eein dichtes und emotionales Bild vom Leben in der Goldschmidt-Schule \u2013 einer einzigartigen Institution im Schatten des Nazi-Terrors.\u201c<\/em><\/li>\n<\/ul>\n<h2 style=\"text-align: center;\">Dienstag, 5. November<\/h2>\n<ul>\n<li>Im <strong>MDR<\/strong> steht um 20.15 Uhr <a href=\"http:\/\/www.mdr.de\/tv\/programm\/sendung321528.html\" target=\"_blank\">\u201eDer vergessene Ostwall \u2013 Die unterirdische Festung der Nazis\u201c<\/a> auf dem Programm. <em>\u201eBegonnen hat alles in den Drei\u00dfigerjahren des vorigen Jahrhunderts. Eine deutsche Festungsfront sollte die Reichshauptstadt Berlin gegen m\u00f6gliche Angriffe aus dem Osten sch\u00fctzen. 600 Millionen Reichsmark wurden in dieses Wahnsinnsprojekt investiert. Doch es wurde nie vollendet. 1945, kurz vor Ende des Krieges, sollte das Bollwerk dann noch eine entscheidende Rolle spielen. Den Vormarsch der Roten Armee konnte es nur wenige Tage aufhalten.\u201c<\/em><\/li>\n<li><strong>Phoenix<\/strong> zeigt die ersten zwei Folgen einer dreiteiligen Doku \u00fcber \u201eDie Biblischen Plagen\u201c. <em>\u201eKaum eine Geschichte der Bibel wirkt so nachhaltig im Ged\u00e4chtnis der Menschheit wie die Schilderung der Zehn Plagen. Innerhalb weniger Monate bricht \u00fcber \u00c4gypten eine Welle von Katastrophen herein, die Gott Jahwe als grausames Zeichen seiner Allmacht heraufbeschw\u00f6rt.\u201c<\/em> Um 20.15 Uhr hei\u00dft es <a href=\"http:\/\/www.phoenix.de\/content\/phoenix\/die_sendungen\/die_biblischen_plagen_%281_3%29\/756370?datum=2013-11-05\" target=\"_blank\">\u201eDuell am Nil\u201c<\/a>, um 21 Uhr f\u00e4llt <a href=\"http:\/\/www.phoenix.de\/content\/phoenix\/die_sendungen\/die_biblischen_plagen_%282_3%29\/756396?datum=2013-11-05\" target=\"_blank\">\u201eFinsternis \u00fcber \u00c4gypten\u201c<\/a>.<\/li>\n<li>Das Portr\u00e4t <a href=\"http:\/\/www.hr-online.de\/website\/fernsehen\/sendungen\/programm_popup.jsp?key=hr-fernsehen_2013-11-05&amp;row=39\" target=\"_blank\">\u201ePl\u00f6tzlich war ich J\u00fcdin \u2013 Das unglaubliche Leben der Inge Deutschkron\u201c <\/a> l\u00e4uft im <strong>HR<\/strong> um 22.45 Uhr.<\/li>\n<li>Der <a href=\"http:\/\/www.br.de\/fernsehen\/br-alpha\/programmkalender\/sendung-375230.html\" target=\"_blank\">\u201eRaub der Helena\u201c<\/a> ist Thema der heutigen Folge von \u201eMythen \u2013 Michael K\u00f6hlmeier erz\u00e4hlt Sagen des klassischen Altertums\u201c auf <strong>BR-alpha<\/strong> um 22.45 Uhr.<\/li>\n<\/ul>\n<h2 style=\"text-align: center;\">Mittwoch, 6. November<\/h2>\n<ul>\n<li><a href=\"http:\/\/www.zdf.de\/ZDF\/zdfportal\/programdata\/eb5d2f23-9235-4834-8789-539436a0f211\/20229556?doDispatch=1\" target=\"_blank\">\u201eDie Jahrhundertf\u00e4lschung \u2013 Hitlers Tageb\u00fccher\u201c<\/a> er\u00f6ffnet auf <strong>zdf_kultur<\/strong> den Themenabend \u00fcber F\u00e4lschungen. <em>\u201eWas als Sensation des Jahrhunderts angepriesen wurde, endete in einer beispiellosen Blamage: Vor 30 Jahren pr\u00e4sentierte der \u2018Stern\u2019 die angeblichen Tageb\u00fccher Adolf Hitlers. Es ist bis heute der gr\u00f6\u00dfte Medienskandal der Bundesrepublik \u2013 und eine Geschichte voller Grotesken.\u201c<\/em> (20.15 Uhr) \u2014 Im Anschluss gibt es um 21 Uhr die ZDF-History-Folge <a href=\"http:\/\/history.zdf.de\/ZDF\/zdfportal\/programdata\/c5479add-a5dd-35ff-99cf-ca2843da6ec4\/20229557?doDispatch=1\" target=\"_blank\">\u201eDie F\u00e4lscher\u201c<\/a>.<\/li>\n<li>Um 20.15 Uhr l\u00e4uft auf <strong>Phoenix<\/strong> die dritte und letzte Folge der Reihe \u201eDie biblischen Plagen\u201c mit dem Titel <a href=\"http:\/\/www.phoenix.de\/content\/phoenix\/die_sendungen\/die_biblischen_plagen_%283_3%29\/268891?datum=2013-11-06\" target=\"_blank\">\u201eFlucht aus dem Pharaonenreich\u201c<\/a>.<\/li>\n<li><a href=\"http:\/\/www.br.de\/fernsehen\/bayerisches-fernsehen\/programmkalender\/sendung-377982.html\" target=\"_blank\">\u201eEs geschah vor aller Augen \u2013 Die Reichskristallnacht in Bayern\u201c<\/a>. Die Doku des <strong>BR<\/strong> l\u00e4sst um 22 Uhr <em>\u201eZeitzeugen zu Wort kommen \u2013 j\u00fcdische, aber vor allem nicht-j\u00fcdische, die die Reichskristallnacht miterlebt haben und sich daran erinnern, wie sie die Geschehnisse erlebten, was daheim, in der Schule, auf der Stra\u00dfe gesprochen wurde.\u201c<\/em><\/li>\n<\/ul>\n<h2 style=\"text-align: center;\">Donnerstag, 7. November<\/h2>\n<ul>\n<li><a href=\"http:\/\/www.mdr.de\/tv\/programm\/sendung322458.html\" target=\"_blank\">\u201eMorde? Opfer? Rituale? \u2013 Ein Steinzeitkrimi\u201c<\/a> im <strong>MDR<\/strong> um 22.35 Uhr. <em>\u201eDer Fall liegt f\u00fcnftausend Jahre zur\u00fcck. Er trug sich auf einer Anh\u00f6he im heutigen Sachsen-Anhalt zu &#8211; dort, wo heute der Ort Salzm\u00fcnde liegt. Vier Frauen und f\u00fcnf Kinder in einem Grab, bestattet unter einer Totendecke aus gebrannten Scherben. Eines der Kinder umarmt die Frau, bei der es liegt. [\u2026] Wie kamen die Neun zu Tode? Wurden ihnen ihre Brand- und Schlagverletzungen vor oder nach dem Tode beigebracht? Waren Sie Opfer eines Verbrechens oder einer Katastrophe? Oder ist gar ein Ritual im Spiel? Neun Tote \u2013 viele Fragen, auf die es am Ende des Steinzeitkrimis eine Antwort gibt.\u201c<\/em><\/li>\n<li>Die Reichspogromnacht von 1938 j\u00e4hrt sich bald zum 75. Mal. Aus diesem Anlass sendet der <strong>WDR<\/strong> die Doku <a href=\"http:\/\/www.wdr.de\/tv\/tag7\/sendungsbeitraege\/2013\/1107\/synagogen.jsp\" target=\"_blank\">\u201eSynagogen \u2013 Monumente gegen das Vergessen\u201c<\/a> um 23.15 Uhr.<\/li>\n<\/ul>\n<h2 style=\"text-align: center;\">Freitag, 8. November<\/h2>\n<ul>\n<li>Der 9. November ist ja in mehrfacher Hinsicht ein besonderer Tag der deutschen Geschichte. Der inzwischen fast vergessene Sturz der Monarchie und die Ausrufung der Republik 1918, die Reichspogromnacht 1938 und die \u00d6ffnung der deutsch-deutschen Grenze 1989. Letzteres ist Gegenstand des Themenabends in <strong>Phoenix<\/strong>. Um 20.15 Uhr geht es zun\u00e4chst um die Errichtung der Mauer: <a href=\"http:\/\/www.phoenix.de\/content\/phoenix\/die_sendungen\/geheimakte_mauerbau\/393738?datum=2013-11-08\" target=\"_blank\">\u201eGeheimakte Mauerbau \u2013 Die Nacht der Entscheidung\u201c<\/a>. \u2014 Um 21 Uhr besch\u00e4ftigt sich die Doku <a href=\"http:\/\/www.phoenix.de\/content\/phoenix\/die_sendungen\/geheimoperation_ostpolitik\/372352?datum=2013-11-08\" target=\"_blank\">\u201eGeheimoperation Ostpolitik\u201c<\/a> mit den Versuchen, die Ost-West-Teilung zu \u00fcberwinden. \u2014 Wie schlie\u00dflich die Einheit gl\u00fcckte, beschreibt der Film <a href=\"http:\/\/www.phoenix.de\/content\/phoenix\/die_sendungen\/deutschland_eilig_vaterland_wie_die_einheit_glueckte\/395643?datum=2013-11-08\" target=\"_blank\">\u201eDeutschland \u2013 eilig Vaterland\u201c<\/a> um 21.45 Uhr. \u2014 Zum Schluss schaut die Doku <a href=\"http:\/\/www.phoenix.de\/content\/phoenix\/die_sendungen\/20_jahre_mauerfall\/261347?datum=2013-11-08\" target=\"_blank\">\u201e20 Jahre Mauerfall\u201c<\/a> um 22.45 Uhr die Spuren, die von der Mauer bis heute in Berlin geblieben sind.<\/li>\n<li>Der <strong>WDR<\/strong> schaut in seiner Reihe \u201eHeimatabend\u201c auf Geschichte und Gegenwart der St\u00e4dte <a href=\"http:\/\/www.wdr.de\/tv\/wdrdok_af\/sendungsbeitraege\/2013\/1108\/heimatabend_essen.jsp\" target=\"_blank\">Essen<\/a> (20.15 Uhr) und <a href=\"http:\/\/www.wdr.de\/tv\/wdrdok_af\/sendungsbeitraege\/2013\/1108\/heimatabend_gelsenkirchen.jsp\" target=\"_blank\">Gelsenkirchen<\/a> (23.15 Uhr).<\/li>\n<\/ul>\n","protected":false},"excerpt":{"rendered":"<p>Die erste November-Woche bietet wieder einige Geschichtsdokus, die in subjektiver Auswahl hier kurz vorgestellt werden. Darunter sind u. a. die Folgen vier bis sechs der Borgia-Serie, ein Themenabend \u00fcber die Geschichte der deutsch-deutschen Mauer, die biblischen Plagen und der 75. Jahrestag der Reichspogromnacht.<\/p>\n","protected":false},"author":10,"featured_media":0,"comment_status":"open","ping_status":"open","sticky":false,"template":"","format":"standard","meta":{"footnotes":""},"categories":[4,8],"tags":[],"class_list":["post-2981","post","type-post","status-publish","format-standard","hentry","category-geschichte-im-fernsehen","category-history-tv"],"aioseo_notices":[],"_links":{"self":[{"href":"http:\/\/historikerkraus.de\/blog\/wp-json\/wp\/v2\/posts\/2981","targetHints":{"allow":["GET"]}}],"collection":[{"href":"http:\/\/historikerkraus.de\/blog\/wp-json\/wp\/v2\/posts"}],"about":[{"href":"http:\/\/historikerkraus.de\/blog\/wp-json\/wp\/v2\/types\/post"}],"author":[{"embeddable":true,"href":"http:\/\/historikerkraus.de\/blog\/wp-json\/wp\/v2\/users\/10"}],"replies":[{"embeddable":true,"href":"http:\/\/historikerkraus.de\/blog\/wp-json\/wp\/v2\/comments?post=2981"}],"version-history":[{"count":2,"href":"http:\/\/historikerkraus.de\/blog\/wp-json\/wp\/v2\/posts\/2981\/revisions"}],"predecessor-version":[{"id":2984,"href":"http:\/\/historikerkraus.de\/blog\/wp-json\/wp\/v2\/posts\/2981\/revisions\/2984"}],"wp:attachment":[{"href":"http:\/\/historikerkraus.de\/blog\/wp-json\/wp\/v2\/media?parent=2981"}],"wp:term":[{"taxonomy":"category","embeddable":true,"href":"http:\/\/historikerkraus.de\/blog\/wp-json\/wp\/v2\/categories?post=2981"},{"taxonomy":"post_tag","embeddable":true,"href":"http:\/\/historikerkraus.de\/blog\/wp-json\/wp\/v2\/tags?post=2981"}],"curies":[{"name":"wp","href":"https:\/\/api.w.org\/{rel}","templated":true}]}}