{"id":2978,"date":"2013-10-25T15:08:23","date_gmt":"2013-10-25T13:08:23","guid":{"rendered":"http:\/\/historikerkraus.de\/blog\/?p=2978"},"modified":"2013-10-25T15:10:41","modified_gmt":"2013-10-25T13:10:41","slug":"tv-vorschau-26-oktober-1-november-2013","status":"publish","type":"post","link":"http:\/\/historikerkraus.de\/blog\/2013\/10\/25\/tv-vorschau-26-oktober-1-november-2013\/","title":{"rendered":"TV-Vorschau 26. Oktober \u2013 1. November 2013"},"content":{"rendered":"<p>Auch heute gibt es wieder eine TV-Vorschau auf die Geschichtsdokus im deutschen Fernsehen der kommenden Woche. U. a. sind dabei Beitr\u00e4ge \u00fcber das alte \u00c4gypten, Oliver Stones \u201eGeschichte Amerikas\u201c geht zu Ende daf\u00fcr kommen aber die Borgias wieder ins Programm.<!--more--><\/p>\n<h2 style=\"text-align: center;\">Samstag, 26. Oktober<\/h2>\n<ul>\n<li>\u201eDie Psyche der Nazis\u201c ist Gegenstand einer zweiteiligen Doku auf <a href=\"http:\/\/www.n-tv.de\/mediathek\/tvprogramm\/?date=2013-10-26\" target=\"_blank\"><strong>N-TV<\/strong><\/a> um 20.05 Uhr und 21.05 Uhr. <em>\u201eWas ist dran an den Ger\u00fcchten \u00fcber Himmlers Vorstellung von der SS als eine Art Ritterorden? Gab es wirklich ein Team, das nach dem Heiligen Gral suchte? Bediente sich Hitler aus einem wilden Mix von M\u00e4rchen, Fabeln und Legenden und kreierte daraus seine kranke Weltanschauung? Die n-tv Dokumentation dringt tief ein in die verdrehte Psyche des Dritten Reichs und entdeckt bizarre, okkulte Gedanken.\u201c<\/em><\/li>\n<li>Das zweiteilige Geschichtsdrama \u201eSchicksalsjahre\u201c (BRD 2011, Regie: Miguel Alexandre) l\u00e4uft auf <strong>zdf_neo<\/strong>. Es schildert am Beispiel der Ursula Heye die deutsche Geschichte in drei Systemen: Nationalsozialismus, fr\u00fche DDR und sp\u00e4ter die Bundesrepublik. Um 20.15 Uhr geht es los mit dem <a href=\"http:\/\/www.zdf.de\/ZDF\/zdfportal\/programdata\/bb825f94-27ad-3a77-bc21-5ac98b92a103\/20226524?doDispatch=1\" target=\"_blank\">ersten Teil<\/a> (1938 bis Kriegsende), der <a href=\"http:\/\/www.zdf.de\/ZDF\/zdfportal\/programdata\/bb825f94-27ad-3a77-bc21-5ac98b92a103\/20226525?doDispatch=1\" target=\"_blank\">zweite Teil<\/a> (Nachkriegsjahre) folgt um 21.55 Uhr.<\/li>\n<li><strong>Phoenix<\/strong> deckt um 20.15 Uhr <a href=\"http:\/\/www.phoenix.de\/content\/phoenix\/die_sendungen\/das_geheimnis_der_paepstin\/509368?datum=2013-10-26\" target=\"_blank\">\u201eDas Geheimnis der P\u00e4pstin\u201c<\/a> auf. <em>\u201eIst dem Vatikan vor \u00fcber 1000 Jahren tats\u00e4chlich eine Frau durchgeschl\u00fcpft? Oder ist die Frau, die das h\u00f6chste aller M\u00e4nner\u00e4mter erobern konnte, nur eine sch\u00f6ne Legende und Stoff f\u00fcr Millionenbestseller? In einer ZDF-Dokumentation geht die Journalistin und &#8222;heute&#8220;-Moderatorin Petra Gerster dem Geheimnis der P\u00e4pstin auf den Grund.\u201c<\/em> \u2014 Um 21 Uhr folgt dann ein Portr\u00e4t von <a href=\"http:\/\/www.phoenix.de\/content\/phoenix\/die_sendungen\/katharina_von_bora_\/751547?datum=2013-10-26\" target=\"_blank\">\u201eKatharina von Bora \u2013 Nonne, Gesch\u00e4ftsfrau, Luthers Weib\u201c<\/a>. \u2014 Und um 21.45 Uhr beleuchtet eine Folge von ZDF-History das Ph\u00e4nomen <a href=\"http:\/\/www.phoenix.de\/content\/phoenix\/die_sendungen\/zdf_history:_caesarenwahn\/719957?datum=2013-10-26\" target=\"_blank\">\u201eC\u00e4sarenwahn \u2013 Die Droge der Macht\u201c<\/a>, das <em>\u201e1894 erstmals am Beispiel des r\u00f6mischen Kaisers Caligula beschrieben\u201c<\/em> wurde. \u2014 Eine ganz pers\u00f6nliche Bedeutung bekommt die Besch\u00e4ftigung mit der Geschichte, wenn es um die Lebensgeschichte der eigenen Eltern und Gro\u00dfeltern geht. Die Doku <a href=\"http:\/\/www.phoenix.de\/content\/phoenix\/die_sendungen\/mein_vater_der_ss_offizier!\/428717?datum=2013-10-26\" target=\"_blank\">\u201eMein Vater, der SS-Offizier! Eine Spurensuche nach Jahrzehnten\u201c<\/a> berichtet von zwei Beispielen.<\/li>\n<li><em>\u201eDas erste hochseet\u00fcchtige Schiff mit Dieselmotor, die 1911 von den D\u00e4nen erbaute MS Selandia, revolutionierte die internationale Schifffahrt und erm\u00f6glichte so einen Schritt in Richtung Globalisierung. ARTE erz\u00e4hlt<\/em> in der Doku <a href=\"http:\/\/www.arte.tv\/guide\/de\/048070-000\/die-selandia-und-der-tod-von-rudolf-diesel\" target=\"_blank\">\u201eDie Selandia und der Tod von Rudolf Diesel\u201c<\/a> <em>die Geschichte dreier Pioniere, deren Schicksal eng mit der MS Selandia verkn\u00fcpft ist.\u201c<\/em> (<strong>Arte<\/strong>, 20.15 Uhr). \u2014 Um 21 Uhr folgt <a href=\"http:\/\/www.arte.tv\/guide\/de\/046187-000\/u-455-auf-den-spuren-eines-u-boots\" target=\"_blank\">\u201eU 455 \u2013 Auf den Spuren eines U-Boots\u201c<\/a>. <em>\u201eAm 6. April 1944 verschwindet das deutsche U-Boot \u201aU 455\u2018 spurlos. 2008 wird das Wrack von Tauchern vor Portofino entdeckt. Die Dokumentation beleuchtet die Geschichte des U-Boots und seiner Besatzung und untersucht, was zu seiner Havarie gef\u00fchrt hat.\u201c<\/em><\/li>\n<li>Auf <strong>BR-alpha<\/strong> geht es weiter mit der \u201eDie Geschichte der Hom\u00f6opathie\u201c. Folge 3 behandelt um 21 Uhr <a href=\"http:\/\/www.br.de\/fernsehen\/br-alpha\/programmkalender\/sendung-368958.html\" target=\"_blank\">\u201eDas Prinzip der Potenzierung\u201c<\/a>, Folge 4 um 21.30 Uhr die <a href=\"http:\/\/www.br.de\/fernsehen\/br-alpha\/programmkalender\/sendung-368960.html\" target=\"_blank\">\u201eKritik an Hahnemanns Lehre\u201c<\/a>.<\/li>\n<\/ul>\n<h2 style=\"text-align: center;\">Sonntag, 27. Oktober<\/h2>\n<ul>\n<li><strong>Arte<\/strong>s Programm befindet heute Abend wohl schon im Hallowee-Modus. Nachdem um 20.15 Uhr der Klassiker <a href=\"http:\/\/www.arte.tv\/guide\/de\/025074-000\/tanz-der-vampire\" target=\"_blank\">\u201eDer Tanz der Vampire\u201c<\/a> (GB, USA 1967, Regie: Roman Polanski) l\u00e4uft, folgt um 22 Uhr die Doku <a href=\"http:\/\/www.arte.tv\/guide\/de\/048246-000\/dracula-die-wahre-geschichte-der-vampire\" target=\"_blank\">\u201eDracula \u2013 Die wahre Geschichte der Vampire\u201c<\/a> <em>\u201edem Mythos Vampir von seinen Urspr\u00fcngen bis heute und zeigt dabei nicht nur, wo er \u00fcberall Spuren hinterlassen hat, sondern auch, wie sich sein Charakter im Laufe der Jahrhunderte wandelte.\u201c<\/em> Und um 22.45 Uhr schlie\u00dft der Spielfilm <a href=\"http:\/\/www.arte.tv\/guide\/de\/048247-000\/shadow-of-the-vampire\" target=\"_blank\">\u201eShadow of the Vampire\u201c<\/a> (GB, USA, LUX 2000, Regie: E. Elias Merhige) den Themenabend ab. Der Film ist eine <em>\u201ed\u00fcstere wie am\u00fcsante Hommage an Murnaus Vampirfilm-Klassiker \u201aNosferatu\u2018\u201c.<\/em><\/li>\n<li>Auch an diesem Sonntagabend dreht sich <strong>zdf_neo<\/strong> um das alte \u00c4gypten. Um 20.15 Uhr steht der Beitrag \u201eIm Zeichen des Sonnengottes \u2013 Echnaton bricht mit den Traditionen\u201c](http:\/\/terra-x.zdf.de\/ZDF\/zdfportal\/programdata\/893f31cb-04ff-3cec-b768-ccdc04d351b6\/20226551?doDispatch=1). <em>\u201eUm 1350 vor Christus ist \u00c4gypten ist so machtvoll wie nie zuvor. Seit einem halben Jahrhundert herrscht Frieden im Reich, in dem gut vier Millionen Menschen leben. Doch schon bald bahnt sich hier ein Machtkampf an, der das Land ersch\u00fcttern wird. Der neue Pharao Echnaton bricht mit dem Jahrtausende alten Kult und st\u00fcrzt das Land ins Chaos. Was trieb ihn an? Was ist sein Verm\u00e4chtnis?\u201c<\/em> \u2014 Den Schlusspunkt der vierteiligen Reihe bildet dann um 21 Uhr die Doku <a href=\"http:\/\/terra-x.zdf.de\/ZDF\/zdfportal\/programdata\/893f31cb-04ff-3cec-b768-ccdc04d351b6\/20226552?doDispatch=1\" target=\"_blank\">\u201eDas Geheimnis des ewigen Lebens \u2013 Ramses der Zweite und der \u00e4gyptische Gr\u00e4berkult\u201c<\/a>.<\/li>\n<li>\u201eBraveheart\u201c ist die die biographische Verfilmung des Kampfes der Schotten gegen die Engl\u00e4nder im 14. Jahrhundert, in deren Mittelpunkt der Freiheitsk\u00e4mpfer William Wallace steht. Die wahre Geschichte hinter dem Spielfilm, in dem Mel Gibson die Hauptrolle spielt, wird in der Doku \u201eDie wahre Geschichte: Braveheart\u201c auf <a href=\"http:\/\/www.n-tv.de\/mediathek\/tvprogramm\/?date=2013-10-27\" target=\"_blank\"><strong>N-TV<\/strong><\/a> um 22.05 Uhr gezeigt.<\/li>\n<li>Um 22.30 Uhr geht <strong>Phoenix<\/strong> der Frage nach: <a href=\"http:\/\/www.phoenix.de\/content\/phoenix\/die_sendungen\/sisi_mythos_einer_maerchenprinzessin\/259470?datum=2013-10-27\" target=\"_blank\">\u201eSisi \u2013 Mythos einer M\u00e4rchenprinzessin\u201c<\/a>? <em>\u201eSie war die sch\u00f6nste Frau ihrer Zeit: Elisabeth Amalie Eugenie, genannt Sisi. Romy Schneider machte sie zur Kaiserin der Herzen. In aller Welt beweinen Abermillionen von Film-Fans bis heute ihr Schicksal. [\u2026] Der Film fragt nicht nur nach Legende und Wahrheit. Im Mittelpunkt steht die Frage, was Sisi bis heute zur perfekten Projektionsfl\u00e4che f\u00fcr mediale Tr\u00e4ume und f\u00fcr die Sehns\u00fcchte der Massen macht. [\u2026] Aufw\u00e4ndige Spielszenen zeichnen ein Portr\u00e4t der geheimnisvollen Kaiserin, deren Seelenstimmung lebenslang zwischen fl\u00fcchtigen Gl\u00fccksmomenten und tiefer Depression schwankte. Ein inhaltlicher Schwerpunkt des Films ist Elisabeths Engagement f\u00fcr die Interessen ungarischer Ex-Revolution\u00e4re, mit dem sie die Spaltung des \u00f6sterreichischen Kaisertums in die k. &amp; k. Monarchie durchsetzte und den Absolutismus Habsburgs schw\u00e4chte.\u201c<\/em><\/li>\n<li>Ab 23 Uhr gibt es Sportgeschichte im <strong>SWR<\/strong>. Es geht um <a href=\"http:\/\/www.swrfernsehen.de\/-\/id=233310\/sdpgid=855914\/1pzkvzu\/index.html\" target=\"_blank\">\u201eBernd Trautmann \u2013 Eine deutsch-englische Geschichte\u201c<\/a>, einen deutschen Fu\u00dfballtorwart, der nach dem Krieg, dessen Ende er in englischer Gefangenschaft erlebte, auf der Insel Karriere machte.<\/li>\n<li>Beim \u201eInterview mit der Geschichte\u201c steht heute <a href=\"http:\/\/www.br.de\/fernsehen\/br-alpha\/programmkalender\/sendung-369054.html\" target=\"_blank\">\u201eHeinrich Heine\u201c<\/a> Rede und Antwort (<strong>BR-alpha<\/strong>, 23.20 Uhr).<\/li>\n<li><strong>ZDF<\/strong>-History befasst sich um 23.25 Uhr mit den <a href=\"http:\/\/history.zdf.de\/ZDF\/zdfportal\/programdata\/c5479add-a5dd-35ff-99cf-ca2843da6ec4\/20227561?doDispatch=1\" target=\"_blank\">\u201e\u201aLost Places\u2018 \u2013 Verlorene Orte der Geschichte\u201c<\/a>. <em>\u201eUnterirdische H\u00f6hlen, verlassene St\u00e4dte, milit\u00e4rische Sperrzonen oder atomares Niemandsland: \u00dcber Jahrhunderte hinweg hinterlie\u00df der Mensch weltweit seine Spuren. Er baute, eroberte, zerst\u00f6rte oder suchte nach einem guten Versteck vor seinen \u00fcberm\u00e4chtigen Gegnern. [\u2026] \u201aZDF-History\u2018 geht auf Spurensuche an diesen geheimnisumwobenen Pl\u00e4tzen, den so genannten \u201aLost Places\u2018 der Menschheit, deren Geschichte einst irgendwo zwischen Pioniergeist und Gr\u00f6\u00dfenwahn begann.\u201c<\/em><\/li>\n<li>1991 ist die Welt im Wandel begriffen. Der Ostblock zerf\u00e4llt, im Irak tobt der Krieg und in Vilnius, der Hauptstadt der litauischen Sowjetrepublik, rollen in der Nacht zum 13. Januar 1991 russische Panzer. [\u2026] <em>\u201eDie litauische Regierung verbarrikadiert sich im Parlament. Pr\u00e4sident Vytautas Landsbergis fordert die B\u00fcrger auf, das Parlament und die freien Medien des Landes zu sch\u00fctzen. Seit Tagen h\u00e4lt die 23-j\u00e4hrige Loreta Asanaviciut\u00e9 am Fernsehturm Wache. Doch irgendetwas ist am Abend des 12. Januars 1991 anders. Gegen 23:20 Uhr kommen die ersten Meldungen: Eine Panzerkolonne befinde sich auf dem Weg zum Fernsehturm. Sie n\u00e4hert sich \u00fcber eine gro\u00dfe Ausfahrtstra\u00dfe, lenkt mit Warnsch\u00fcssen und Rauchfahnen die Aufmerksamkeit auf sich. Doch das ist ein Ablenkungsman\u00f6ver. Von der Flussseite kommt eine zweite Kolonne. Gegen 1:30 Uhr k\u00fcndigt eine Sirene den Sturm auf den Fernsehturm an. Loreta fasst ihre Freundin an der Hand. Pl\u00f6tzlich prescht ein Panzer in die friedliche Menge. Loreta ger\u00e4t unter seine Ketten. [\u2026] 14 Litauer sterben in dieser Nacht. Auch Loreta erliegt ihren Verletzungen.\u201c<\/em> Die Doku <a href=\"http:\/\/www.mdr.de\/tv\/programm\/sendung317700.html\" target=\"_blank\">\u201eLitauen \u2013 Das M\u00e4dchen und der Panzer\u201c<\/a> erz\u00e4hlt um 23.50 Uhr im <strong>MDR<\/strong> diese Geschichte.<\/li>\n<\/ul>\n<h2 style=\"text-align: center;\">Montag, 28. Oktober<\/h2>\n<ul>\n<li>Auf <a href=\"http:\/\/www.n-tv.de\/mediathek\/tvprogramm\/?date=2013-10-28\" target=\"_blank\"><strong>N-TV<\/strong><\/a> geht die Serie \u201eOliver Stone: Die Geschichte Amerikas\u201c mit den Folgen 9 (22.03 Uhr) und 10 (23.05 Uhr) zu Ende.<\/li>\n<\/ul>\n<h2 style=\"text-align: center;\">Dienstag, 29. Oktober<\/h2>\n<ul>\n<li><strong>Phoenix<\/strong> wirft mit der zweiteiligen Doku \u201eVerdammte See\u201c eine Blick auf den Seekrieg im Zweiten Weltkrieg. Um 20.15 Uhr hei\u00dft es <a href=\"http:\/\/www.phoenix.de\/content\/phoenix\/die_sendungen\/dokumentationen\/verdammte_see_%281_2%29\/197803?datum=2013-10-29\" target=\"_blank\">\u201eVersenkt die Bismarck!\u201c<\/a> und um 21 Uhr um <a href=\"http:\/\/www.phoenix.de\/content\/phoenix\/die_sendungen\/dokumentationen\/verdammte_see_%282_2%29\/197806?datum=2013-10-29\" target=\"_blank\">\u201eDas Geheimnis um U-166\u201c<\/a>.<\/li>\n<li><a href=\"http:\/\/www.mdr.de\/tv\/programm\/sendung318678.html\" target=\"_blank\">\u201eGeschichte Mitteldeutschlands \u2013 Das Magazin\u201c<\/a>, <strong>MDR<\/strong>, 21.15 Uhr.<\/li>\n<li>Um 22.45 Uhr fragt stellt die Reihe \u201eMythen \u2013 Michael K\u00f6hlmeier erz\u00e4hlt Sagen des klassischen Altertums\u201c die Frage <a href=\"http:\/\/www.br.de\/fernsehen\/br-alpha\/programmkalender\/sendung-369236.html\" target=\"_blank\">\u201eWer ist die Sch\u00f6nste?\u201c<\/a>.<\/li>\n<li>Ebenfalls um 22.45 Uhr l\u00e4uft im <strong>RBB<\/strong> die Doku <a href=\"http:\/\/www.rbb-online.de\/fernsehen\/programm\/29_10_2013\/10939624413.html\" target=\"_blank\">\u201eWir Kinder des Lebensborns\u201c<\/a>. <em>\u201eDer \u201aLebensborn\u2018 diente der NS-Rassepolitik und war eine Idee Heinrich Himmlers, des Reichsf\u00fchrers der SS. Aufgenommen wurden nur solche schwangeren Frauen, die nachweisen konnten, dass sowohl sie selbst als auch der Vater des Kindes arisch im Sinne der NS-Rassegesetze waren. Dann konnten sie im Lebensbornheim diskret entbinden. Die hier geborenen Kinder waren h\u00e4ufig unehelich. Auf Wunsch wurde auch die Adoption der \u201aarischen\u2018 Kinder oder die Unterbringung bei Pflegeeltern organisiert.\u201c<\/em> \u2014 Im Anschluss folgt um 23.30 Uhr die Doku <a href=\"http:\/\/www.rbb-online.de\/fernsehen\/programm\/29_10_2013\/10939624482.html\" target=\"_blank\">\u201eHarlan \u2013 Im Schatten von Jud S\u00fc\u00df\u201c<\/a>. <em>\u201eVeit Harlan war die schillerndste Figur des Nazi-Films neben Leni Riefenstahl. Ein Spezialist f\u00fcr nationalen Kitsch und Todesverkl\u00e4rung, ein ebenso verblendeter wie talentierter Vorzeige-K\u00fcnstler. Millionen Deutsche sahen seine Filme. Sie liefen in ganz Europa und pr\u00e4gten die Mentalit\u00e4t unz\u00e4hliger Zuschauer, die in \u201aDie goldene Stadt\u2018 oder \u201aOpfergang\u2018 um das Schicksal der blonden Schwedin Kristina S\u00f6derbaum bangten, Harlans dritter Ehefrau und st\u00e4ndiger Hauptdarstellerin. Die Melodramen waren Kassenschlager \u2013 und Propagandafilme.\u201c<\/em><\/li>\n<\/ul>\n<h2 style=\"text-align: center;\">Mittwoch, 30. Oktober<\/h2>\n<ul>\n<li>Um 21.50 Uhr \u00f6ffnet <strong>Arte<\/strong> <a href=\"http:\/\/www.arte.tv\/guide\/de\/047353-001\/die-akte-beethoven\" target=\"_blank\">\u201eDie Akte Beethoven\u201c<\/a>. <em>\u201eAls Ludwig van Beethoven im Alter von 56 Jahren in Wien stirbt, taucht ein Testament auf, das er 25 Jahre vor seinem Tod verfasst hat. Es offenbart: Bereits mit 31 Jahren ist Beethoven praktisch taub, noch bevor er die meisten seiner bahnbrechenden Werke komponiert hat. Wie war so etwas m\u00f6glich? [\u2026] In aufwendig inszenierten Spielszenen schl\u00fcpft Lars Eidinger (\u2018Alle Anderen\u2018, \u201aWas bleibt\u2018) in die Rolle des jungen Beethoven, begleitet von Pheline Roggan (\u2018Soul Kitchen\u2018), die zur \u201aunsterblichen Geliebten\u2018 wird. Der gesamte Film ist ausschlie\u00dflich mit Musik von Ludwig van Beethoven vertont und macht \u201aDie Akte Beethoven\u2018 so nicht nur zu einem au\u00dfergew\u00f6hnlichen Seherlebnis, sondern auch zu einer Hommage an die Musik Beethovens.\u201c<\/em><\/li>\n<li><a href=\"http:\/\/www.br.de\/fernsehen\/bayerisches-fernsehen\/programmkalender\/sendung-367048.html\" target=\"_blank\">\u201eHitlers Rennschlachten \u2013 Wie die Silberpfeile siegen lernten\u201c<\/a> ist das Thema einer Doku im <strong>BR<\/strong> um 22 Uhr.<\/li>\n<\/ul>\n<h2 style=\"text-align: center;\">Donnerstag, 31. Oktober<\/h2>\n<ul>\n<li>Wenn auch sp\u00e4t, so sendet die <strong>ARD<\/strong> doch passend zum Reformationstag den Spielfilm <a href=\"http:\/\/programm.daserste.de\/pages\/programm\/detail.aspx?id=65089BC783E5CD0E0F7342F25026BE43\" target=\"_blank\">\u201eLuther\u201c<\/a> (BRD, USA 2003, Regie: Eric Till) mit Joseph Fiennes in der Hauptrolle (0.20 Uhr). <em>\u201eDer Film erz\u00e4hlt die dramatische Lebensgeschichte des kirchenkritischen Theologen Martin Luther, der Anfang des 16. Jahrhunderts mit der Verbreitung seiner Thesen die katholische Kirche in Aufruhr versetzte.\u201c<\/em><\/li>\n<\/ul>\n<h2 style=\"text-align: center;\">Freitag, 1. November \u2013 Allerheiligen<\/h2>\n<ul>\n<li><strong>3sat<\/strong> sendet den Sechsteiler \u201eBorgia\u201c. Heute die ersten drei Teile, die restlichen drei an den kommenden Tagen (jeweils um 20.15 Uhr). Es geht los um 19.30 Uhr (<a href=\"http:\/\/www.3sat.de\/page\/?source=\/film\/172594\/index.html\" target=\"_blank\">Teil 1<\/a>), weiter geht es um 21.10 Uhr (<a href=\"http:\/\/www.3sat.de\/page\/?source=\/film\/172595\/index.html\" target=\"_blank\">Teil 2<\/a>) und endet heute um 22.50 Uhr (<a href=\"http:\/\/www.3sat.de\/page\/?source=\/film\/172596\/index.html\" target=\"_blank\">Teil 3<\/a>).<\/li>\n<li>Der <a href=\"http:\/\/www.wdr.de\/programmvorschau\/suche.html?medium=F&amp;sender=10&amp;datum=2013-11-01&amp;zeit=1900-2400\" target=\"_blank\"><strong>WDR<\/strong><\/a> pr\u00e4sentiert um 23.15 Uhr eine neue Folge aus der Reihe \u201eHeimatabend\u201c. Diesmal geht es um M\u00fcnster.<\/li>\n<\/ul>\n","protected":false},"excerpt":{"rendered":"<p>Auch heute gibt es wieder eine TV-Vorschau auf die Geschichtsdokus im deutschen Fernsehen der kommenden Woche. U. a. sind dabei Beitr\u00e4ge \u00fcber das alte \u00c4gypten, Oliver Stones \u201eGeschichte Amerikas\u201c geht zu Ende daf\u00fcr kommen aber die Borgias wieder ins Programm.<\/p>\n","protected":false},"author":10,"featured_media":0,"comment_status":"open","ping_status":"open","sticky":false,"template":"","format":"standard","meta":{"footnotes":""},"categories":[4,8],"tags":[],"class_list":["post-2978","post","type-post","status-publish","format-standard","hentry","category-geschichte-im-fernsehen","category-history-tv"],"aioseo_notices":[],"_links":{"self":[{"href":"http:\/\/historikerkraus.de\/blog\/wp-json\/wp\/v2\/posts\/2978","targetHints":{"allow":["GET"]}}],"collection":[{"href":"http:\/\/historikerkraus.de\/blog\/wp-json\/wp\/v2\/posts"}],"about":[{"href":"http:\/\/historikerkraus.de\/blog\/wp-json\/wp\/v2\/types\/post"}],"author":[{"embeddable":true,"href":"http:\/\/historikerkraus.de\/blog\/wp-json\/wp\/v2\/users\/10"}],"replies":[{"embeddable":true,"href":"http:\/\/historikerkraus.de\/blog\/wp-json\/wp\/v2\/comments?post=2978"}],"version-history":[{"count":2,"href":"http:\/\/historikerkraus.de\/blog\/wp-json\/wp\/v2\/posts\/2978\/revisions"}],"predecessor-version":[{"id":2980,"href":"http:\/\/historikerkraus.de\/blog\/wp-json\/wp\/v2\/posts\/2978\/revisions\/2980"}],"wp:attachment":[{"href":"http:\/\/historikerkraus.de\/blog\/wp-json\/wp\/v2\/media?parent=2978"}],"wp:term":[{"taxonomy":"category","embeddable":true,"href":"http:\/\/historikerkraus.de\/blog\/wp-json\/wp\/v2\/categories?post=2978"},{"taxonomy":"post_tag","embeddable":true,"href":"http:\/\/historikerkraus.de\/blog\/wp-json\/wp\/v2\/tags?post=2978"}],"curies":[{"name":"wp","href":"https:\/\/api.w.org\/{rel}","templated":true}]}}