{"id":2963,"date":"2013-10-11T09:57:40","date_gmt":"2013-10-11T07:57:40","guid":{"rendered":"http:\/\/historikerkraus.de\/blog\/?p=2963"},"modified":"2013-10-11T10:00:20","modified_gmt":"2013-10-11T08:00:20","slug":"tv-vorschau-12-18-oktober-2013","status":"publish","type":"post","link":"http:\/\/historikerkraus.de\/blog\/2013\/10\/11\/tv-vorschau-12-18-oktober-2013\/","title":{"rendered":"TV-Vorschau 12. \u2013 18. Oktober 2013"},"content":{"rendered":"<p>Hier nun wieder die subjektive Vorschau auf die Geschichtssendungen der kommenden Woche. U. a. Mit der letzten Folge der Borgia-Serie, Dokus zur V\u00f6lkerschlacht bei Leipzig 1813 und zum Jom Kippur-Krieg 1972, sowie eine zweiteilige Elvis Presley-Biographie.<!--more--><\/p>\n<h2 style=\"text-align: center;\">Samstag, 12. Oktober<\/h2>\n<ul>\n<li>Auf <a href=\"http:\/\/www.n-tv.de\/mediathek\/tvprogramm\/?date=2013-10-12\" target=\"_blank\"><strong>N-TV<\/strong><\/a> geht es weiter mit \u201eHitler privat\u201c. Teil 3 um 20.05 Uhr und Teil 4 um 21.05 Uhr. \u2014 Um 22.05 Uhr erfahren wir noch \u201eDie Wahrheit \u00fcber Heinrich Himmler\u201c (Reihe: Nazi-Jagd).<\/li>\n<li>Weiter geht es auf <strong>BR-alpha<\/strong> mit \u201eJoseph von Fraunhofer \u2013 Dunkle Linien im Sonnenlicht\u201c. Der Titel der letzten Folge lautet <a href=\"http:\/\/www.br.de\/fernsehen\/br-alpha\/programmkalender\/sendung-357776.html\" target=\"_blank\">\u201eErfinder und Vordenker\u201c<\/a> (20.15 Uhr). \u2014 <a href=\"http:\/\/www.br.de\/fernsehen\/br-alpha\/programmkalender\/sendung-357780.html\" target=\"_blank\">\u201eFlorenz und der Geist der Renaissance\u201c<\/a> ist um 21 Uhr Thema einer Doku der Reihe \u201eSchaupl\u00e4tze der Weltkulturen\u201c.<\/li>\n<li>Auf <strong>Arte<\/strong> steht die Technikgeschichte im Mittelpunkt dreier Dokus. Um 20.15 Uhr beginnt die Reihe mit der Doku <a href=\"http:\/\/www.arte.tv\/guide\/de\/044423-000\/1783-ein-mensch-fliegt\" target=\"_blank\">\u201e1783. Ein Mensch fliegt!\u201c<\/a>: <em>\u201eAm 21. November 1783 stieg in Paris vor den Augen einer staunenden Menschenmenge ein bemannter Ballon in die L\u00fcfte. An Bord waren der Physiker Jean-Fran\u00e7ois Pil\u00e2tre de Rozier und Fran\u00e7ois Laurent, Marquis d&#8217;Arlandes. Sie verwirklichten einen der \u00e4ltesten Tr\u00e4ume der Menschheit: den Traum, zu fliegen!\u201c<\/em> \u2014 Um 21.10 Uhr geht es um die Erfindung des Hubschraubers: <a href=\"http:\/\/www.arte.tv\/guide\/de\/039511-000\/professor-oehmichens-fliegende-maschinen\" target=\"_blank\">\u201eProfessor Oehmichens fliegende Maschinen\u201c<\/a>. \u2014 Und um 22.05 Uhr berichtet die Doku <a href=\"http:\/\/www.arte.tv\/guide\/de\/042507-000\/tod-beim-atlantikflug\" target=\"_blank\">\u201eTod beim Atlantikflug \u2013 Charles Nungesser und sein \u201aWei\u00dfer Vogel\u2018\u201c<\/a> \u00fcber den ersten Versuch der Atlantik\u00fcberquerung per Flugzeug: <em>\u201eBereits 13 Tage vor Charles Lindberghs ersten Transatlantikflug am 21. Mai 1927 starteten Charles Nungesser und sein Navigator Fran\u00e7ois Coli an Bord ihres Flugzeugs &#8218;Oiseau blanc&#8216; von Le Bourget aus Richtung Amerika. Obwohl die Presse zun\u00e4chst eine erfolgreiche Atlantik\u00fcberquerung meldete, wurden die beiden Flieger nie wieder gesehen.\u201c<\/em><\/li>\n<li>Im <strong>MDR<\/strong> gibt es um 23.25 Uhr den ersten Teil der zweiteiligen Elvis Presley-Biographie <a href=\"http:\/\/www.mdr.de\/tv\/programm\/sendung312366.html\" target=\"_blank\">\u201eElvis\u201c<\/a> (USA 2005, Regie: James Steven Sadwith). Die Fortsetzung gibt\u2018s dann am Montag.<\/li>\n<\/ul>\n<h2 style=\"text-align: center;\">Sonntag, 13. Oktober<\/h2>\n<ul>\n<li>Terra X befasst sich im <strong>ZDF<\/strong> um 19.30 Uhr mit <a href=\"http:\/\/terra-x.zdf.de\/ZDF\/zdfportal\/programdata\/893f31cb-04ff-3cec-b768-ccdc04d351b6\/20220488?doDispatch=1\" target=\"_blank\">\u201eDracula\u201c<\/a> und erz\u00e4hlt \u201eDie wahre Geschichte der Vampire\u201c. <em>\u201eTerra X \u201aDracula \u2013 die wahre Geschichte der Vampire\u2018 deckt auf, wie der Vampirmythos in die Welt kam, wann die erste \u201aVampirepidemie\u2018 ausbrach, woher der englische Schriftsteller Bram Stoker die Ideen f\u00fcr den Titelhelden seines ber\u00fchmtesten Buches nahm, und warum Graf Dracula seitdem die Welt eroberte.\u201c<\/em> \u2014 Die sechste und letzte Folge der <a href=\"http:\/\/www.zdf.de\/ZDF\/zdfportal\/programdata\/3c6207e5-5373-4524-870d-7e7c80b6e84f\/20213210?doDispatch=1\" target=\"_blank\">\u201eBorgia\u201c<\/a> gibt es um 23.30 Uhr.<\/li>\n<li>\u201eDie Fernsehtruhe\u201c pr\u00e4sentiert wieder ein <a href=\"http:\/\/www.br.de\/fernsehen\/br-alpha\/programmkalender\/sendung-357872.html\" target=\"_blank\">\u201eInterview mit der Geschichte\u201c<\/a> (das f\u00fcnfte von 16). Diesmal geht es um Karl den Gro\u00dfen (23.15 Uhr, <strong>BR-alpha<\/strong>).<\/li>\n<li>Aus der Reihe \u201eDie gro\u00dfen Schlachten\u201c gibt es um 20.15 Uhr auf <strong>tagesschau 24<\/strong> den Beitrag <a href=\"http:\/\/programm.tagesschau24.de\/tv\/Die-grossen-Schlachten-%281%29\/2013-10-13\/eid_2872110817796259\" target=\"_blank\">\u201eDie V\u00f6lkerschlacht bei Leipzig \u2013 Europa im Krieg\u201c<\/a> zu sehen.<\/li>\n<\/ul>\n<h2 style=\"text-align: center;\">Montag, 14. Oktober<\/h2>\n<ul>\n<li>Die Teile f\u00fcnf und sechs von \u201eOliver Stone: Die Geschichte Amerikas\u201c laufen um 20.05 Uhr bzw. 21.05 Uhr auf <a href=\"http:\/\/www.n-tv.de\/mediathek\/tvprogramm\/?date=2013-10-14\" target=\"_blank\"><strong>N-TV<\/strong><\/a>.<\/li>\n<li>Auf <strong>Phoenix<\/strong> werden die \u201eGeheimnisse des Zweiten Weltkriegs\u201c offengelegt. Um 20.15 Uhr ist es <a href=\"http:\/\/www.phoenix.de\/content\/phoenix\/die_sendungen\/geheimnisse_des_zweiten_weltkriegs_%281_4%29\/744891?datum=2013-10-14\" target=\"_blank\">\u201eDie Akte Hess\u201c<\/a> und um 21 Uhr folgt <a href=\"http:\/\/www.phoenix.de\/content\/phoenix\/die_sendungen\/geheimnisse_des_zweiten_weltkriegs_%282_4%29\/744904?datum=2013-10-14\" target=\"_blank\">\u201eDas Geheimnis von U 513\u201c<\/a>. Morgen geht es mit den Teilen drei und vier weiter.<\/li>\n<li>Der zweite Teil der <a href=\"http:\/\/www.mdr.de\/tv\/programm\/sendung313342.html\" target=\"_blank\">\u201eElvis\u201c<\/a>-Biographie l\u00e4uft im <strong>MDR<\/strong> um 22.50 Uhr.<\/li>\n<\/ul>\n<h2 style=\"text-align: center;\">Dienstag, 15. Oktober<\/h2>\n<ul>\n<li>Die beiden letzten Folgen der \u201eGeheimnisse des Zweiten Weltkriegs\u201c laufen auf <strong>Phoenix<\/strong>. Um 20.15 Uhr erfahren wir etwas \u00fcber die <a href=\"http:\/\/www.phoenix.de\/content\/phoenix\/die_sendungen\/geheimnisse_des_zweiten_weltkriegs_%283_4%29\/744917?datum=2013-10-15\" target=\"_blank\">\u201eKrankenakte Hitler\u201c<\/a> und um 21 Uhr \u00fcber den <a href=\"http:\/\/www.phoenix.de\/content\/phoenix\/die_sendungen\/geheimnisse_des_zweiten_weltkriegs_%284_4%29\/744928?datum=2013-10-15\" target=\"_blank\">\u201eMythos Alpenfestung\u201c<\/a>.<\/li>\n<li>In diesem Jahr j\u00e4hrt sich die V\u00f6lkerschlacht bei Leipzig zum 200. Mal. Der <strong>MDR<\/strong> sendet aus diesem Anlass die Doku <a href=\"http:\/\/www.mdr.de\/tv\/programm\/sendung313434.html\" target=\"_blank\">\u201eK\u00e4mpfer, Opfer, Wund\u00e4rzte \u2013 Lazarette auf dem s\u00fcdlichen Schlachtfeld von 1813\u201c<\/a> (20.15 Uhr). <em>\u201eWas f\u00fcr ein Wahnsinn! 600.000 Soldaten k\u00e4mpften im Oktober 1813 auf dem s\u00fcdlichen Schlachtfeld bei Leipzig. Auch die n\u00e4chste Zahl schockiert: Fast 100.000 Tote und Verletzte gab es. Die Toten wurden oft erst Monate nach dem Kampf beigesetzt. Und wie erging es den Verletzten? Wer half ihnen? Fragen, denen Axel Bulthaupt in der neuen Folge von \u201aDer Osten \u2013 Entdecke wo du lebst\u2018 nachgeht. Es sind erschreckende Fakten, die er zusammentr\u00e4gt. Das ganze Schlachtfeld war ein Lazarett. Aber auch Schulen und Kirchen wurden f\u00fcr die Versorgung der Verletzten genutzt.\u201c<\/em> \u2014 Um 21.15 Uhr folgt <a href=\"http:\/\/www.mdr.de\/tv\/programm\/sendung313436.html\" target=\"_blank\">\u201eGeschichte Mitteldeutschlands \u2013 Das Magazin\u201c<\/a>.<\/li>\n<li><strong>Arte<\/strong> sendet heute Abend die zweiteilige Doku \u201e1973. Jom Kippur. Ein Krieg im Oktober\u201c. Teil 1 mit dem Titel <a href=\"http:\/\/www.arte.tv\/guide\/de\/047555-001\/1973-jom-kippur-ein-krieg-im-oktober-1-2\" target=\"_blank\">\u201eKriegstagebuch Kapitel I\u201c<\/a> um 21.45 Uhr, Teil 2 <a href=\"http:\/\/www.arte.tv\/guide\/de\/047555-002\/1973-jom-kippur-ein-krieg-im-oktober-2-2\" target=\"_blank\">\u201eKriegstagebuch Kapitel II\u201c<\/a> um 22.35 Uhr. <em>\u201eIm Jom-Kippur-Krieg standen sich Israel, \u00c4gypten und Syrien feindlich gegen\u00fcber. Auf fesselnde Art und mit seltenen Archivaufnahmen dokumentiert der Zweiteiler die Beweggr\u00fcnde jener beiden Staatsoberh\u00e4upter, die ihre L\u00e4nder damals in den Krieg f\u00fchrten: Golda Meir und Muhammad Anwar as-Sadat.\u201c<\/em> \u2014 Um 23.35 Uhr folgt die Doku <a href=\"http:\/\/www.arte.tv\/guide\/de\/048058-000\/dienstbereit\" target=\"_blank\">\u201eDienstbereit \u2013 Nazis und Faschisten im Auftrag der CIA\u201c<\/a>. <em>\u201eW\u00e4hrend des Kalten Krieges rekrutierte die CIA zahlreiche ehemalige Nazigr\u00f6\u00dfen und italienische Faschisten als Agenten f\u00fcr ihre weltweiten Operationen gegen den Kommunismus. Anhand j\u00fcngst freigegebener Akten skizziert der Dokumentarfilm zum ersten Mal ein weltumspannendes Netzwerk, das weit in die Machtstruktur der BRD reichte.\u201c<\/em><\/li>\n<li><strong>BR-alpha<\/strong>s <a href=\"http:\/\/www.br.de\/fernsehen\/br-alpha\/programmkalender\/sendung-358062.html\" target=\"_blank\">\u201eMythen \u2013 Michael K\u00f6hlmeier erz\u00e4hlt Sagen des klassischen Altertums\u201c<\/a> befassen sich heute mit Jason und Medea (22.45 Uhr).<\/li>\n<\/ul>\n<h2 style=\"text-align: center;\">Mittwoch, 16. Oktober<\/h2>\n<ul>\n<li>Der <strong>MDR<\/strong> begibt sich wieder auf \u201eDie Spur der Ahnen\u201c. Die heutige Folge tr\u00e4gt den Titel <a href=\"http:\/\/www.mdr.de\/tv\/programm\/sendung313768.html\" target=\"_blank\">\u201eMein Vater, der Vertragsarbeiter\u201c<\/a> (21.15 Uhr).<\/li>\n<\/ul>\n<h2 style=\"text-align: center;\">Donnerstag, 17. Oktober<\/h2>\n<ul>\n<li>Arch\u00e4ologisches gibt es heute Abend auf <strong>Phoenix<\/strong>. Um 20.15 Uhr l\u00e4uft die Doku <a href=\"http:\/\/www.phoenix.de\/content\/phoenix\/die_sendungen\/dokumentationen\/herr_der_himmelsscheibe\/138827?datum=2013-10-17\" target=\"_blank\">\u201eHerr der Himmelsscheibe \u2013 Der Jahrtausendfund von Nebra\u201c<\/a> und 21 Uhr folgt \u201eTatort Eulau \u2013 Das R\u00e4tsel der 13 Skelette\u201c](http:\/\/www.phoenix.de\/content\/phoenix\/die<em>sendungen\/tatort<\/em>eulau_\/745019?datum=2013-10-17). <em>\u201eIm Mittelpunkt der Dokumentation steht der spektakul\u00e4re Fund der gut erhaltenen Steinzeitgr\u00e4ber in der Kiesgrube von Eulau bei Naumburg: Drei Frauen, zwei M\u00e4nner und acht Kinder, vor 4500 Jahren liebevoll und zum Teil in inniger Umarmung bestattet. Weltweit zum ersten Mal konnte hier 2008 durch eine DNA-Analyse der fr\u00fcheste Nachweis f\u00fcr die Existenz einer Kernfamilie erbracht werden. Eine Sensation! Aber warum starben diese Menschen zur gleichen Zeit? Wurden sie Opfer eines Gewaltverbrechens? Wer waren sie und wie konnte dieses schreckliche Drama geschehen?\u201c<\/em><\/li>\n<li>Um 22.30 Uhr zeigt der <strong>SWR<\/strong> die Doku <a href=\"http:\/\/www.swr.de\/kulturdoku\/-\/id=100882\/sdpgid=850904\/1ntyf31\/index.html\" target=\"_blank\">\u201eDie Wagners und Bayreuth \u2013 Eine deutsche Geschichte\u201c<\/a>. <em>\u201eDie Dokumentation nimmt von heute aus betrachtet die Geschichte Bayreuths genau und n\u00fcchtern in den Blick. Kenner und Insider Bayreuths \u00e4u\u00dfern sich im Interview zu ihrer Sicht auf die Familie, auf den Mythos und die Geschichte des Ortes, und geben ihre Einsch\u00e4tzung, was Bayreuth heute ist und in Zukunft sein wird.\u201c<\/em> \u2014 Die Geschichte Stuttgarts ist dann um 23.45 Uhr Thema der Doku: <a href=\"http:\/\/www.swr.de\/tv\/-\/id=2798\/sdpgid=850908\/nid=2798\/did=12015514\/6quvqc\/index.html\" target=\"_blank\">\u201eStuttgart \u2013 Der Film, die Geschichte\u201c<\/a>. <em>\u201eDieses Filmportr\u00e4t ist eine Zeitreise durch die Welt von gestern. Es zeigt die ersten Filmaufnahmen aus dem Jahr 1896, der Zeit der Monarchie, den Alltag in den Goldenen Zwanziger Jahren. Die Zerst\u00f6rung im Zweiten Weltkrieg, Wiederaufbau und Wirtschaftswunder, Stuttgart auf dem Weg zur Moderne. Der Schwerpunkt liegt auf unbekannten Filmaufnahmen\u201c<\/em><\/li>\n<\/ul>\n<h2 style=\"text-align: center;\">Freitag, 18. Oktober<\/h2>\n<ul>\n<li>Die Reihe \u201eHeimatabend\u201c geht im <a href=\"http:\/\/www.wdr.de\/programmvorschau\/suche.html?medium=F&amp;sender=10&amp;datum=2013-10-18&amp;zeit=1900-2400\" target=\"_blank\"><strong>WDR<\/strong><\/a> weiter. Um 20.15 Uhr geht es um K\u00f6ln. <em>\u201eVon \u201aeinem der gr\u00f6\u00dften Tr\u00fcmmerhaufen der Welt\u2018 sprachen amerikanische Berichterstatter nach Kriegsende. Neunzig Prozent aller Geb\u00e4ude in der Innenstadt waren zerst\u00f6rt. Doch \u00fcber den Tr\u00fcmmern ragten zwei T\u00fcrme trotzig in den Himmel: Der K\u00f6lner Dom hatte siebzig Bombenangriffen mehr oder weniger \u201a\u00fcberlebt\u2018. Viele K\u00f6lner glauben bis heute, dass man \u201aihren\u2018 Dom absichtlich geschont habe &#8211; ein Mythos. [\u2026] \u201aHeimatabend K\u00f6ln\u2018 nimmt den Zuschauer mit auf eine Zeitreise von den 20er Jahren bis in die sp\u00e4ten 70er Jahre. Eins wird schnell klar: \u201aFertig\u2018 wird diese Stadt nie. Und nicht immer gingen die architektonischen Konzepte auf.\u201c<\/em> \u2014 Um 23.15 Uhr folgt ein Beitrag \u00fcber Bochum. <em>\u201e\u201aHeimatabend Bochum\u2018 f\u00fchrt den Zuschauer an zeitgeschichtlich bedeutende Orte Bochums. \u00dcber Bergbausiedlungen, Deutschlands damals modernstes Stadtbad, vorbei an Opelwerk, Planetarium und Universit\u00e4t. F\u00fcr ein Konzert hinein in die Ruhrlandhalle und zum Fu\u00dfballgucken ins Stadion des VfL Bochum.\u201c<\/em><\/li>\n<li>Auf <strong>Phoenix<\/strong> blickt man auf die Geschichte des englischen K\u00f6nigshauses der Windsors. \u201eDie ersten Windsors\u201c stellt um 20.15 Uhr zun\u00e4chst <a href=\"http:\/\/www.phoenix.de\/content\/phoenix\/die_sendungen\/die_ersten_windsors_%281_2%29\/745601?datum=2013-10-18\" target=\"_blank\">\u201eKing George V.\u201c<\/a> ins Zentrum, der seine deutsche Herkunft aus dem Hause Sachsen-Coburg und Gotha im 1. Weltkrieg verschleierte, indem er den Familiannamen in \u201eWindsor\u201c \u00e4nderte. Um 21.15 Uhr geht es dann um dessen Ehefrau <a href=\"http:\/\/www.phoenix.de\/content\/phoenix\/die_sendungen\/die_ersten_windsors_%282_2%29\/745616?datum=2013-10-18\" target=\"_blank\">\u201eQueen Mary\u201c<\/a>. Dazu passend folgt um 22.05 Uhr die Doku <a>\u201eThe King&#8217;s Speech\u201c<\/a> aus der Reihe ZDF-History. Es geht um die historische Realit\u00e4t hinter dem vierfach Oscar-pr\u00e4mierten Kinofilm.<\/li>\n<\/ul>\n","protected":false},"excerpt":{"rendered":"<p>Hier nun wieder die subjektive Vorschau auf die Geschichtssendungen der kommenden Woche. U. a. Mit der letzten Folge der Borgia-Serie, Dokus zur V\u00f6lkerschlacht bei Leipzig 1813 und zum Jom Kippur-Krieg 1972, sowie eine zweiteilige Elvis Presley-Biographie.<\/p>\n","protected":false},"author":10,"featured_media":0,"comment_status":"open","ping_status":"open","sticky":false,"template":"","format":"standard","meta":{"footnotes":""},"categories":[4,8],"tags":[],"class_list":["post-2963","post","type-post","status-publish","format-standard","hentry","category-geschichte-im-fernsehen","category-history-tv"],"aioseo_notices":[],"_links":{"self":[{"href":"http:\/\/historikerkraus.de\/blog\/wp-json\/wp\/v2\/posts\/2963","targetHints":{"allow":["GET"]}}],"collection":[{"href":"http:\/\/historikerkraus.de\/blog\/wp-json\/wp\/v2\/posts"}],"about":[{"href":"http:\/\/historikerkraus.de\/blog\/wp-json\/wp\/v2\/types\/post"}],"author":[{"embeddable":true,"href":"http:\/\/historikerkraus.de\/blog\/wp-json\/wp\/v2\/users\/10"}],"replies":[{"embeddable":true,"href":"http:\/\/historikerkraus.de\/blog\/wp-json\/wp\/v2\/comments?post=2963"}],"version-history":[{"count":2,"href":"http:\/\/historikerkraus.de\/blog\/wp-json\/wp\/v2\/posts\/2963\/revisions"}],"predecessor-version":[{"id":2966,"href":"http:\/\/historikerkraus.de\/blog\/wp-json\/wp\/v2\/posts\/2963\/revisions\/2966"}],"wp:attachment":[{"href":"http:\/\/historikerkraus.de\/blog\/wp-json\/wp\/v2\/media?parent=2963"}],"wp:term":[{"taxonomy":"category","embeddable":true,"href":"http:\/\/historikerkraus.de\/blog\/wp-json\/wp\/v2\/categories?post=2963"},{"taxonomy":"post_tag","embeddable":true,"href":"http:\/\/historikerkraus.de\/blog\/wp-json\/wp\/v2\/tags?post=2963"}],"curies":[{"name":"wp","href":"https:\/\/api.w.org\/{rel}","templated":true}]}}