{"id":2958,"date":"2013-10-05T15:11:44","date_gmt":"2013-10-05T13:11:44","guid":{"rendered":"http:\/\/historikerkraus.de\/blog\/?p=2958"},"modified":"2013-10-05T15:17:56","modified_gmt":"2013-10-05T13:17:56","slug":"tv-vorschau-5-11-oktober-2013","status":"publish","type":"post","link":"http:\/\/historikerkraus.de\/blog\/2013\/10\/05\/tv-vorschau-5-11-oktober-2013\/","title":{"rendered":"TV-Vorschau 5. \u2013 11. Oktober 2013"},"content":{"rendered":"<p>Hier finden Sie einen Blick auf die Geschichtssendungen der kommenden Woche im deutschen Fernsehen. Weiter geht es u. a. mit der Borgia-Serie im ZDF und einer Doku \u00fcber Nazis im BND.<!--more--><\/p>\n<h2 style=\"text-align: center;\">Samstag, 5. Oktober<\/h2>\n<ul>\n<li>\u201cHitler privat\u201d lautet der Titel der Samstagsabendsdoku auf <a href=\"http:\/\/www.n-tv.de\/mediathek\/tvprogramm\/?date=2013-10-05\" target=\"_blank\"><strong>N-TV<\/strong><\/a>. Um 20.05 Uhr und 21.05 Uhr versucht sich die Doku der Person und dem Ph\u00e4nomen Hitler auf eine neue Weise zu n\u00e4hern. \u2014 Um 22.05 Uhr offenbart die \u201cNazi-Jagd: Die Wahrheit \u00fcber Hermann G\u00f6ring\u201d. <em>\u201cDer Gr\u00fcnder der Gestapo und Oberbefehlshaber der deutschen Luftwaffe sollte laut Testament Hitlers Nachfolger werden. Die n-tv Dokumentation beleuchtet G\u00f6ring und zeigt, wieso er die zentrale Figur des Dritten Reichs war.\u201d<\/em><\/li>\n<li><em>\u201cOstpreu\u00dfen \u2013 ein Land der Gegens\u00e4tze. Ein Agrarland, das f\u00fcr die meisten nur ein karges Dasein bieten kann. [\u2026] Ganz anders lebt der ostpreu\u00dfische Adel. Nirgendwo sind die Gutsh\u00f6fe pr\u00e4chtiger, die L\u00e4ndereien weitl\u00e4ufiger und der Standesd\u00fcnkel ausgepr\u00e4gter.\u201d<\/em> Eine zweiteilige Doku beleuchtet auf <strong>Phoenix<\/strong> das Leben \u201cDamals in Ostpreu\u00dfen\u201d. Teil 1 schildert um 20.15 Uhr das <a href=\"http:\/\/www.phoenix.de\/content\/phoenix\/die_sendungen\/damals_in_ostpreussen_%281_2%29\/217399?datum=2013-10-05\" target=\"_blank\">\u201cBollwerk im Osten\u201d<\/a>, Teil 2 um 21 Uhr besch\u00e4ftigt sich mit Fragen nach <a href=\"http:\/\/www.phoenix.de\/content\/phoenix\/die_sendungen\/damals_in_ostpreussen_%282_2%29\/250730?datum=2013-10-05\" target=\"_blank\">\u201cHeimat und Verlust\u201d<\/a>.<\/li>\n<li>Die zweite Folge der dreiteiligen Serie \u00fcber \u201cJoseph von Fraunhofer \u2013 Dunkle Linien im Sonnenlicht\u201d stellt auf <strong>BR-alpha <\/strong>den <a href=\"http:\/\/www.br.de\/fernsehen\/br-alpha\/programmkalender\/sendung-347308.html\" target=\"_blank\">\u201cForscher aus Leidenschaft\u201d<\/a> vor (20.15 Uhr). \u2014 Und um 21 Uhr folgt aus der Reihe \u201cSchaupl\u00e4tze der Weltkulturen\u201d eine Doku \u00fcber <a href=\"http:\/\/www.br.de\/fernsehen\/br-alpha\/programmkalender\/sendung-347312.html\" target=\"_blank\">\u201cAssisi und die franziskanische Welt\u201d<\/a>.<\/li>\n<li>Auf <strong>Arte<\/strong> kann man ab 20.15 Uhr <a href=\"http:\/\/www.arte.tv\/guide\/de\/048324-000\/angkor-entdecken\" target=\"_blank\">\u201cAngkor entdecken\u201d<\/a>. <em>\u201c150 Jahre nach seiner Entdeckung gibt Angkor Wat nach wie vor R\u00e4tsel auf. Der Urwald Kambodschas hat das einstige Zentrum des historischen K\u00f6nigreichs der Khmer zur\u00fcckerobert &#8211; \u00fcbriggeblieben sind nur die Tempelruinen. Wissenschaftler r\u00fccken deren Geschichte nun in ein neues Licht.\u201d<\/em> \u2014 <em>\u201cVon einem unbekannten Autor verfasst, illustriert mit skurrilen, r\u00e4tselhaften Darstellungen und in einer Sprache geschrieben, die von den besten Kryptographen nicht entschl\u00fcsselt werden kann:\u201d:<\/em> <a href=\"http:\/\/www.arte.tv\/guide\/de\/042392-000\/das-voynich-manuskript\" target=\"_blank\">\u201cDas Voynich-Manuskript\u201d<\/a>. <em>\u201cBis heute halten viele Historiker die Handschrift f\u00fcr eine F\u00e4lschung, die der New Yorker Antiquariatsbuchh\u00e4ndler Wilfried Voynich im Jahr 1912 in Umlauf gebracht haben soll, um sie zahlungskr\u00e4ftigen Handschriftensammlern anzubieten. Tats\u00e4chlich sind die Umst\u00e4nde der Entdeckung des Manuskripts h\u00f6chst mysteri\u00f6s. [\u2026] An der Universit\u00e4t Yale wird der mysteri\u00f6sen Handschrift mit materialwissenschaftlichen Methoden zu Leibe ger\u00fcckt. Von Pergament, Tinten und Farben wurden Proben entnommen, um sie auf Alter und chemische Zusammensetzung zu untersuchen. Die Ergebnisse stellen alles, was bisher \u00fcber das Voynich-Manuskript gewusst wurde, auf den Kopf. Alle bisherigen Theorien sind falsch. Denn das Buch ist viel \u00e4lter als angenommen.\u201d<\/em> (21.40 Uhr)<\/li>\n<\/ul>\n<h1 style=\"text-align: center;\">Sonntag, 6. Oktober<\/h1>\n<ul>\n<li>Einen Blick auf die Alltagsgeschichte der DDR wirft die Doku <a href=\"http:\/\/programm.tagesschau24.de\/tv\/Fasse-dich-kurz---Telefonieren-in-der-DDR\/2013-10-06\/eid_2872110777764944\" target=\"_blank\">\u201cFasse dich kurz \u2013 Telefonieren in der DDR\u201d<\/a> auf <strong>tagesschau 24<\/strong> um 20.15 Uhr. <em>\u201cAm Anfang st\u00f6pseln noch die legend\u00e4ren Fr\u00e4uleins vom Amt die raren Verbindungen, flicken wagehalsige Entst\u00f6rer die blanken Leitungen, stehen Schlangen vor ewig kaputten M\u00fcnzfernsprechern. Weil die Verbindungen der Post nie ausreichen, entstehen mindestens 23 nicht\u00f6ffentliche Fernmeldenetze \u2013 f\u00fcr die Stasi, das Milit\u00e4r, die Kombinate \u2026 St\u00f6rungen im \u00f6ffentlichen Netz stehen an der Tagesordnung und einheitliche Vorwahlnummern gibt es nicht. Doch wer endlich einen privaten Anschluss bekommt ist gl\u00fccklich und nimmt auch in Kauf, den Anschluss mit bis zu vier \u2018Teilnehmern\u2019 zu teilen.\u201d<\/em><\/li>\n<li>\u201cAls der Krieg nach Deutschland kam\u201d hei\u00dft die zweiteilige Doku auf <strong>Phoenix<\/strong> an diesem Abend. Um 20.15 Uhr f\u00fchrt <a href=\"http:\/\/www.phoenix.de\/content\/phoenix\/die_sendungen\/als_der_krieg_nach_deutschland_kam\/742711?datum=2013-10-06\" target=\"_blank\">\u201cDer Weg nach K\u00f6ln\u201d<\/a>. <em>\u201cDen Winter 1944 hatten die amerikanischen Truppenverb\u00e4nde in schweren K\u00e4mpfen in den Ardennen und im H\u00fcrthgenwald verbracht. Im Februar 1945 begannen sie eine Gro\u00dfoffensive, die das Ende des &#8222;Dritten Reiches&#8220; bringen sollte. Mit dabei waren 40 Kameram\u00e4nner des US-Signal Corps. Sie dokumentierten den Untergang Nazideutschlands auf 35mm Zelluloid: Befreiung und Zusammenbruch, Tod und Verzweiflung, Jubel und Erleichterung. Die Dokumentation rekonstruiert den amerikanischen Vormarsch.\u201d<\/em> \u2014 <a href=\"http:\/\/www.phoenix.de\/content\/phoenix\/die_sendungen\/als_der_krieg_nach_deutschland_kam\/742731?datum=2013-10-06\" target=\"_blank\">\u201c\u00dcber den Rhein\u201d<\/a> geht es dann um 21 Uhr.<\/li>\n<li><a href=\"http:\/\/www.3sat.de\/page\/?source=\/film\/dokumentarfilm\/172257\/index.html\" target=\"_blank\">\u201cDie wahre Miss Marple \u2013 Der kuriose Fall Margaret Rutherford\u201d<\/a> ist Thema einer Doku auf <strong>3sat<\/strong> um 22.15 Uhr. <em>\u201cDas wahre Leben der Margaret Rutherford ist noch exzentrischer als ihre ber\u00fchmteste fiktionale Rolle, die Rolle ihres Lebens, die ihr wie auf den Leib geschrieben scheint: Agatha Christies Amateurdetektivin Miss Marple. Wir verh\u00f6ren Zeugen ihres Lebens und begeben uns auf die F\u00e4hrte ihrer Familiengeschichte. Der wahnsinnige Vater erschl\u00e4gt mit einem Nachttopf einen Pastoren, n\u00e4mlich den eigenen Vater, die Mutter erh\u00e4ngt sich in Indien und ihr Adoptivsohn Gordon Langley Hall heiratet nach einer Geschlechtsumwandlung seinen farbigen Butler. Eine Biographie, die zweifelsohne aus einem Drehbuch stammen k\u00f6nnte.\u201d<\/em><\/li>\n<li><em>\u201cSie ist eine der gr\u00f6\u00dften Legenden des franz\u00f6sischen Chansons und am 10. Oktober j\u00e4hrt sich ihr Todestag zum 50. Mal: Als 16-J\u00e4hrige sang sie auf den Stra\u00dfen, den Hinterh\u00f6fen und in den Kneipen von Paris. Dort wurde sie von dem Kabarettbesitzer Louis Lepl\u00e9e entdeckt: Edith Piaf. Der Film erz\u00e4hlt anhand von Archivdokumenten und ihrer Lieder Piafs Lebensgeschichte.\u201d<\/em> <a href=\"http:\/\/www.arte.tv\/guide\/de\/029880-000\/piaf-ohne-liebe-ist-man-nichts\" target=\"_blank\">\u201cPiaf: Ohne Liebe ist man nichts\u201d<\/a>, <strong>Arte<\/strong>, 22.20 Uhr.<\/li>\n<li>Das n\u00e4chste \u201cInterview mit der Geschichte\u201d steht auf <strong>BR-alpha<\/strong> um 23.20 Uhr an. Im Mittelpunkt steht <a href=\"http:\/\/www.br.de\/fernsehen\/br-alpha\/programmkalender\/sendung-347400.html\" target=\"_blank\">\u201cEmmeline Pankhurst\u201d<\/a>, eine britische radikalfeministische Theoretikerin und Frauenrechtlerin (<a href=\"http:\/\/de.wikipedia.org\/wiki\/Emmeline_Pankhurst\" target=\"_blank\">Wikipedia<\/a>).<\/li>\n<\/ul>\n<h2 style=\"text-align: center;\">Montag, 7. Oktober<\/h2>\n<ul>\n<li>\u201cOliver Stone: Die Geschichte Amerikas\u201d geht auf <a href=\"http:\/\/www.n-tv.de\/mediathek\/tvprogramm\/?date=2013-10-07\" target=\"_blank\"><strong>N-TV<\/strong><\/a> weiter. Teil 3 um 20.05 Uhr, Teil 4 eine Stunde sp\u00e4ter.<\/li>\n<li>Wenn die Quote nicht stimmt, muss gehandelt werden. Das ist bei den \u00d6ffentlich-Rechtlichen nicht anders als bei den Privaten. Und so hat das <strong>ZDF<\/strong> die <a href=\"http:\/\/borgia.zdf.de\/ZDF\/zdfportal\/programdata\/3c44b863-6ce3-4a58-9d4f-dfa595050837\/20213111?doDispatch=1\" target=\"_blank\">Borgia(s)<\/a> von der Primetime nach hinten verlegt. <a href=\"http:\/\/www.zdf.de\/ZDF\/zdfportal\/programdata\/3c44b863-6ce3-4a58-9d4f-dfa595050837\/20213111\" target=\"_blank\">Teil 4<\/a> l\u00e4uft heute um 22.15 Uhr.<\/li>\n<li>Deutsche Nachkriegsgeschichte steht im Mittelpunkt der <strong>ARD<\/strong>-\u201cGeschichte im Ersten\u201d um 23.30 Uhr: \u201cNazis im BND \u2013 Neuer Dienst und alte Kameraden\u201d](http:\/\/programm.daserste.de\/pages\/programm\/detail.aspx?id=03C3BA0D87E273CBBD5ABACBA79F352C). <em>\u201cAls 2011 vier deutsche Historiker vom Bundesnachrichtendienst den Auftrag bekamen, die Geschichte der Beh\u00f6rde zu erforschen, sagte ihr damaliger Chef Ernst Uhrlau: \u2018Wir \u00f6ffnen ein Fass, von dem wir nicht wissen, was drin ist.\u2019\u201d<\/em><\/li>\n<\/ul>\n<h2 style=\"text-align: center;\">Dienstag, 8. Oktober<\/h2>\n<ul>\n<li>Die Doku <a href=\"http:\/\/www.rbb-online.de\/fernsehen\/programm\/08_10_2013\/10788564252.html\" target=\"_blank\">\u201cH\u00e4user, Hass und Stra\u00dfenkampf\u201d<\/a> erz\u00e4hlt um 22.45 Uhr im <strong>RBB<\/strong> \u00fcber die Revolte der Westberliner Hausbesetzer. <em>\u201cAm 22. September 1981 wurde w\u00e4hrend eines Polizeieinsatzes der 18-j\u00e4hrige Hausbesetzer Klaus-J\u00fcrgen Rattay von einem Bus erfasst und get\u00f6tet. Dieser Unfall war der traurige H\u00f6hepunkt der Auseinandersetzungen um besetzte H\u00e4user in Westberlin. Stra\u00dfenk\u00e4mpfe waren damals fast an der Tagesordnung. Der neue Innensenator Heinrich Lummer (CDU) versuchte den Hausbesetzern gegen\u00fcber eine Politik der St\u00e4rke. Die Lage eskalierte, Hass und Gewaltbereitschaft gab es sowohl bei Hausbesetzern als auch bei Polizisten.\u201d<\/em><\/li>\n<li><a href=\"http:\/\/www.br.de\/fernsehen\/br-alpha\/programmkalender\/sendung-347590.html\" target=\"_blank\">\u201cDie Argonauten\u201d<\/a> bilden diesmal die Mythen, die Michael K\u00f6hlmeier in seiner Reihe \u201cSagen des klassischen Altertums\u201d erz\u00e4hlt (<strong>BR-alpha<\/strong>, 22.45 Uhr).<\/li>\n<\/ul>\n<h2 style=\"text-align: center;\">Mittwoch, 9. Oktober<\/h2>\n<ul>\n<li><a href=\"http:\/\/www.ndr.de\/fernsehen\/epg\/epg1157_sid-1431995.html\" target=\"_blank\">\u201eFlensburger \u2013 Das Bier mit dem Plopp<a href=\"http:\/\/www.br.de\/fernsehen\/br-alpha\/programmkalender\/sendung-347590.html\" target=\"_blank\">\u201d<\/a><\/a> kennt fast jeder Bierliebhaber. Die Doku im <strong>NDR<\/strong> um 21 Uhr berichtet aus der 125j\u00e4hrigen Unternehmensgeschichte.<\/li>\n<li>Auch <a href=\"http:\/\/www.zdf.de\/ZDF\/zdfportal\/programdata\/3c44b863-6ce3-4a58-9d4f-dfa595050837\/20213178\" target=\"_blank\">Teil 5<\/a> des <a href=\"http:\/\/borgia.zdf.de\/ZDF\/zdfportal\/programdata\/3c44b863-6ce3-4a58-9d4f-dfa595050837\/20213178?doDispatch=1\" target=\"_blank\">\u201eBorgia\u201c<\/a>-Sechsteilers ist vom <strong>ZDF<\/strong> ins Sp\u00e4tprogramm verlegt worden und l\u00e4uft um 23.15 Uhr.<\/li>\n<\/ul>\n<h2 style=\"text-align: center;\">Donnerstag, 10. Oktober<\/h2>\n<ul>\n<li>Wer den Einfluss alter Nazi-Seilschaften in der jungen BRD und vor allem im neu gegr\u00fcndeten Bundesnachrichtendienst (BND) am Montag in der ARD vers\u00e4umt hat, kann die Doku <a href=\"http:\/\/programm.tagesschau24.de\/tv\/Nazis-im-BND---Neuer-Dienst-und-alte-Kameraden\/2013-10-10\/eid_2872110777813676\" target=\"_blank\">\u201eNazis im BND \u2013 Neuer Dienst und alte Kameraden\u201c<\/a> auf <strong>tagesschau 24<\/strong> um 20.15 Uhr sehen.<\/li>\n<\/ul>\n<h2 style=\"text-align: center;\">Freitag, 11. Oktober<\/h2>\n<ul>\n<li>Der <a href=\"http:\/\/www.wdr.de\/programmvorschau\/suche.html?datum=2013-10-11\" target=\"_blank\"><strong>WDR<\/strong><\/a> portr\u00e4tiert heute Abend zwei nordrhein-westf\u00e4lische St\u00e4dte in der Reihe \u201eHeimatabend\u201c. Um 20.15 Uhr geht es um die Landeshauptstadt D\u00fcsseldorf. \u2014 Und um 23.15 Uhr nimmt der \u201eHeimatabend Aachen\u201d <em>\u201eden Zuschauer mit auf eine filmische Zeitreise, die mit Kriegsende im Oktober 1944 beginnt und zu weiteren Stationen f\u00fchrt wie Wiederaufbau und Stadtplanung, Studentenleben und -proteste, Nachtleben und Grenzerfahrung, Kirche, Karl und Karneval.\u201c<\/em><\/li>\n<\/ul>\n","protected":false},"excerpt":{"rendered":"<p>Hier finden Sie einen Blick auf die Geschichtssendungen der kommenden Woche im deutschen Fernsehen. Weiter geht es u. a. mit der Borgia-Serie im ZDF und einer Doku \u00fcber Nazis im BND.<\/p>\n","protected":false},"author":10,"featured_media":0,"comment_status":"open","ping_status":"open","sticky":false,"template":"","format":"standard","meta":{"footnotes":""},"categories":[4,8],"tags":[],"class_list":["post-2958","post","type-post","status-publish","format-standard","hentry","category-geschichte-im-fernsehen","category-history-tv"],"aioseo_notices":[],"_links":{"self":[{"href":"http:\/\/historikerkraus.de\/blog\/wp-json\/wp\/v2\/posts\/2958","targetHints":{"allow":["GET"]}}],"collection":[{"href":"http:\/\/historikerkraus.de\/blog\/wp-json\/wp\/v2\/posts"}],"about":[{"href":"http:\/\/historikerkraus.de\/blog\/wp-json\/wp\/v2\/types\/post"}],"author":[{"embeddable":true,"href":"http:\/\/historikerkraus.de\/blog\/wp-json\/wp\/v2\/users\/10"}],"replies":[{"embeddable":true,"href":"http:\/\/historikerkraus.de\/blog\/wp-json\/wp\/v2\/comments?post=2958"}],"version-history":[{"count":3,"href":"http:\/\/historikerkraus.de\/blog\/wp-json\/wp\/v2\/posts\/2958\/revisions"}],"predecessor-version":[{"id":2961,"href":"http:\/\/historikerkraus.de\/blog\/wp-json\/wp\/v2\/posts\/2958\/revisions\/2961"}],"wp:attachment":[{"href":"http:\/\/historikerkraus.de\/blog\/wp-json\/wp\/v2\/media?parent=2958"}],"wp:term":[{"taxonomy":"category","embeddable":true,"href":"http:\/\/historikerkraus.de\/blog\/wp-json\/wp\/v2\/categories?post=2958"},{"taxonomy":"post_tag","embeddable":true,"href":"http:\/\/historikerkraus.de\/blog\/wp-json\/wp\/v2\/tags?post=2958"}],"curies":[{"name":"wp","href":"https:\/\/api.w.org\/{rel}","templated":true}]}}