{"id":2954,"date":"2013-09-28T12:04:31","date_gmt":"2013-09-28T10:04:31","guid":{"rendered":"http:\/\/historikerkraus.de\/blog\/?p=2954"},"modified":"2013-09-28T12:06:55","modified_gmt":"2013-09-28T10:06:55","slug":"tv-vorschau-28-september-4-oktober-2013","status":"publish","type":"post","link":"http:\/\/historikerkraus.de\/blog\/2013\/09\/28\/tv-vorschau-28-september-4-oktober-2013\/","title":{"rendered":"TV-Vorschau 28. September \u2013 4. Oktober 2013"},"content":{"rendered":"<p>Der Oktober naht und auch diesmal gibt es interessante Geschichtssendungen im deutschen Fernsehen, u. a. die ersten drei Teile der zweiten Staffel \u201eBorgia\u201c. Hier meine Auswahl:<!--more--><\/p>\n<h2 style=\"text-align: center;\">Samstag, 28. September<\/h2>\n<ul>\n<li>Der \u201eUrsprung der Technik\u201c steht wieder auf <a href=\"http:\/\/www.n-tv.de\/mediathek\/tvprogramm\/?date=2013-09-28\" target=\"_blank\"><strong>N-TV<\/strong><\/a> im Zentrum. Um 20.05 geht es um \u201eWaffen im alten \u00c4gypten\u201c, um 21.05 Uhr um \u201eSpezialeinheiten\u201c und schlie\u00dflich um 22.05 Uhr um \u201eWaffen im antiken Asien\u201c.<\/li>\n<li>Einen Blick auf die Geschichte des Fernsehen wirft <strong>tagesschau 24<\/strong>. Um 20.15 Uhr berichtet die Doku <a href=\"http:\/\/programm.tagesschau24.de\/tv\/Als-der-Fernseher-ins-Wohnzimmer-kam\/2013-09-28\/eid_2872110714591102\" target=\"_blank\">\u201eAls der Fernseher ins Wohnzimmer kam\u201c<\/a> vom westdeutschen Fernsehen der 1960er Jahre (20.45 Uhr). Um 21.02 Uhr folgt dann ein Streifzug durch das DDR-Fernsehen unter dem Titel <a href=\"http:\/\/programm.tagesschau24.de\/tv\/Ein-Kessel-Geschichten\/2013-09-28\/eid_2872110714591231\" target=\"_blank\">\u201eEin Kessel Geschichten\u201c<\/a>.<\/li>\n<li>\u201eDer Schatz der Nibelungen\u201c ist Thema einer zweiteiligen Doku auf <strong>Phoenix<\/strong>. <em>\u201eDas zweiteilige Dokudrama ergr\u00fcndet, was hinter dem Nationalepos der Deutschen steckt, begibt sich auf die Suche nach den historischen Vorbildern und den wahren Begebenheiten, die in der Legende des Nibelungenliedes literarisch verarbeitet wurden.\u201c<\/em> Um 20.15 Uhr befindet sich der Zuschauer <a href=\"http:\/\/www.phoenix.de\/content\/phoenix\/die_sendungen\/der_schatz_der_nibelungen_%281_2%29\/280018?datum=2013-09-28\" target=\"_blank\">\u201eAuf den Spuren Siegfrieds\u201c<\/a> und um 21 Uhr <a href=\"http:\/\/www.phoenix.de\/content\/phoenix\/die_sendungen\/der_schatz_der_nibelungen_%282_2%29\/280026?datum=2013-09-28\" target=\"_blank\">\u201eAuf den Spuren des Goldes\u201c<\/a>. \u2014 Um 21.45 Uhr hei\u00dft es dann noch in der Reihe ZDF-History <a href=\"http:\/\/www.phoenix.de\/content\/phoenix\/die_sendungen\/zdf_history\/739708?datum=2013-09-28\" target=\"_blank\">\u201eNostradamus Superstar\u201c<\/a>.<\/li>\n<li><em>\u201eVor 225 Jahren, am 6. M\u00e4rz 1787, wurde Joseph Fraunhofer geboren, einer der bedeutendsten deutschen Naturwissenschaftler und Namensgeber der renommierten Fraunhofer-Gesellschaft. Selbstentwickelte optische Instrumente erm\u00f6glichten es dem genialen Optiker und Physiker, grundlegende Forschungsarbeiten im Bereich von Licht und Optik durchzuf\u00fchren, die bis in die Gegenwart die Grundlage f\u00fcr die moderne Astronomie darstellen. Eine neue, dreiteilige Sendereihe in BR-alpha stellt Leben und Entdeckungen Fraunhofers vor.\u201c<\/em> \u201eJoseph von Fraunhofer \u2013 Dunkle Linien im Sonnenlicht\u201c, Folge eins von drei <a href=\"http:\/\/www.br.de\/fernsehen\/br-alpha\/programmkalender\/sendung644812.html\" target=\"_blank\">\u201eWaise und Wunderkind\u201c<\/a>, 20.15, <strong>BR-alpha<\/strong>). \u2014 Im Anschluss folgt um 20.45 Uhr ein kurzer f\u00fcnfzehnmin\u00fctiger Beitrag der Reihe \u201eSch\u00e4tze der Welt \u2013 Erbe der Menschheit\u201c: <a href=\"http:\/\/www.br.de\/fernsehen\/br-alpha\/programmkalender\/sendung644814.html\" target=\"_blank\">\u201ePisa (Italien) \u2013 Vom Umbruch in die neue Zeit\u201c<\/a>. \u2014 Und um 21 Uhr geht es dann um <a href=\"http:\/\/www.br.de\/fernsehen\/br-alpha\/programmkalender\/sendung644816.html\" target=\"_blank\">\u201eHitlers Ultimatum \u2013 Die Wahrheit \u00fcber das M\u00fcnchner Abkommen\u201c<\/a>.<\/li>\n<\/ul>\n<h2 style=\"text-align: center;\">Sonntag, 29. September<\/h2>\n<ul>\n<li>Polnische Zeitgeschichte steht auf <strong>tagesschau 24<\/strong> auf dem Programm. Um 20.15 Uhr geht es um das <a href=\"http:\/\/programm.tagesschau24.de\/tv\/Kriegsrecht-in-Polen\/2013-09-29\/eid_2872110714371878\" target=\"_blank\">\u201eKriegsrecht in Polen \u2013 Das Duell Jaruzelski \u2013 Walesa\u201c<\/a>. <em>\u201eEine Dokumentation \u00fcber zwei legend\u00e4re Widersacher des 20. Jahrhunderts. Der eine verh\u00e4ngte am 13. Dezember 1981, das Kriegsrecht: Wojciech Jaruzelski, damals polnischer Partei- und Regierungschef. Er versuchte, die Freiheits-Bewegung der Gewerkschaft Solidarnosc zu vernichten. Der andere, Lech Walesa, Gr\u00fcnder von Solidarnosc, schaffte es, dass seine Bewegung im Untergrund \u00fcberlebte und letztlich das kommunistische Regime besiegte.\u201c<\/em> \u2014 Um 21.02 Uhr folgt ein Interview mit <a href=\"http:\/\/programm.tagesschau24.de\/tv\/Lech-Walesa%2C-Friedensnobelpreistraeger\/2013-09-29\/eid_2872110714371908\" target=\"_blank\">\u201eLech Walesa, Friedensnobelpreistr\u00e4ger\u201c<\/a>. \u2014 Und um 21.45 Uhr schlie\u00dft dann der Beitrag <a href=\"http:\/\/programm.tagesschau24.de\/tv\/Danzig---Die-Lenin-Werft\/2013-09-29\/eid_2872110714371914\" target=\"_blank\">\u201eDanzig \u2013 Die Lenin-Werft\u201c<\/a> aus der Reihe \u201eOrte des Erinnerns\u201c den Themenabend ab.<\/li>\n<li>Hape Kerkeling ist weiterhin \u201eUnterwegs in der Weltgeschichte\u201c. Um 20.15 Uhr zieht es ihn <a href=\"http:\/\/terra-x.zdf.de\/ZDF\/zdfportal\/programdata\/893f31cb-04ff-3cec-b768-ccdc04d351b6\/20207541?doDispatch=1\" target=\"_blank\">\u201eVon Ludwig XIV. bis Napoleon Bonaparte\u201c<\/a>. Und um 21 Uhr geht geht es weiter <a href=\"http:\/\/terra-x.zdf.de\/ZDF\/zdfportal\/programdata\/893f31cb-04ff-3cec-b768-ccdc04d351b6\/20207542?doDispatch=1\" target=\"_blank\">\u201eVon der industriellen Revolution bis zum Mauerfall\u201c<\/a>.<\/li>\n<li>Der <strong>MDR<\/strong> pr\u00e4sentiert um 23.05 Uhr <a href=\"http:\/\/www.mdr.de\/tv\/programm\/sendung307206.html\" target=\"_blank\">\u201eDie rote Traumfabrik\u201c<\/a>. <em>\u201eeine deutsch-russische Kulturpartnerschaft von Filmschaffenden, die in den Jahren 1923 bis 1937 \u00fcber 500 Filme produzierte und diese in beiden L\u00e4ndern ins Kino brachte.\u201c<\/em><\/li>\n<li>Auf <strong>BR-alpha<\/strong> gibt es um 23.20 Uhr ein <a href=\"http:\/\/www.br.de\/fernsehen\/br-alpha\/programmkalender\/sendung644910.html\" target=\"_blank\">\u201eInterview mit der Geschichte\u201c<\/a> aus der Reihe \u201eDie Fernsehtruhe\u201c. Es geht um Friedrich den Gro\u00dfen. \u2014 Um 23.55 Uhr folgt die Doku <a href=\"http:\/\/www.br.de\/fernsehen\/br-alpha\/programmkalender\/sendung644912.html\" target=\"_blank\">\u201eRudolf Diesel \u2013 Das vergessene Genie\u201c<\/a> (mehr dazu <a href=\"http:\/\/www.br.de\/themen\/wissen\/rudolf-diesel-automobil-100.html\" target=\"_blank\">hier<\/a>). \u2014 Und um 0.40 Uhr gibt es noch einen Beitrag \u00fcber <a href=\"http:\/\/www.br.de\/fernsehen\/br-alpha\/programmkalender\/sendung-359216.html\" target=\"_blank\">\u201eErnst Reuter \u2013 K\u00e4mpfer gegen die Blockade\u201c<\/a>.<\/li>\n<li>Quentin Tarantino drehte den starbesetzten Film \u201eInglourious Basterds\u201c, der morgen im <strong>ZDF<\/strong> um 22.25 Uhr l\u00e4uft. ZDF-History zeigt um 23.25 Uhr <a href=\"http:\/\/history.zdf.de\/ZDF\/zdfportal\/programdata\/c5479add-a5dd-35ff-99cf-ca2843da6ec4\/20207327?doDispatch=1\" target=\"_blank\">\u201eInglourious Basterds \u2013 Die wahre Geschichte\u201c<\/a> <em>\u201evon Fred Mayer und Hans Wijnberg, die im Interview von ihrem abenteuerlichen Einsatz als Agenten in der \u201aAlpenfestung\u2018 berichten. Ihre abenteuerliche Geschichte beweist einmal mehr, dass die Realit\u00e4t mindestens so spannend sein kann wie die fiktionale Geschichte.\u201c<\/em><\/li>\n<\/ul>\n<h2 style=\"text-align: center;\">Montag, 30. September<\/h2>\n<ul>\n<li>Auf <a href=\"http:\/\/www.n-tv.de\/mediathek\/tvprogramm\/?date=2013-09-30\" target=\"_blank\"><strong>N-TV<\/strong><\/a> gibt es \u201eOliver Stone: Die Geschichte Amerikas\u201c zu sehen. Der erste Teil l\u00e4uft um 20.05 Uhr, der zweite um 21.05 Uhr. <em>\u201eRegisseur Oliver Stone wirft einen v\u00f6llig neuen Blick auf die Rolle der USA nach Ende des Krieges. Er untersucht das Verhalten von Roosevelt und Stalin, geht aber auch auf unbekannte Helden wie den ehemaligen Vizepr\u00e4sidenten Henry Wallace ein.\u201c<\/em><\/li>\n<li>Das <strong>ZDF<\/strong> startet heute um 20.15 Uhr die sechsteilige zweite Staffel der Serie <a href=\"http:\/\/borgia.zdf.de\/ZDF\/zdfportal\/programdata\/3c44b863-6ce3-4a58-9d4f-dfa595050837\/20207359?doDispatch=1\" target=\"_blank\">\u201eBorgia\u201c<\/a>. <em>\u201eDie zweite Staffel \u201aBorgia\u2018 \u00f6ffnet ein neues Kapitel in der Chronik des verruchten Papst-Clans, der zum einen r\u00fccksichtslos seine Pfr\u00fcnde mehrt und verteidigt, zum anderen gepr\u00e4gt ist von tiefer Religiosit\u00e4t.\u201c<\/em> Hier die <a href=\"http:\/\/borgia.zdf.de\/ZDF\/zdfportal\/programdata\/3c44b863-6ce3-4a58-9d4f-dfa595050837\/20207359?doDispatch=2\" target=\"_blank\">Infos zur ersten Folge<\/a>.<\/li>\n<\/ul>\n<h2 style=\"text-align: center;\">Dienstag, 1. Oktober<\/h2>\n<ul>\n<li>Den zweiten Teil der <a href=\"http:\/\/www.zdf.de\/ZDF\/zdfportal\/programdata\/3c44b863-6ce3-4a58-9d4f-dfa595050837\/20207390\" target=\"_blank\">\u201eBorgia\u201c<\/a> gibt es im <strong>ZDF<\/strong> um 20.15 Uhr.<\/li>\n<li>Um 21.15 Uhr gibt es wieder die <a href=\"http:\/\/www.mdr.de\/tv\/programm\/sendung307396.html\" target=\"_blank\">\u201eGeschichte Mitteldeutschlands \u2013 Das Magazin\u201c<\/a>.<\/li>\n<li>22.45 Uhr auf <strong>BR-aslpha<\/strong>: <a href=\"http:\/\/www.br.de\/fernsehen\/br-alpha\/programmkalender\/sendung645100.html\" target=\"_blank\">\u201eMythen \u2013- Michael K\u00f6hlmeier erz\u00e4hlt Sagen des klassischen Altertums: Sieben gegen Theben\u201c<\/a>.<\/li>\n<\/ul>\n<h2 style=\"text-align: center;\">Mittwoch, 2. Oktober<\/h2>\n<ul>\n<li>Der Satz <a href=\"http:\/\/www.ndr.de\/fernsehen\/epg\/epg1157_sid-1432412.html\" target=\"_blank\">\u201eIch gebe ihnen mein Ehrenwort\u201c<\/a> ist zu einem stehenden Begriff geworden, seit Uwe Barschel als schleswig-holsteinischer Ministerpr\u00e4sident mit diesen Worten eine der dreistesten L\u00fcgen der bundesdeutschen Politikgeschichte auftischte. Die Doku befasst sich mit dem Verh\u00e4ltnis von L\u00fcge und Wahrheit in der Politik (<strong>NDR<\/strong>, 23.35 Uhr).<\/li>\n<\/ul>\n<h2 style=\"text-align: center;\">Donnerstag, 3. Oktober \u2013 Tag der deutschen Einheit<\/h2>\n<ul>\n<li>Teil 3 der <a href=\"http:\/\/www.zdf.de\/ZDF\/zdfportal\/programdata\/3c44b863-6ce3-4a58-9d4f-dfa595050837\/20207451\" target=\"_blank\">\u201eBorgia\u201c<\/a> im <strong>ZDF<\/strong> um 20.15 Uhr.<\/li>\n<li>In englischer Originalfassung sendet <strong>BR-alpha<\/strong> die zweiteilige Doku \u201eNuremberg \u2013 Nazis on Trial\u201c. Um 20.15 Uhr steht <a href=\"http:\/\/www.br.de\/fernsehen\/br-alpha\/programmkalender\/sendung645282.html\" target=\"_blank\">\u201eHermann Goering\u201c<\/a> im Mittelpunkt und um 21.15 Uhr <a href=\"http:\/\/www.br.de\/fernsehen\/br-alpha\/programmkalender\/sendung645284.html\" target=\"_blank\">\u201eAlbert Speer\u201c<\/a>. \u2014 Um 22.15 Uhr folgt die Doku \u201eDer Widerst\u00e4ndige \u2013 Willi Graf. Zivilcourage und Widerstand\u201c](http:\/\/www.br.de\/fernsehen\/br-alpha\/programmkalender\/sendung-359218.html).<\/li>\n<li><strong>ZDF_neo<\/strong> bringt den Dreiteiler \u201eDas Adlon. Eine Familiensaga\u201c, die sich um das ber\u00fchmte Berliner Hotel Adlon dreht. Um 20.15 Uhr <a href=\"http:\/\/www.zdf.de\/ZDF\/zdfportal\/programdata\/bb825f94-27ad-3a77-bc21-5ac98b92a103\/20207658?doDispatch=1\" target=\"_blank\">Teil 1<\/a>, <a href=\"http:\/\/www.zdf.de\/ZDF\/zdfportal\/programdata\/bb825f94-27ad-3a77-bc21-5ac98b92a103\/20207659?doDispatch=1\" target=\"_blank\">Teil 2<\/a> um 21.50 Uhr und <a href=\"http:\/\/www.zdf.de\/ZDF\/zdfportal\/programdata\/bb825f94-27ad-3a77-bc21-5ac98b92a103\/20207660?doDispatch=1\" target=\"_blank\">Teil 3<\/a> um 23.25 Uhr.<\/li>\n<li>Der <strong>BR<\/strong> sendet um 22 Uhr die biographische Doku <a href=\"http:\/\/www.br.de\/fernsehen\/bayerisches-fernsehen\/programmkalender\/sendung645930.html\" target=\"_blank\">\u201eFranz Josef Strau\u00df. Ein deutsches Leben\u201c<\/a>.<\/li>\n<\/ul>\n<h2 style=\"text-align: center;\">Freitag, 4. Oktober<\/h2>\n<ul>\n<li><em>\u201eDas kleine Bonn und die gro\u00dfe Geschichte \u2013 in diesem Spannungsfeld erlebten viele Bonner ihre Heimatstadt.\u201c<\/em> Und dar\u00fcber berichtet die Doku <a href=\"http:\/\/www.wdr.de\/tv\/wdrdok_af\/sendungsbeitraege\/2013\/1004\/heimatabend_bonn.jsp\" target=\"_blank\">\u201eHeimatabend Bonn\u201c<\/a> um 20.15 Uhr. \u2014 Um 23.35 Uhr berichtet die Doku \u201eMythos Tarzan &#8211; R\u00fcckkehr aus dem Dschungel\u201c <em>\u201e\u00fcber den Mythos und den Wandel der Tarzan-Figur in den letzten Jahrzehnten, die auch zeigt, warum der Dschungelheld heute noch lebt und Tarzan so erfolgreich sein kann.\u201c<\/em> (Alles <a href=\"http:\/\/www.wdr.de\/programmvorschau\/suche.html?medium=F&amp;sender=10&amp;datum=2013-10-04&amp;zeit=1900-2400\" target=\"_blank\"><strong>WDR<\/strong><\/a>).<\/li>\n<\/ul>\n","protected":false},"excerpt":{"rendered":"<p>Der Oktober naht und auch diesmal gibt es interessante Geschichtssendungen im deutschen Fernsehen, u. a. die ersten drei Teile der zweiten Staffel \u201eBorgia\u201c. Hier meine Auswahl:<\/p>\n","protected":false},"author":10,"featured_media":0,"comment_status":"open","ping_status":"open","sticky":false,"template":"","format":"standard","meta":{"footnotes":""},"categories":[4,8],"tags":[],"class_list":["post-2954","post","type-post","status-publish","format-standard","hentry","category-geschichte-im-fernsehen","category-history-tv"],"aioseo_notices":[],"_links":{"self":[{"href":"http:\/\/historikerkraus.de\/blog\/wp-json\/wp\/v2\/posts\/2954","targetHints":{"allow":["GET"]}}],"collection":[{"href":"http:\/\/historikerkraus.de\/blog\/wp-json\/wp\/v2\/posts"}],"about":[{"href":"http:\/\/historikerkraus.de\/blog\/wp-json\/wp\/v2\/types\/post"}],"author":[{"embeddable":true,"href":"http:\/\/historikerkraus.de\/blog\/wp-json\/wp\/v2\/users\/10"}],"replies":[{"embeddable":true,"href":"http:\/\/historikerkraus.de\/blog\/wp-json\/wp\/v2\/comments?post=2954"}],"version-history":[{"count":2,"href":"http:\/\/historikerkraus.de\/blog\/wp-json\/wp\/v2\/posts\/2954\/revisions"}],"predecessor-version":[{"id":2957,"href":"http:\/\/historikerkraus.de\/blog\/wp-json\/wp\/v2\/posts\/2954\/revisions\/2957"}],"wp:attachment":[{"href":"http:\/\/historikerkraus.de\/blog\/wp-json\/wp\/v2\/media?parent=2954"}],"wp:term":[{"taxonomy":"category","embeddable":true,"href":"http:\/\/historikerkraus.de\/blog\/wp-json\/wp\/v2\/categories?post=2954"},{"taxonomy":"post_tag","embeddable":true,"href":"http:\/\/historikerkraus.de\/blog\/wp-json\/wp\/v2\/tags?post=2954"}],"curies":[{"name":"wp","href":"https:\/\/api.w.org\/{rel}","templated":true}]}}