{"id":2946,"date":"2013-09-20T16:23:34","date_gmt":"2013-09-20T14:23:34","guid":{"rendered":"http:\/\/historikerkraus.de\/blog\/?p=2946"},"modified":"2013-09-20T16:31:16","modified_gmt":"2013-09-20T14:31:16","slug":"tv-vorschau-21-27-september-2013","status":"publish","type":"post","link":"http:\/\/historikerkraus.de\/blog\/2013\/09\/20\/tv-vorschau-21-27-september-2013\/","title":{"rendered":"TV-Vorschau 21. \u2013 27. September 2013"},"content":{"rendered":"<p>Hier der Blick auf die Geschichtssendungen der kommenden Woche. U. a. gibt es ein Dokudrama \u00fcber das Leben Marcel Reich-Ranickis, viele Infos zu den bisherigen Bundeskanzlern der Bundesrepublik, eine Doku \u00fcber die Kunst als Kriegsbeute und auch etwas \u00fcber die Geschichte der Partei \u201eDie Gr\u00fcnen\u201c zu sehen.<!--more--><\/p>\n<h2 style=\"text-align: center;\">Samstag, 21. September<\/h2>\n<ul>\n<li>Antike Kriegstechnik gibt es mal wieder in der Reihe \u201eUrsprung der Technik\u201c auf <a href=\"http:\/\/www.n-tv.de\/mediathek\/tvprogramm\/?date=2013-09-21\" target=\"_blank\"><strong>N-TV<\/strong><\/a> zu sehen. Um 20.05 Uhr geht es um \u201eElitetruppen\u201c. <em>\u201eGenau wie heute mussten auch die Truppen der Antike oftmals tief hinter den feindlichen Linien unter h\u00e4rtesten Umst\u00e4nden k\u00e4mpfen. Wie schafften es diese Einheiten, sich ohne die modernen Techniken in W\u00fcste, Eis oder Sturm durchzuschlagen? Mit welchen Taktiken und Waffen f\u00fchrten sie ihre Kriege? Die Dokumentation deckt ihre Geheimnisse auf.\u201c<br \/>\n<\/em>\u2014 Um 21.05 Uhr geht es weiter mit einem Beitrag \u00fcber \u201eSuper-Schiffe\u201c der Antike.<br \/>\n\u2014 Und um 22.05 Uhr wird \u201eDer Trojanische Krieg\u201c arch\u00e4ologisch und milit\u00e4rgeschichtlich untersucht.<\/li>\n<\/ul>\n<ul>\n<li>Zum Tode von Marcel Reich-Ranicki sendet der <strong>WDR<\/strong> das biographische Drama <a href=\"http:\/\/www.wdr.de\/tv\/fernsehfilm\/sendungsbeitraege\/2013\/0921\/index.jsp\" target=\"_blank\">\u201eMein Leben\u201c<\/a> um 20.15 Uhr. <em>\u201eIn R\u00fcckblenden erz\u00e4hlt der Film die fr\u00fche Lebensgeschichte des 1920 im polnischen Wloclawek geborenen Marcel Reich-Ranicki. Nach seiner Schulzeit in Berlin bleibt ihm als Jude das Studium verwehrt. Im Herbst 1938, wenige Monate nach seinem Abitur, wird er nach Warschau deportiert, 1940 ins Ghetto umgesiedelt, wo er in gr\u00f6\u00dfter Not auch die Liebe seines Lebens findet: Der Hochzeitstag mit Teophila (genannt \u201aTosia\u2018) f\u00e4llt zusammen mit dem Beginn der R\u00e4umung des Ghettos. Marcels Eltern, sein Bruder und Tosias Mutter werden in die Vernichtungslager deportiert. Im Februar 1943 gelingt Marcel mit seiner Frau die Flucht aus dem Ghetto in den Warschauer Untergrund. In den 50er Jahren entschlie\u00dfen sich beide zu einem ungew\u00f6hnlichen Schritt: Sie gehen in die Bundesrepublik Deutschland zur\u00fcck. Marcel Reich-Ranicki wird der deutsche \u201aKritiker-Papst\u2018. Die Liebe zur deutschen Sprache und Literatur ist ihm trotz allem geblieben.\u201c<\/em><\/li>\n<li>Auf <strong>Phoenix<\/strong> gibt es die ZDF History-Reihe \u201eDie Deutschen im 20. Jahrhundert\u201c zu sehen. Alle f\u00fcnf Folgen am St\u00fcck. Um 20.15 Uhr geht es los mit <a href=\"http:\/\/www.phoenix.de\/content\/phoenix\/die_sendungen\/dokumentationen\/zdf_history_die_deutschen_im_20_jahrhundert_%281_5%29\/207767?datum=2013-09-21\" target=\"_blank\">\u201eDie ruhelose Republik \u2013 Wie die erste deutsche Demokratie scheiterte\u201c<\/a>.<br \/>\n\u2014 21 Uhr: <a href=\"http:\/\/www.phoenix.de\/content\/phoenix\/die_sendungen\/zdf_history_die_deutschen_im_20_jahrhundert_%282_5%29\/216842?datum=2013-09-21\" target=\"_blank\">\u201eHitlers Reich\u201c<\/a>.<br \/>\n\u2014 21.45 Uhr: <a href=\"http:\/\/www.phoenix.de\/content\/phoenix\/die_sendungen\/dokumentationen\/zdf_history_die_deutschen_im_20_jahrhundert_%283_5%29\/207481?datum=2013-09-21\" target=\"_blank\">\u201eDer Zweite Weltkrieg\u201c<\/a>.<br \/>\n\u2014 22.30 Uhr: <a href=\"http:\/\/www.phoenix.de\/content\/phoenix\/die_sendungen\/dokumentationen\/zdf_history_die_deutschen_im_20_jahrhundert_%284_5%29\/210790?datum=2013-09-21\" target=\"_blank\">\u201eDie Zeit der Wunder\u201c<\/a>.<br \/>\n\u2014 23.15 Uhr: <a href=\"http:\/\/www.phoenix.de\/content\/phoenix\/die_sendungen\/dokumentationen\/zdf_history_die_deutschen_im_20_jahrhundert_%285_5%29\/211250?datum=2013-09-21\" target=\"_blank\">\u201eDer Weg zur Einheit\u201c<\/a>.<br \/>\n\u2014 Ab 23.45 Uhr folgt dann die sechsteilige Reihe \u201eKanzler \u2013 Die M\u00e4chtigen der Republik\u201c, dazu Interviews und weitere Dokus \u00fcber die deutschen Nachkriegskanzler (siehe <a href=\"http:\/\/www.phoenix.de\/content\/phoenix\/die_sendungen\/dokumentationen\/kanzler_die_maechtigen_der_republik_%281_6%29\/129915?datum=2013-09-21\" target=\"_blank\">hier<\/a> und <a href=\"http:\/\/www.phoenix.de\/content\/phoenix\/tv_programm\/1?datum=2013-09-22&amp;skip=0\" target=\"_blank\">hier<\/a>).<\/li>\n<li>Auf <strong>Arte<\/strong> geht es arch\u00e4ologisch nach Zentralasien. Um 20.15 Uhr l\u00e4uft die Doku <a href=\"http:\/\/www.arte.tv\/guide\/de\/047512-000\/schatzjagd-an-der-seidenstrasse\" target=\"_blank\">\u201eSchatzjagd an der Seidenstra\u00dfe\u201c<\/a>. <em>\u201eWandeln in der chinesischen Terrakotta- Armee griechische Krieger? Was verraten Wandmalereien, omin\u00f6se Schriften und eine Silberschale \u00fcber fr\u00fche Kontakte zwischen Ost und West? Und was haben blonde Mumien im chinesischen W\u00fcstensand zu suchen? Eine spannende Spurensuche im \u201aReich der Mitte\u2018.\u201c<\/em>\u2014 Und um 21 Uhr folgt <a href=\"http:\/\/www.arte.tv\/guide\/de\/035590-000\/dschingis-khan\" target=\"_blank\">\u201eDschingis Khan \u2013 Reiter der Apokalypse\u201c<\/a>. <em>\u201eDie aufwendige Dokumentation zeichnet in opulent gestalteten Spielszenen die wichtigsten Stationen im Leben des Mongolenherrschers Dschingis Khan nach. Au\u00dferdem berichtet sie \u00fcber die aktuelle Forschung zu den Lebensverh\u00e4ltnissen der Mongolen im Mittelalter.\u201c<\/em><\/li>\n<\/ul>\n<h2 style=\"text-align: center;\">Sonntag, 22. September<\/h2>\n<ul>\n<li><a href=\"http:\/\/www.br.de\/fernsehen\/br-alpha\/programmkalender\/sendung644238.html\" target=\"_blank\">\u201eDer Raub des Quedlinburger Domschatzes\u201c<\/a> ist Thema eines Beitrags der Reihe \u201eDie Spur der Sch\u00e4tze\u201c auf <strong>BR-alpha<\/strong> um 20.15 Uhr.\u2014 Um 23.15 Uhr gibt es noch einen Beitrag aus der Reihe \u201eInterview mit der Geschichte\u201c: <a href=\"http:\/\/www.br.de\/fernsehen\/br-alpha\/programmkalender\/sendung644244.html\" target=\"_blank\">\u201eMaria Theresia\u201c<\/a>.<\/li>\n<li>\u201eDer geheime Kontinent\u201c lautet der Titel einer zweiteiligen Doku auf <a href=\"http:\/\/www.3sat.de\/programm\/?viewlong=viewlong&amp;d=20130922&amp;dayID=ClnDaN22&amp;cx=80#border1800\" target=\"_blank\"><strong>3sat<\/strong><\/a>. Um 20.15 Uhr geht es um die Geschchte Amerikas vor seiner Entdeckung 1492: \u201eWas geschah vor Kolumbus?\u201c Um 21 Uhr geht es weiter mit der Folge: \u201eSie kamen \u00fcber das Meer\u201c.<\/li>\n<li>Heute hat nat\u00fcrlich die Bundestagswahl den Vorrang auf fast allen Sendern. Das <strong>ZDF<\/strong> sendet nach Mitternacht noch die Doku <a href=\"http:\/\/history.zdf.de\/ZDF\/zdfportal\/programdata\/c5479add-a5dd-35ff-99cf-ca2843da6ec4\/20206548?doDispatch=1\" target=\"_blank\">\u201eNostradamus Superstar\u201c<\/a> aus der Reihe ZDF-History (0.10 Uhr).<\/li>\n<\/ul>\n<h2 style=\"text-align: center;\">Montag, 23. September<\/h2>\n<ul>\n<li>Um 20.15 Uhr zeigt <strong>Phoenix<\/strong> unter dem Titel <a href=\"http:\/\/www.phoenix.de\/content\/phoenix\/die_sendungen\/die_wege_der_deutschen\/736770?datum=2013-09-23\" target=\"_blank\">\u201eDie Wege der Deutschen\u201c<\/a> einen Zusammenschnitt <em>\u201eder ersten Staffel von \u201aDie Deutschen\u2018 von 2008 und gibt einen Ausblick auf die zehn Filme der zweiten Staffel.\u201c<\/em><\/li>\n<\/ul>\n<h2 style=\"text-align: center;\">Dienstag, 24. September<\/h2>\n<ul>\n<li><a href=\"http:\/\/www.hr-online.de\/website\/fernsehen\/sendungen\/programm_popup.jsp?key=hr-fernsehen_2013-09-24&amp;row=38\" target=\"_blank\">\u201eSo war das alte Hessen \u2013 Rheingau\u201c<\/a> (<strong>HR<\/strong>, 22.45 Uhr). <em>\u201eDer Rheingau ist eine uralte Kulturlandschaft. Schon die alten R\u00f6mer sch\u00e4tzten Rhein und Wein, die hier dank der geografisch bevorzugten Lage eine fruchtbare Symbiose eingegangen sind. Die Sendereihe &#8222;So war das alte Hessen&#8220; versucht im neuen Jahrtausend noch einmal, das Gesicht der hessischen St\u00e4dte und Regionen vor der Zerst\u00f6rung und dem tiefen Einschnitt des verlorenen Weltkrieges zu rekonstruieren. Noch leben Zeitzeugen, die die Vorkriegszeit bewusst miterlebt haben, noch finden sich alte Filmdokumente, die in bewegten Bildern eine kleine Zeitreise in diese nahe Vergangenheit erm\u00f6glichen.\u201c<\/em><\/li>\n<li>Ebenfalls um 22.45 Uhr zeigt <strong>BR-alpha<\/strong> eine neue Folge der Reihe \u201eMythen \u2013 Michael K\u00f6hlmeier erz\u00e4hlt Sagen des klassischen Altertums\u201c. Diesmal geht es um <a href=\"http:\/\/www.br.de\/fernsehen\/br-alpha\/programmkalender\/sendung644436.html\" target=\"_blank\">\u201eEteokles und Polyneikes\u201c<\/a>.<\/li>\n<\/ul>\n<h2 style=\"text-align: center;\">Mittwoch, 25. September<\/h2>\n<ul>\n<li>Ein ganz hei\u00dfes Eisen ist Thema der Doku <a href=\"http:\/\/programm.tagesschau24.de\/tv\/Goetter%2C-Raeuber%2C-Diplomaten\/2013-09-25\/eid_2872110751572631\" target=\"_blank\">\u201eG\u00f6tter, R\u00e4uber, Diplomaten\u201c<\/a>. Es geht um die Geschichte der Beutekunst. <em>\u201eDie Autoren Claus Bredenbrock, Henning Burk und Bernhard Pfletschinger haben mit international renommierten Fachleuten \u00fcber die Motive gesprochen, Kulturg\u00fcter als Beute zu nehmen. Das Fazit: Es geht dem Sieger nicht nur darum, den Gegner zu dem\u00fctigen, ihn materiell und geistig zu enteignen, sondern auch darum, sich die ehemals als Leitkultur geltende Kultur einzuverleiben. F\u00fcr Verhandlungen um die R\u00fcckgabe gibt es kein Patentrezept. Aber wie sensibel dieses Thema behandelt wird, ist eine Frage der politischen Kultur.\u201c<br \/>\n<\/em>\u2014 Um s\u00fcdkoreanische Geschichte geht es in der Doku <a href=\"http:\/\/programm.tagesschau24.de\/tv\/Chongmyo---Der-Schrein-der-Koenige\/2013-09-25\/eid_2872110673667641\" target=\"_blank\">\u201eChongmyo \u2013 Der Schrein der K\u00f6nige\u201c<\/a> um 23.52 Uhr. <em>\u201eAn den H\u00e4ngen der Berge im Norden S\u00fcdkoreas entstanden drei gro\u00dfe K\u00f6nigspal\u00e4ste und Chongmyo, der Ahnenschrein der K\u00f6nige. 1395, nach nur 10-monatiger Bauzeit, war der Chongmyo-Schrein vollendet. Der Schrein diente als Heiligtum dem Gedenken der verstorbenen Mitglieder der K\u00f6nigsfamilie. Hier wurden die Lebensgeschichte und die Heldentaten der K\u00f6nige und ihrer Frauen auf Holzplatten notiert, die zwischen der Mauer und dem Geb\u00e4ude, dem Schrein, vergraben sind. Im Schrein selbst sind nur Kopien der Holztafeln aufbewahrt. Die Anlage brannte 1592 nieder, wurde wieder aufgebaut und inzwischen immer wieder umgestaltet.\u201c<\/em><\/li>\n<\/ul>\n<h2 style=\"text-align: center;\">Donnerstag, 26. September<\/h2>\n<ul>\n<li>Der Zweiteiler \u201eDie Gustloff \u2013 Die Dokumentation\u201c l\u00e4uft auf <strong>Phoenix<\/strong>. Um 20.15 Uhr Teil 1 <a href=\"http:\/\/www.phoenix.de\/content\/phoenix\/die_sendungen\/dokumentationen\/die_gustloff_die_dokumentation_%281_2%29\/180532?datum=2013-09-26\" target=\"_blank\">\u201eHafen der Hoffnung\u201c<\/a>, um 21 Uhr Teil 2 <a href=\"http:\/\/www.phoenix.de\/content\/phoenix\/die_sendungen\/dokumentationen\/die_gustloff_die_dokumentation%282_2%29\/180538?datum=2013-09-26\" target=\"_blank\">\u201eFlucht \u00fcber die Ostsee\u201c<\/a>. <em>\u201eDie zweiteilige Dokumentation schildert die historischen Fakten zur Vorgeschichte und zum Untergang des Fl\u00fcchtlingsschiffs \u2013 eines der vielen tragischen Kapitel am Ende des Zweiten Weltkrieges. Im Mittelpunkt stehen die Menschen der \u201aGustloff\u2018. Zeitzeugen berichten, wie sie die Katastrophe \u00fcberlebten.\u201c<\/em><\/li>\n<\/ul>\n<h2 style=\"text-align: center;\">Freitag, 27. September<\/h2>\n<ul>\n<li>Es ist wieder <a href=\"http:\/\/www.wdr.de\/tv\/wdrdok_af\/\" target=\"_blank\">\u201eDoku am Freitag\u201c<\/a>-Zeit im <strong>WDR<\/strong>. Um 20.15 Uhr geht es unter der \u00dcberschrift \u201eDynastien in NRW\u201c um <a href=\"http:\/\/www.wdr.de\/tv\/wdrdok_af\/sendungsbeitraege\/2013\/0927\/die_cramers_aus_warstein.jsp\" target=\"_blank\">\u201eDie Cramers aus Warstein\u201c<\/a>. <em>\u201eDas Warsteiner Pils ist weit \u00fcber die Grenzen Nordrhein-Westfalens bekannt. Hinter der Weltmarke verbirgt sich eine Sauerl\u00e4nder Familienbrauerei. Begonnen hat alles 1753, als Caspar Cramer zum ersten Mal eine Biersteuer bezahlen musste &#8211; der Grundstein f\u00fcr die sp\u00e4tere Brauerei. Mittlerweile braut Familie Cramer seit gut 260 Jahren und in zehnter Generation ihr Bier in Warstein.\u201c<br \/>\n<\/em>\u2014 Um 23.15 Uhr gibt es noch ein gutes St\u00fcck Zeitgeschichte in der Doku <a href=\"http:\/\/www.wdr.de\/tv\/wdr-dok\/sendungsbeitraege\/2013\/0927\/das_waren_die_gruenen.jsp\" target=\"_blank\">\u201eDas waren DIE GR\u00dcNEN \u2026 \u2013 Wie aus Ideen Politik wurde\u201c<\/a>. <em>\u201eAls die Partei bei der Bundestagswahl vor 30 Jahren, am 06. M\u00e4rz 1983, erstmals den Einzug in den Bundestag schafften, war das eine politische, mediale und kulturelle Sensation. Man hielt sie f\u00fcr eine schnell vor\u00fcbergehende Erscheinung. [\u2026] Regisseurin Annette Zinkant erz\u00e4hlt in \u201aDas waren die Gr\u00fcnen\u2018 von der unerf\u00fcllten Sehnsucht der Gr\u00fcnen nach Wahrhaftigkeit in der Politik. Und wie aus Ideen Politik wird und wie sich dabei die Perspektiven ver\u00e4ndern. Ein Film \u00fcber die Psychologie der Macht.\u201c<\/em><\/li>\n<\/ul>\n","protected":false},"excerpt":{"rendered":"<p>Hier der Blick auf die Geschichtssendungen der kommenden Woche. U. a. gibt es ein Dokudrama \u00fcber das Leben Marcel Reich-Ranickis, viele Infos zu den bisherigen Bundeskanzlern der Bundesrepublik, eine Doku \u00fcber die Kunst als Kriegsbeute und auch etwas \u00fcber die Geschichte der Partei \u201eDie Gr\u00fcnen\u201c zu sehen.<\/p>\n","protected":false},"author":10,"featured_media":0,"comment_status":"open","ping_status":"open","sticky":false,"template":"","format":"standard","meta":{"footnotes":""},"categories":[4,8],"tags":[],"class_list":["post-2946","post","type-post","status-publish","format-standard","hentry","category-geschichte-im-fernsehen","category-history-tv"],"aioseo_notices":[],"_links":{"self":[{"href":"http:\/\/historikerkraus.de\/blog\/wp-json\/wp\/v2\/posts\/2946","targetHints":{"allow":["GET"]}}],"collection":[{"href":"http:\/\/historikerkraus.de\/blog\/wp-json\/wp\/v2\/posts"}],"about":[{"href":"http:\/\/historikerkraus.de\/blog\/wp-json\/wp\/v2\/types\/post"}],"author":[{"embeddable":true,"href":"http:\/\/historikerkraus.de\/blog\/wp-json\/wp\/v2\/users\/10"}],"replies":[{"embeddable":true,"href":"http:\/\/historikerkraus.de\/blog\/wp-json\/wp\/v2\/comments?post=2946"}],"version-history":[{"count":6,"href":"http:\/\/historikerkraus.de\/blog\/wp-json\/wp\/v2\/posts\/2946\/revisions"}],"predecessor-version":[{"id":2953,"href":"http:\/\/historikerkraus.de\/blog\/wp-json\/wp\/v2\/posts\/2946\/revisions\/2953"}],"wp:attachment":[{"href":"http:\/\/historikerkraus.de\/blog\/wp-json\/wp\/v2\/media?parent=2946"}],"wp:term":[{"taxonomy":"category","embeddable":true,"href":"http:\/\/historikerkraus.de\/blog\/wp-json\/wp\/v2\/categories?post=2946"},{"taxonomy":"post_tag","embeddable":true,"href":"http:\/\/historikerkraus.de\/blog\/wp-json\/wp\/v2\/tags?post=2946"}],"curies":[{"name":"wp","href":"https:\/\/api.w.org\/{rel}","templated":true}]}}