{"id":2928,"date":"2013-09-10T12:49:23","date_gmt":"2013-09-10T10:49:23","guid":{"rendered":"http:\/\/historikerkraus.de\/blog\/?p=2928"},"modified":"2013-09-10T12:53:37","modified_gmt":"2013-09-10T10:53:37","slug":"tv-vorschau-7-13-september-2013-teil-2","status":"publish","type":"post","link":"http:\/\/historikerkraus.de\/blog\/2013\/09\/10\/tv-vorschau-7-13-september-2013-teil-2\/","title":{"rendered":"TV-Vorschau 7. \u2013 13. September 2013 (Teil 2)"},"content":{"rendered":"<p>Hier kommt die Fortsetzung der TV-Vorschau:<\/p>\n<p><!--more--><\/p>\n<h2 align=\"center\">Dienstag, 10. September<\/h2>\n<ul>\n<li>Die Doku <a href=\"http:\/\/www.mdr.de\/tv\/programm\/sendung301258.html\" target=\"_blank\">&#8222;DDR geheim: Der Kalte Krieg in der Rh\u00f6n&#8220;<\/a>, die um 20.15 Uhr im <strong>MDR<\/strong> l\u00e4uft, berichtet von den Abh\u00f6rstellungen des Warschauer Paktes am westlichsten Punkt der DDR in der th\u00fcringischen Rh\u00f6n. <em>&#8222;Hier h\u00e4tte jederzeit ein Dritter Weltkrieg ausbrechen k\u00f6nnen, da sind sich Historiker in Ost und West einig. An keinem anderen Ort ragte das Gebiet des ehemaligen Ostblocks so weit in den Westen hinein wie hier. Als &#8222;Fulda Gap&#8220;, die L\u00fccke von Fulda, bezeichneten die US-amerikanischen Streitkr\u00e4fte diesen f\u00fcr sie so verwundbaren Punkt.&#8220;<\/em><\/li>\n<li>In zwei Folgen der Reihe &#8222;Geheimnisvolle Orte&#8220; stellt <strong>RBB<\/strong> zwei besonders geschichtstr\u00e4chtige Orte der ehemaligen DDR vor. Um 20.15 Uhr geht es um <a href=\"http:\/\/www.rbb-online.de\/geheimnisvolle_orte\/archiv\/klein_glienicke.html\" target=\"_blank\">&#8222;Klein-Glienicke&#8220;<\/a>, das der &#8222;Blinddarm der DDR&#8220; genannt wurde. <em>Nur durch eine kleine Br\u00fccke mit Babelsberg und dem Rest der DDR verbunden, war der Ort eine &#8222;Sondersicherheitszone&#8220; umgeben vom &#8222;Klassenfeind&#8220;.<\/em><br \/>\n\u2013 Um 21 Uhr folgt ein Beitrag \u00fcber <a href=\"http:\/\/www.rbb-online.de\/fernsehen\/programm\/10_09_2013\/10606226704.html\" target=\"_blank\">&#8222;Die Beelitz-Heilst\u00e4tten&#8220;<\/a>. <em>&#8222;Eine knappe halbe Autostunde s\u00fcdlich von Berlin erhebt sich eine geheimnisvolle Ruinenlandschaft aus dem m\u00e4rkischen Kiefernwald. Riesige Sanatoriumsgeb\u00e4ude, verfallende Villen und Krankenhaus-Pavillons. Was heute wie eine Geisterstadt aussieht, war einst ein einzigartiges Juwel deutscher und europ\u00e4ischer Architektur- und Sozialgeschichte.&#8220;<\/em><\/li>\n<li>Mit <strong>Phoenix<\/strong> taucht der Zuschauer ins tiefe Mittelalter. Um 20.15 Uhr hat es <a href=\"http:\/\/www.phoenix.de\/content\/phoenix\/die_sendungen\/karl_der_grosse\/678502?datum=2013-09-10\" target=\"_blank\">&#8222;Karl der Gro\u00dfe&#8220;<\/a> mit dem Aufstand der Th\u00fcringer zu tun. <em>&#8222;Der Film begibt sich auf die Suche nach den Spuren von Karl dem Gro\u00dfen in Th\u00fcringen und zeigt gleichzeitig, wie Th\u00fcringer und Franken damals lebten. Was unterschied die beiden V\u00f6lker? [\u2026] Welche Spuren der Franken finden sich noch heute in Th\u00fcringen? Der Film besucht bedeutende Ausgrabungsst\u00e4tten und zeigt, wie es zu diesem Konflikt der Kulturen kam.&#8220;<\/em><br \/>\n\u2014 Um 21 Uhr bekommen wir <a href=\"http:\/\/www.phoenix.de\/content\/phoenix\/die_sendungen\/dokumentationen\/theophanu\/133470?datum=2013-09-10\" target=\"_blank\">&#8222;Theophanu \u2013 Die m\u00e4chtigste Frau des Abendlandes&#8220;<\/a> pr\u00e4sentiert.<\/li>\n<li>&#8222;Am 11. September 1944, kurz vor Mitternacht, wird das s\u00fcdhessische Darmstadt aus dem Schlaf gerissen. Als die Sirenen aufheulen, wissen die Bewohner noch nicht, dass dieser Luftalarm v\u00f6llig anders ausgehen wird, als die unz\u00e4hligen Male zuvor. In einem bis dahin noch nie ausgef\u00fchrten F\u00e4cherangriff \u00fcberfliegen mehrere hundert viermotorige Bomber die Stadt und werfen neben vielen Luftminen und Sprengbomben 300.000 Brandbomben ab. Innerhalb einer halben Stunde brennt die ganze Stadt. 12.000 Menschen kommen bei diesem Angriff ums Leben, achtzig Prozent der Bev\u00f6lkerung verlieren in dieser Nacht alles, was sie besessen hatten.&#8220; Die Doku <a href=\"http:\/\/www.hr-online.de\/website\/fernsehen\/sendungen\/programm_popup.jsp?key=hr-fernsehen_2013-09-10&amp;row=37\" target=\"_blank\">&#8222;Brandmale &#8211; Darmstadt und die Bombennacht&#8220;<\/a> berichtet \u00fcber die Zerst\u00f6rung Darmstadts im Zweiten Weltkrieg (<strong>HR<\/strong>, 21 Uhr).<\/li>\n<li>Der Syrienkonflikt ist nicht nur h\u00f6chst aktuell, sondern hat auch (s)eine Geschichte. <a href=\"http:\/\/www.arte.tv\/guide\/de\/042436-000\/die-diktatoren-von-damaskus\" target=\"_blank\">&#8222;Die Diktatoren von Damaskus&#8220;<\/a> geht zur\u00fcck zu den Anf\u00e4ngen der Herrschaft der Familie Assad. <em>&#8222;Die Dokumentation schildert die auch schon vor Beginn des arabischen Fr\u00fchlings h\u00f6chst komplexe syrische Situation und gibt vor dem Hintergrund des seit zwei Jahren tobenden B\u00fcrgerkriegs aufschlussreiche Einblicke in die Geschichte des Landes.&#8220;<\/em> (<strong>Arte<\/strong>, 21.50 Uhr).<br \/>\n\u2014 Um 23.35 Uhr besch\u00e4ftigt sich die Doku <a href=\"http:\/\/www.arte.tv\/guide\/de\/047821-001\/geheimakte-geschichte\" target=\"_blank\">&#8222;Marschbefehl f\u00fcr eine Leiche&#8220;<\/a> aus der Reihe &#8222;Geheimakte Geschichte&#8220; mit dem Schicksal eines britischen Offiziers, dessen Leichnam 1943 an die spanische K\u00fcste gesp\u00fclt wurde. <em>&#8222;An den Toten ist eine Aktentasche mit wichtigen Papieren gekettet. Briefe, die angeblich die Angriffspl\u00e4ne der Alliierten im Mittelmeerraum enth\u00fcllen \u2013 und das zu einem Zeitpunkt, an dem der Krieg auf Messers Schneide steht.&#8220;<\/em> Bei den geheimen Dokumenten handelte es sich um F\u00e4lschungen, die die Deutschen in die Irre f\u00fchren sollten.<\/li>\n<\/ul>\n<h2 align=\"center\">Mittwoch, 11. September<\/h2>\n<ul>\n<li><strong>Phoenix<\/strong> sendet die Geschichtsreihe &#8222;Die Deutschen&#8220;. Um 20.15 Uhr geht es los mit Teil 1 <a href=\"http:\/\/www.phoenix.de\/content\/phoenix\/die_sendungen\/die_deutschen_i\/453130?datum=2013-09-11\" target=\"_blank\">&#8222;Barbarossa und der L\u00f6we&#8220;<\/a>, ehe um 21 Uhr Teil 2 <a href=\"http:\/\/www.phoenix.de\/content\/phoenix\/die_sendungen\/die_deutschen_i\/453135?datum=2013-09-11\" target=\"_blank\">&#8222;Luther und die Nation&#8220;<\/a> folgt.<\/li>\n<li>Um 20.15 Uhr stellt <strong>tagesschau 24<\/strong> die Frage <a href=\"http:\/\/programm.tagesschau24.de\/tv\/Verrat-in-Santiago---Wer-erschoss-Salvador-Allende\/2013-09-11\/eid_2872110591032747\" target=\"_blank\">&#8222;Verrat in Santiago \u2013 Wer erschoss Salvador Allende?&#8220;<\/a> <em>&#8222;Die Historiker gehen bis heute davon aus, dass Allende zum Zeitpunkt seines Todes alleine war, und dass es keine Zeugen gibt. Die Recherche \u2013 30 Jahre sp\u00e4ter \u2013 ergibt: In Wahrheit waren zw\u00f6lf seiner Getreuen bei ihm, als er sich erschoss. Einer der wenigen \u00dcberlebenden, Allendes Leibw\u00e4chter Pablo Zepeda, bricht das Schweigen und erz\u00e4hlt vor der Kamera, was in den letzten Minuten von Allendes Leben geschah. Er starb wie der Held einer griechischen Trag\u00f6die, moralisch unbesiegt, aber politisch gescheitert und einsam. Die Menschen, die mit ihm im Regierungspalast Moneda ausharrten, erz\u00e4hlen von ihren letzten Erlebnissen mit Allende, darunter seine Tochter Isabel. Ein bewegender und spannender Film, der mit Legenden aufr\u00e4umt und die Wahrheit \u00fcber Allendes Leben und Tod erz\u00e4hlt.&#8220;<\/em><\/li>\n<li><a href=\"http:\/\/www.mdr.de\/tv\/programm\/sendung301430.html\" target=\"_blank\">Die verschollene Kriegschronik&#8220;<\/a> ist Thema einer Doku der Reihe &#8222;Die Spur der Sch\u00e4tze&#8220; um 21.15 Uhr im <strong>MDR<\/strong>. Sie erz\u00e4hlt <em>die Geschichte eines Buches, das fast 60 Jahre lang verschollen war, erg\u00e4nzt um nie erz\u00e4hlte Episoden aus der kurzen US-amerikanischen Besatzungszeit in Weimar.<\/em><\/li>\n<\/ul>\n<h2 align=\"center\">Donnerstag, 12. September<\/h2>\n<ul>\n<li>Die erste Staffel &#8222;Die Deutschen&#8220; geht auf <strong>Phoenix<\/strong> weiter. Um 20.15 Uhr erfahren wir etwas \u00fcber <a href=\"http:\/\/www.phoenix.de\/content\/phoenix\/die_sendungen\/die_deutschen_i\/453177?datum=2013-09-12\" target=\"_blank\">&#8222;Preu\u00dfens Friedrich und die Kaiserin&#8220;<\/a> und um 21 Uhr folgt <a href=\"http:\/\/www.phoenix.de\/content\/phoenix\/die_sendungen\/die_deutschen_i\/453197?datum=2013-09-12\" target=\"_blank\">&#8222;Wilhelm und die Welt&#8220;<\/a>.<\/li>\n<li>Am 28. Mai 1987 landete der damals 18j\u00e4hrige Hobbypilot Mathias Rust auf dem Roten Platz in Moskau direkt vor dem Kreml. Die gesamte russische Luftverteidigung war v\u00f6llig \u00fcberrumpelt. Die Doku <a href=\"http:\/\/www.swr.de\/swr2\/wissen\/geschichte-zeitgeschehen\/kreml-landung-roterplatz\/-\/id=10756330\/nid=10756330\/did=11986258\/nycxyr\/index.html\" target=\"_blank\">&#8222;Der Kremlflieger &#8211; Mathias Rust und die Landung auf dem Roten Platz&#8220;<\/a> von Gabriele Denecke geht diesem Ereignis und seinen Folgen nach.<\/li>\n<\/ul>\n<h2 align=\"center\">Freitag, 13. September<\/h2>\n<ul>\n<li>\n<div>Der <strong>WDR<\/strong> beginnt seinen Fernsehabend um 20.15 Uhr mit einem Beitrag der Reihe &#8222;Doku am Freitag&#8220; bzw. &#8222;Dynastien aus NRW&#8220;: <a href=\"http:\/\/www.wdr.de\/tv\/wdrdok_af\/sendungsbeitraege\/2013\/0913\/schnapsbrenner_aus_steinhagen.jsp\" target=\"_blank\">&#8222;Die Schnapsbrenner aus Steinhagen &#8211; Familie Schlichte&#8220;<\/a>. &#8222;Der Steinh\u00e4ger, der nur im ostwestf\u00e4lischen Steinhagen gebrannt werden darf, war einmal das Synonym f\u00fcr &#8218;The German Schnaps&#8216;. [&#8230;] Die Erfolgsgeschichte begann schon vor 500 Jahren am S\u00fcdhang des Teutoburger Waldes: Sch\u00e4fer hatten beobachtet, dass ihre Schafe, wenn es ihnen schlecht ging, vergorene Wacholderbeeren a\u00dfen. Das half. Die Sch\u00e4fer machten es den Tieren nach, sammelten die Beeren, pressten sie und destillierten daraus den sogenannten Wacholderlutter, ein Heilmittel gegen Magenschmerzen.<br \/>\n\u2014 Sp\u00e4ter versetzten sie das Konzentrat mit Kornalkohol und brannten es noch einmal. Das war die Geburtsstunde des Steinh\u00e4gers. Der im Gegensatz zu Gin oder Genever doppelt gebrannte Wacholderschnaps startete Anfang des 20. Jahrhunderts seinen Siegeszug. Immer vorne dabei: die Familie Schlichte.&#8220; Sp\u00e4ter l\u00e4uft dann noch die Doku <a href=\"https:\/\/presse.wdr.de\/plounge\/tv\/das_erste\/2013\/07\/20130715_unser_wirtschaftswunder.html\" target=\"_blank\">&#8222;Unser Wirtschaftswunder \u2013 Die wahre Geschichte&#8220;<\/a> (23.25 Uhr).<\/div>\n<\/li>\n<\/ul>\n","protected":false},"excerpt":{"rendered":"<p>Hier kommt die Fortsetzung der TV-Vorschau:<\/p>\n","protected":false},"author":10,"featured_media":0,"comment_status":"open","ping_status":"open","sticky":false,"template":"","format":"standard","meta":{"footnotes":""},"categories":[4,8],"tags":[],"class_list":["post-2928","post","type-post","status-publish","format-standard","hentry","category-geschichte-im-fernsehen","category-history-tv"],"aioseo_notices":[],"_links":{"self":[{"href":"http:\/\/historikerkraus.de\/blog\/wp-json\/wp\/v2\/posts\/2928","targetHints":{"allow":["GET"]}}],"collection":[{"href":"http:\/\/historikerkraus.de\/blog\/wp-json\/wp\/v2\/posts"}],"about":[{"href":"http:\/\/historikerkraus.de\/blog\/wp-json\/wp\/v2\/types\/post"}],"author":[{"embeddable":true,"href":"http:\/\/historikerkraus.de\/blog\/wp-json\/wp\/v2\/users\/10"}],"replies":[{"embeddable":true,"href":"http:\/\/historikerkraus.de\/blog\/wp-json\/wp\/v2\/comments?post=2928"}],"version-history":[{"count":3,"href":"http:\/\/historikerkraus.de\/blog\/wp-json\/wp\/v2\/posts\/2928\/revisions"}],"predecessor-version":[{"id":2932,"href":"http:\/\/historikerkraus.de\/blog\/wp-json\/wp\/v2\/posts\/2928\/revisions\/2932"}],"wp:attachment":[{"href":"http:\/\/historikerkraus.de\/blog\/wp-json\/wp\/v2\/media?parent=2928"}],"wp:term":[{"taxonomy":"category","embeddable":true,"href":"http:\/\/historikerkraus.de\/blog\/wp-json\/wp\/v2\/categories?post=2928"},{"taxonomy":"post_tag","embeddable":true,"href":"http:\/\/historikerkraus.de\/blog\/wp-json\/wp\/v2\/tags?post=2928"}],"curies":[{"name":"wp","href":"https:\/\/api.w.org\/{rel}","templated":true}]}}