{"id":2919,"date":"2013-09-07T15:41:16","date_gmt":"2013-09-07T13:41:16","guid":{"rendered":"http:\/\/historikerkraus.de\/blog\/?p=2919"},"modified":"2013-09-07T15:50:03","modified_gmt":"2013-09-07T13:50:03","slug":"tv-vorschau-7-13-september-2013-teil-1","status":"publish","type":"post","link":"http:\/\/historikerkraus.de\/blog\/2013\/09\/07\/tv-vorschau-7-13-september-2013-teil-1\/","title":{"rendered":"TV-Vorschau 7. \u2013 13. September 2013 (Teil 1)"},"content":{"rendered":"<p>Auch diese Woche erscheint der Vorausblick auf die Geschichtssendungen im deutschen Fernsehen in zwei Teilen. Die Fortsetzung folgt dann am Dienstag.<!--more--><\/p>\n<h2 align=\"center\">Samstag, 7. September<\/h2>\n<ul>\n<li><em>Der \u201eAlltag unterm Hakenkreuz\u201c geht auf <a href=\"http:\/\/www.n-tv.de\/mediathek\/tvprogramm\/?date=2013-09-07\" target=\"_blank\"><strong>N-TV<\/strong><\/a> weiter. Um 20.05 Uhr gibt es den 9. Teil der Reihe, um 21.05 Uhr folgt Teil 10.<\/em><br \/>\n<em> &#8211; Um 22.10 Uhr geht es dann noch um \u201eNazi-Kollaborateure: Hitlers j\u00fcdische Helfer\u201c. \u201eTausende Menschen arbeiteten w\u00e4hrend des Zweiten Weltkriegs in den von der Wehrmacht besetzten L\u00e4ndern Europas mit den Besatzern zusammen &#8211; darunter unglaublicherweise auch Juden. Ihre Motive waren vielf\u00e4ltig und reichten von der Hoffnung, Leben zu retten bis zu purer Machtgier. Die n-tv Dokumentation bringt Licht in dieses dunkle Kapitel europ\u00e4ischer Geschichte und zeichnet differenzierte Portr\u00e4ts der T\u00e4ter &#8211; angereichert durch Interviews und erstmals zug\u00e4ngliches Archivmaterial.\u201c<\/em><\/li>\n<li><em>\u201eMathias Knei\u00dfl (1875-1902) in der kollektiven Erinnerung Bayerns als Volksheld. Zu Lebzeiten war er der meistgesuchte Verbrecher Bayerns und selbst Prinzregent Luitpold lie\u00df sich t\u00e4glich \u00fcber die Jagd nach dem Gesetzesbrecher Bericht erstatten.\u201c<\/em> Seine Lebensgeschichte wurde mehrfach verfilmt und auf B\u00fchnen gespielt. Der <strong>BR<\/strong> zeigt um 20.15 Uhr die Variante von Regisseur Marcus H. Rosenm\u00fcller <a href=\"http:\/\/www.br.de\/fernsehen\/bayerisches-fernsehen\/programmkalender\/sendung633414.html\" target=\"_blank\">\u201eR\u00e4uber Knei\u00dfl\u201c<\/a> (BRD 2008). Noch mehr Infos zu dem Historiendrama gibt es <a href=\"http:\/\/www.br.de\/fernsehen\/bayerisches-fernsehen\/inhalt\/film-und-serie\/raeuber-kneissl-marcus-h-rosenmueller-spielfilm-100.html\" target=\"_blank\">hier<\/a>.<\/li>\n<li>Das alte \u00c4gypten bestimmt das Abendprogramm auf <strong>Arte<\/strong>. Um 20.15 Uhr geht es um den <a href=\"http:\/\/www.arte.tv\/guide\/de\/048174-000\/der-streitwagen-des-pharao\" target=\"_blank\">\u201eStreitwagen des Pharao\u201c<\/a>. <em>\u201eNicht nur Pyramiden und Hieroglyphen sind kulturelles Erbe der \u00c4gypter. Ebenso gilt ihr Streitwagen als revolution\u00e4re Innovation. Aber ist es dieses Kriegsgef\u00e4hrt gewesen, das dem Imperium zu seiner Gr\u00f6\u00dfe verhalf? Die Fahrt mit zwei nachgebildeten Streitwagen soll dar\u00fcber Aufschluss geben.\u201c<\/em><br \/>\n&#8211; Um 21.05 Uhr stellen sich <a href=\"http:\/\/www.arte.tv\/guide\/de\/041817-000\/die-ratsel-der-sphinx\" target=\"_blank\">\u201eDie R\u00e4tsel der Sphinx\u201c<\/a>. <em>\u201eDie gigantische Skulptur am Eingang der Nekropole von Gizeh z\u00e4hlt zu den geheimnisvollsten Hinterlassenschaften der Alten \u00c4gypter. Auf der Grundlage neuer wissenschaftlicher Erkenntnisse l\u00fcftet die Dokumentation einige Geheimnisse um Geschichte, Konstruktion und Bedeutung der legend\u00e4ren Sphinx von Gizeh.\u201c<\/em><\/li>\n<li><em>\u201eDer Maler Gustav Klimt (1862 &#8211; 1918) wird international als Superstar der Jahrhundertwendekunst wahrgenommen, und dennoch verbirgt sich hinter dem kommerziell perfekt vermarkteten Klischee ein mehr oder wenig Unbekannter.\u201c<\/em> Das Portr\u00e4t <a href=\"http:\/\/www.3sat.de\/page\/?source=\/dokumentationen\/171678\/index.html\" target=\"_blank\">\u201eGustav Klimt &#8211; Der Geheimnisvolle\u201c<\/a> versucht, der Person Gustav Klimt auf den Grund zu gehen (<strong>3sat<\/strong>, 22.50 Uhr).<\/li>\n<li><a href=\"http:\/\/www.mdr.de\/tv\/programm\/sendung299224.html\" target=\"_blank\">\u201eBegrabt mein Herz in Dresden\u201c<\/a> war der letzte Wunsch des Sioux-Indianers Edward Two Two, der 1910 nach Europa kam, <em>\u201eum in den V\u00f6lkerschauen des Hamburger Zoos Hagenbeck und sp\u00e4ter in den Wild-West-Shows gro\u00dfer Zirkusunternehmen das Traum- und Klischeebild der Europ\u00e4er vom echten Indianer zu erf\u00fcllen.\u201c<\/em> Die Doku <em>\u201eerz\u00e4hlt von Mythos und Tragik im Leben eines Sioux-Indianers, den dramatische Umst\u00e4nde zu Beginn des 20. Jahrhunderts nach Deutschland verschlugen, wo er schlie\u00dflich 1914 starb und &#8211; auf eigenen Wunsch begraben wurde.\u201c<\/em> (<strong>MDR<\/strong>, 23.55 Uhr).<\/li>\n<\/ul>\n<h2 align=\"center\">Sonntag, 8. September<\/h2>\n<ul>\n<li>Auf <strong>ZDF_neo<\/strong> ist man (mal wieder) Unterwegs in der Weltgeschichte. Reisef\u00fchrer ist Hape Kerkeling. Um 20.15 Uhr geht es los mit der Einstiegsfolge <a href=\"http:\/\/terra-x.zdf.de\/ZDF\/zdfportal\/programdata\/893f31cb-04ff-3cec-b768-ccdc04d351b6\/20201197?doDispatch=1\" target=\"_blank\">\u201eDer gro\u00dfe Aufbruch &#8211; Vom kulturellen Urknall der Menschheit bis zum ersten Kaiser von China\u201c<\/a>.<br \/>\n&#8211; Teil 2 mit dem Titel <a href=\"http:\/\/terra-x.zdf.de\/ZDF\/zdfportal\/programdata\/893f31cb-04ff-3cec-b768-ccdc04d351b6\/20201198?doDispatch=1\" target=\"_blank\">\u201e Ewiges Rom &#8211; Vom Aufstieg zum Untergang des R\u00f6mischen Reiches\u201c<\/a> folgt um 21 Uhr.<\/li>\n<\/ul>\n<h2 align=\"center\">Montag, 9. September<\/h2>\n<ul>\n<li>Die Reihe \u201eDie deutschen Kanzler\u201c geht auf <a href=\"http:\/\/www.n-tv.de\/mediathek\/tvprogramm\/?date=2013-09-09\" target=\"_blank\"><strong>N-TV<\/strong><\/a> um 20.05 Uhr weiter mit dem Beitrag \u00fcber Helmut Kohl. Um 21.05 Uhr ist Gerhard Schr\u00f6der an der Reihe und um 22.03 Uhr schlie\u00dft die Serie mit Angela Merkel.<\/li>\n<li><strong>Phoenix<\/strong> berichtet vom \u201eKampf um Germanien. Um 20.15 Uhr steht <a href=\"http:\/\/www.phoenix.de\/content\/phoenix\/die_sendungen\/kampf_um_germanien_%281_2%29\/242328?datum=2013-09-09\" target=\"_blank\">\u201eDer Verrat des Arminius\u201c<\/a> im Mittelpunkt, um 21 Uht kommt es zur <a href=\"http:\/\/www.phoenix.de\/content\/phoenix\/diesendungen\/kampfumgermanien%282_2%29\/242334?datum=2013-09-09\" target=\"_blank\">\u201eSchlacht im Teutoburger Wald\u201c<\/a>.<\/li>\n<\/ul>\n<p align=\"center\"><strong>Fortsetzung folgt!<\/strong><\/p>\n","protected":false},"excerpt":{"rendered":"<p>Auch diese Woche erscheint der Vorausblick auf die Geschichtssendungen im deutschen Fernsehen in zwei Teilen. Die Fortsetzung folgt dann am Dienstag.<\/p>\n","protected":false},"author":10,"featured_media":0,"comment_status":"open","ping_status":"open","sticky":false,"template":"","format":"standard","meta":{"footnotes":""},"categories":[4,8],"tags":[],"class_list":["post-2919","post","type-post","status-publish","format-standard","hentry","category-geschichte-im-fernsehen","category-history-tv"],"aioseo_notices":[],"_links":{"self":[{"href":"http:\/\/historikerkraus.de\/blog\/wp-json\/wp\/v2\/posts\/2919","targetHints":{"allow":["GET"]}}],"collection":[{"href":"http:\/\/historikerkraus.de\/blog\/wp-json\/wp\/v2\/posts"}],"about":[{"href":"http:\/\/historikerkraus.de\/blog\/wp-json\/wp\/v2\/types\/post"}],"author":[{"embeddable":true,"href":"http:\/\/historikerkraus.de\/blog\/wp-json\/wp\/v2\/users\/10"}],"replies":[{"embeddable":true,"href":"http:\/\/historikerkraus.de\/blog\/wp-json\/wp\/v2\/comments?post=2919"}],"version-history":[{"count":4,"href":"http:\/\/historikerkraus.de\/blog\/wp-json\/wp\/v2\/posts\/2919\/revisions"}],"predecessor-version":[{"id":2923,"href":"http:\/\/historikerkraus.de\/blog\/wp-json\/wp\/v2\/posts\/2919\/revisions\/2923"}],"wp:attachment":[{"href":"http:\/\/historikerkraus.de\/blog\/wp-json\/wp\/v2\/media?parent=2919"}],"wp:term":[{"taxonomy":"category","embeddable":true,"href":"http:\/\/historikerkraus.de\/blog\/wp-json\/wp\/v2\/categories?post=2919"},{"taxonomy":"post_tag","embeddable":true,"href":"http:\/\/historikerkraus.de\/blog\/wp-json\/wp\/v2\/tags?post=2919"}],"curies":[{"name":"wp","href":"https:\/\/api.w.org\/{rel}","templated":true}]}}