{"id":2903,"date":"2013-09-03T12:05:05","date_gmt":"2013-09-03T10:05:05","guid":{"rendered":"http:\/\/historikerkraus.de\/blog\/?p=2903"},"modified":"2013-09-03T12:06:46","modified_gmt":"2013-09-03T10:06:46","slug":"tv-vorschau-31-august-6-september-2013-teil-2","status":"publish","type":"post","link":"http:\/\/historikerkraus.de\/blog\/2013\/09\/03\/tv-vorschau-31-august-6-september-2013-teil-2\/","title":{"rendered":"TV-Vorschau 31. August \u2013 6. September 2013 (Teil 2)"},"content":{"rendered":"<p>Und nun der zweite Teil der Wochenvorschau auf die Geschichtssendungen im deutschen Fernsehen:<!--more--><\/p>\n<h2 align=\"center\">Dienstag, 3. September<\/h2>\n<ul>\n<li><strong>RBB<\/strong> startet den TV-Abend mit zwei Folgen der Doku-Reihe \u201eGeheimnisvolle Orte\u201c. Um 20.15 Uhr erfahren wir mehr \u00fcber <a href=\"http:\/\/www.rbb-online.de\/geheimnisvolle_orte\/archiv\/Humboldt-Universitaet.html\" target=\"_blank\">\u201eDie Humboldt Universit\u00e4t\u201c<\/a>, und um 21 Uhr ist es <a href=\"http:\/\/www.rbb-online.de\/fernsehen\/programm\/03_09_2013\/10563203097.html\" target=\"_blank\">\u201eDer Reichstag\u201c<\/a>, der dem Zuschauer pr\u00e4sentiert wird.<br \/>\n&#8211; Um 22.45 Uhr gibt es noch einen Beitrag \u00fcber das Verh\u00e4ltnis von <a href=\"http:\/\/www.rbb-online.de\/fernsehen\/programm\/03_09_2013\/10563203195.html\" target=\"_blank\">\u201eHitler &amp; Mussolini &#8211; Eine brutale Freundschaf\u201c<\/a>.<\/li>\n<li>Um 22.45 Uhr geht es auf <strong>BR-alpha<\/strong> wieder um \u201eMythen &#8211; Michael K\u00f6hlmeier erz\u00e4hlt Sagen des klassischen Altertums\u201c, diesmal steht <a href=\"http:\/\/www.br.de\/fernsehen\/br-alpha\/programmkalender\/sendung635356.html\" target=\"_blank\">\u00d6dipus<\/a> im Mittelpunkt.<\/li>\n<li>Der <strong>HR<\/strong> ist um 21 Uhr \u201eUnterwegs zwischen Diemel und Werra\u201c und stellt dabei <a href=\"http:\/\/www.hr-online.de\/website\/fernsehen\/sendungen\/programm_popup.jsp?key=hr-fernsehen_2013-09-03&amp;row=37\" target=\"_blank\">\u201eHessische Herrenh\u00e4user\u201c<\/a> vor.<br \/>\n&#8211; Die Geschichte Darmstadts begegnet uns in der Doku <a href=\"http:\/\/www.hr-online.de\/website\/fernsehen\/sendungen\/programm_popup.jsp?key=hr-fernsehen_2013-09-03&amp;row=40\" target=\"_blank\">\u201eSo war das alte Hessen &#8211; Darmstadt\u201c<\/a> um 22.45 Uhr.<\/li>\n<li>Die <a href=\"http:\/\/www.mdr.de\/tv\/programm\/sendung298006.html\" target=\"_blank\">\u201eGeschichte Mitteldeutschlands &#8211; Das Magazin\u201c<\/a> l\u00e4uft wieder um 21.15 Uhr im <strong>MDR<\/strong>.<\/li>\n<\/ul>\n<h2 align=\"center\">Mittwoch, 4. September<\/h2>\n<ul>\n<li>Der bayerische Wahlkampf n\u00e4hert sich seinem Ende und der <strong>BR<\/strong> portr\u00e4tiert einen der ber\u00fchmtesten Freistaat-Potentaten: <a href=\"http:\/\/www.br.de\/fernsehen\/bayerisches-fernsehen\/programmkalender\/sendung634302.html\" target=\"_blank\">\u201eLiebe an der Macht: Marianne und Franz Josef Strau\u00df\u201c<\/a>. <em>\u201eStrau\u00df lie\u00df mit seinen rhetorischen K\u00fcnsten und Kraftmeiereien, mit seiner gekonnten Selbstdarstellung, mit seinen lebenslangen Aff\u00e4ren niemanden gleichg\u00fcltig.\u201c<\/em><\/li>\n<\/ul>\n<h2 align=\"center\">Donnerstag, 5. September<\/h2>\n<ul>\n<li>In der Doku <a href=\"http:\/\/www.phoenix.de\/content\/phoenix\/die_sendungen\/wie_der_himmel_ueber_der_ruhr_wieder_blau_wurde\/356400?datum=2013-09-05\" target=\"_blank\">\u201eWie der Himmel \u00fcber der Ruhr wieder blau wurde\u201c<\/a> besch\u00e4ftigt sich <strong>Phoenix<\/strong> mit der Geschichte der Umweltschutzpolitik in Deutschland, speziell im Ruhrgebiet (20.15 Uhr).<br \/>\n&#8211; Im Anschluss gibt es noch eine kleine Kulturgeschichte des deutschen Waldes: <a href=\"http:\/\/www.phoenix.de\/content\/phoenix\/die_sendungen\/und_ewig_locken_die_waelder\/511633?datum=2013-09-05\" target=\"_blank\">\u201eUnd ewig locken die W\u00e4lder. Heimat, Holz und harte Kerle\u201c<\/a>. *\u201eKeine andere Nation hat zum Wald ein so besonderes Verh\u00e4ltnis wie die Deutschen. Wir betrachten den Wald als Ursprung und Heimat der Germanen, wir haben die Verkl\u00e4rung der Romantik erlebt, die Angst vor dem Waldsterben, wir kennen aber auch den bedrohlichen Wald aus Grimms M\u00e4rchen. Das Reich der Tannen, Pilze und Hirsche ist Deutschlands geheimnisvollstes St\u00fcck Natur &#8211; und bei weitem nicht so menschenleer, wie viele vermuten.\u201c<\/li>\n<\/ul>\n<h2 align=\"center\">Freitag, 6. September<\/h2>\n<ul>\n<li>\u201eDie Geschichte der Nordsee\u201c wird in drei Folgen auf <strong>Phoenix<\/strong> vorgestellt. Um 20.15 Uhr geht es los mit einem Beitrag \u00fcber <a href=\"http:\/\/www.phoenix.de\/content\/phoenix\/die_sendungen\/die_geschichte_der_nordsee_%281_3%29\/249067?datum=2013-09-06\" target=\"_blank\">\u201eErste K\u00fcstenbewohner\u201c<\/a>, die seit der Eiszeit bis ins Mittelalter hinein die K\u00fcste besiedelten. Ab 21 Uhr erfolgt dann der <a href=\"http:\/\/www.phoenix.de\/content\/phoenix\/die_sendungen\/die_geschichte_der_nordsee_%282_3%29\/249081?datum=2013-09-06\" target=\"_blank\">\u201eKampf um die K\u00fcste\u201c<\/a>, der in der fr\u00fchen Neuzeit bis zum Ersten Weltkrieg erstreckte. Abschlie\u00dfend folgt um 21.45 Uhr der dritte Teil mit dem Titel <a href=\"http:\/\/www.phoenix.de\/content\/phoenix\/die_sendungen\/die_geschichte_der_nordsee_%283_3%29\/249096?datum=2013-09-06\" target=\"_blank\">\u201eK\u00fcste zwischen Krieg und Frieden\u201c<\/a> und wendet sich der Geschichte des 20. Jahrhunderts zu.<\/li>\n<li>Wer am Montag in der ARD <a href=\"http:\/\/programm.tagesschau24.de\/tv\/Die-Jagd-nach-dem-Zarengold\/2013-09-06\/eid_2872110542179636\" target=\"_blank\">\u201eDie Jagd nach dem Zarengold\u201c<\/a> nicht gesehen hat, kann dies um 21.02 Uhr auf <strong>tagesschau 24<\/strong> nachholen.<\/li>\n<\/ul>\n","protected":false},"excerpt":{"rendered":"<p>Und nun der zweite Teil der Wochenvorschau auf die Geschichtssendungen im deutschen Fernsehen:<\/p>\n","protected":false},"author":10,"featured_media":0,"comment_status":"open","ping_status":"open","sticky":false,"template":"","format":"standard","meta":{"footnotes":""},"categories":[4,8],"tags":[],"class_list":["post-2903","post","type-post","status-publish","format-standard","hentry","category-geschichte-im-fernsehen","category-history-tv"],"aioseo_notices":[],"_links":{"self":[{"href":"http:\/\/historikerkraus.de\/blog\/wp-json\/wp\/v2\/posts\/2903","targetHints":{"allow":["GET"]}}],"collection":[{"href":"http:\/\/historikerkraus.de\/blog\/wp-json\/wp\/v2\/posts"}],"about":[{"href":"http:\/\/historikerkraus.de\/blog\/wp-json\/wp\/v2\/types\/post"}],"author":[{"embeddable":true,"href":"http:\/\/historikerkraus.de\/blog\/wp-json\/wp\/v2\/users\/10"}],"replies":[{"embeddable":true,"href":"http:\/\/historikerkraus.de\/blog\/wp-json\/wp\/v2\/comments?post=2903"}],"version-history":[{"count":2,"href":"http:\/\/historikerkraus.de\/blog\/wp-json\/wp\/v2\/posts\/2903\/revisions"}],"predecessor-version":[{"id":2905,"href":"http:\/\/historikerkraus.de\/blog\/wp-json\/wp\/v2\/posts\/2903\/revisions\/2905"}],"wp:attachment":[{"href":"http:\/\/historikerkraus.de\/blog\/wp-json\/wp\/v2\/media?parent=2903"}],"wp:term":[{"taxonomy":"category","embeddable":true,"href":"http:\/\/historikerkraus.de\/blog\/wp-json\/wp\/v2\/categories?post=2903"},{"taxonomy":"post_tag","embeddable":true,"href":"http:\/\/historikerkraus.de\/blog\/wp-json\/wp\/v2\/tags?post=2903"}],"curies":[{"name":"wp","href":"https:\/\/api.w.org\/{rel}","templated":true}]}}