{"id":2886,"date":"2013-08-17T15:21:59","date_gmt":"2013-08-17T13:21:59","guid":{"rendered":"http:\/\/historikerkraus.de\/blog\/?p=2886"},"modified":"2013-08-17T15:27:54","modified_gmt":"2013-08-17T13:27:54","slug":"tv-vorschau-17-23-august-2013","status":"publish","type":"post","link":"http:\/\/historikerkraus.de\/blog\/2013\/08\/17\/tv-vorschau-17-23-august-2013\/","title":{"rendered":"TV-Vorschau 17. \u2013 23. August 2013"},"content":{"rendered":"<p>Die Vorschau auf die Geschichtssendungen im deutschen Fernsehen der kommenden Woche erfolgt diesmal in zwei Teilen. Heute der erste Teil bis einschlie\u00dflich Dienstag.<!--more--><\/p>\n<h2 align=\"center\">Samstag, 17. August<\/h2>\n<ul>\n<li>Die Teile 3 und 4 der Reihe \u201eAlltag unterm Hakenkreuz\u201c gibt es ab 20.05 Uhr auf <a href=\"http:\/\/www.n-tv.de\/mediathek\/tvprogramm\/?date=2013-08-17\" target=\"_blank\"><strong>N-TV<\/strong><\/a>. &#8211; Um 22.05 Uhr folgt aus der Serie \u201e Die Nazi-J\u00e4ger\u201c ein Beitrag \u00fcber Klaus Barbie. <em>\u201eKlaus Barbie, der \u2018Schl\u00e4chter von Lyon\u2019, hat als ehemaliger Gestapo-Chef in der besetzten franz\u00f6sischen Stadt das Blut von \u00fcber 10.000 Juden an seinen H\u00e4nden. Er folterte und mordete zum Vergn\u00fcgen &#8211; und wurde unglaublicherweise nach Ende des Krieges von den Amerikanern als Spion und K\u00e4mpfer gegen den Kommunismus angeheuert. Die USA erm\u00f6glichen auch seine Flucht nach Lateinamerika. Bis schlie\u00dflich eine deutsche Journalistin 1970 auf den Fall Barbie st\u00f6\u00dft. Beate Klarsfeld und ihr Ehemann Serge, ein franz\u00f6sischer Jude, sind als \u2018Nazi-J\u00e4ger\u2019 bekannt. Sie nehmen die schwierige Verfolgung Barbies auf.\u201c<\/em><\/li>\n<li>Wladimir Iljitsch Uljanow, genannt Lenin, war eine Ikone des \u201ereal existierenden Sozialismus\u201c. Sein Name wurde mit Karl Marx und Friedrich Engels in einem Atemzug genannt. Die Doku <a href=\"http:\/\/www.phoenix.de\/content\/phoenix\/die_sendungen\/lenin_drama_eines_diktators\/725948?datum=2013-08-17\" target=\"_blank\">\u201eLenin &#8211; Drama eines Diktators\u201c<\/a> geht dem Leben dieses Mannes nach, dessen einbalsamierter Leichnam noch immer auf dem Roten Platz aufgebahrt ist (<strong>Phoenix<\/strong>, 20.15 Uhr).<\/li>\n<\/ul>\n<h2 align=\"center\">Sonntag, 18.August<\/h2>\n<ul>\n<li>Ein St\u00fcck deutsche Nachkriegsgeschichte stellt das Schicksal von Hans Deutsch dar, das in der der Doku <a href=\"http:\/\/www.br.de\/fernsehen\/br-alpha\/programmkalender\/sendung-303024.html\" target=\"_blank\">\u201eDeutschland gegen Deutsch\u201c<\/a> auf <strong>BR-alpha<\/strong> um 22.15 Uhr vorgestellt wird. Der j\u00fcdische Anwalt <em>\u201eHans Deutsch k\u00e4mpfte f\u00fcr die R\u00fcckgabe von Nazi-Beutekunst. 1964 wurde er der F\u00e4lschung von Beweismaterial bezichtigt. Zeugen der Anklage: ehemalige NSDAP- und SS-Mitglieder. Das Verfahren endete nach neun Jahren mit Freispruch, aber um seine vollst\u00e4ndige Rehabilitation k\u00e4mpfte Deutsch vergeblich.\u201c<\/em> (TV-Spielfilm) Die Doku <em>\u201ef\u00fcr den Trend, da\u00df sich Filmemacher dem Thema &#8222;Drittes Reich&#8220; nicht mehr unvermittelt n\u00e4hern, sondern subtiler, indem sie &#8222;Wiedergutmachung&#8220; und &#8222;Vergangenheitsbew\u00e4ltigung&#8220; beleuchten, die erzwungenen Selbstreinigungsprozesse der Nachkriegszeit.\u201c<\/em> (<a href=\"http:\/\/www.welt.de\/print-welt\/article683784\/Deutschland-gegen-Deutsch-ein-alter-Prozess.html\" target=\"_blank\">Alan Posner, Die Welt<\/a>).<\/li>\n<li><em>\u201eSein Name war l\u00e4ngst vergessen, sein Lebenswerk im Zweiten Weltkrieg untergegangen: <strong>Max von Oppenheim<\/strong>, Entdeckungsreisender, Arch\u00e4ologe, Diplomat. Da tauchte nach der deutschen Wiedervereinigung sein Schatz wieder auf, zertr\u00fcmmert und geborsten in \u00fcber 25.000 Einzelteile, von der Welt vergessen in den Kellern des Pergamonmuseums in Ostberlin.\u201c<\/em> Seine Lebensgeschichte ist Thema einer zweiteiligen Doku auf <strong>Phoenix<\/strong>. <a href=\"http:\/\/www.phoenix.de\/content\/phoenix\/die_sendungen\/max_von_oppenheim_%281_2%29\/328667?datum=2013-08-18\" target=\"_blank\">\u201eDer Diplomat des Kaisers\u201c<\/a> um 20.15 Uhr und <a href=\"http:\/\/www.phoenix.de\/content\/phoenix\/die_sendungen\/max_von_oppenheim_%282_2%29\/328671?datum=2013-08-18\" target=\"_blank\">\u201eDer Schatz von Tell Halaf\u201c<\/a> um 21 Uhr.<\/li>\n<li><a href=\"http:\/\/terra-x.zdf.de\/ZDF\/zdfportal\/programdata\/893f31cb-04ff-3cec-b768-ccdc04d351b6\/20194079?doDispatch=1\" target=\"_blank\">\u201e Stahlkrieg an der Ruhr &#8211; Die Rivalen Alfred Krupp und Jacob Mayer revolutionieren die Stahlverarbeitung\u201c<\/a> um 20.15 Uhr auf <strong>ZDF_neo<\/strong>.<\/li>\n<li>Im <strong>MDR<\/strong> gibt es um 20.15 Uhr aus der Reihe \u201eGeschichte Mitteldeutschlands\u201c einen Beitrag \u00fcber <a href=\"http:\/\/www.mdr.de\/tv\/programm\/sendung293810.html\" target=\"_blank\">\u201eMathilde von Quedlinburg &#8211; Vom M\u00e4dchen zur Machtfrau\u201c<\/a>. <em>\u201eIm Alter von gerade mal elf Jahren tr\u00e4gt Mathilde, die erste \u00c4btissin von Quedlinburg, die Verantwortung f\u00fcr eine der wichtigsten St\u00e4dte des Reiches. Sie \u00fcbernimmt die F\u00fchrung des Stifts und tr\u00e4gt im Laufe der Jahre ma\u00dfgeblich zur gro\u00dfen Bedeutung Quedlinburgs bei. Sie selbst wird zur m\u00e4chtigsten Frau des Reiches, trotz gewaltiger Widerst\u00e4nde.\u201c<\/em> &#8211; Und um 22.20 Uhr gibt es aus derselben Reihe noch einen Beitrag \u00fcber <a href=\"http:\/\/www.mdr.de\/tv\/programm\/sendung293818.html\" target=\"_blank\">\u201ePrag 68\u201c<\/a>. <em>\u201eIn einer multimedialen Themenwoche zum 45. Jahrestag der Niederschlagung des Prager Fr\u00fchlings begibt sich der Mitteldeutsche Rundfunk auf eine Geschichtsreise ins Jahr 1968. In verschiedenen Fernseh-Dokumentationen und Beitr\u00e4gen im Magazin Geschichte Mitteldeutschlands, im H\u00f6rfunk und Internet wird der Prager Fr\u00fchling und dessen Auswirkungen auch auf die benachbarte DDR erkundet und der Niederschlagung gedacht.\u201c<\/em><\/li>\n<li>Um 23.35 Uhr l\u00fcftet das <strong>ZDF<\/strong> <a href=\"http:\/\/history.zdf.de\/ZDF\/zdfportal\/programdata\/c5479add-a5dd-35ff-99cf-ca2843da6ec4\/20195003?doDispatch=1\" target=\"_blank\">\u201eDas Geheimnis von Pompeji\u201c<\/a>. <em>\u201eEs war die gr\u00f6\u00dfte Naturkatastrophe der Antike. Vor rund 2000 Jahren begrub der Vulkan Vesuv die r\u00f6mische Stadt Pompeji unter meterdicker Asche. Rund 16 000 Menschen starben. Die Leichname wurden in der Asche konserviert &#8211; in lebendigen Posen, ganz so, als w\u00e4ren sie pl\u00f6tzlich erstarrt. Die \u2018toten Statuen\u2019 von Pompeji sind einmalig in der Welt und geben seit ihrer Entdeckung R\u00e4tsel auf. Erst jetzt konnte ihr Geheimnis mit Hilfe moderner Technik gel\u00fcftet werden.\u201c<\/em><\/li>\n<\/ul>\n<h2 align=\"center\">Montag, 19. August<\/h2>\n<ul>\n<li>Die Doku <a href=\"http:\/\/www.phoenix.de\/content\/phoenix\/die_sendungen\/als_das_taxi_noch_als_kaefer_kam\/726197?datum=2013-08-19\" target=\"_blank\">\u201eAls das Taxi noch als K\u00e4fer kam\u201c<\/a> beleuchtet die Geschichte des Taxigewerbes in der Bundesrepublik (auf <strong>Phoenix<\/strong> um 20.15 Uhr). &#8211; Um 21 Uhr folgt der Beitrag <a href=\"http:\/\/www.phoenix.de\/content\/phoenix\/die_sendungen\/hitlers_rennschlachten\/265709?datum=2013-08-19\" target=\"_blank\">\u201eHitlers Rennschlachten &#8211; Wie die Silberpfeile siegen lernten\u201c<\/a>.<\/li>\n<li>\u201eGeschichte im Ersten\u201c besch\u00e4ftigt sich um 23.40 Uhr mit <a href=\"http:\/\/programm.daserste.de\/pages\/programm\/detail.aspx?id=6F882EB208BBBB2AF0D4ED1296C7B597\" target=\"_blank\">\u201eHitlers Menschenh\u00e4ndler\u201c<\/a>. <em>\u201eDer Handel mit Menschenleben ist ein weitgehend unbekanntes Kapitel aus der Schreckensgeschichte des Holocaust. W\u00e4hrend die Nazis im Zweiten Weltkrieg sechs Millionen Juden in die Gaskammern schickten, gab es tausende Menschen, die diesem Schicksal entgingen, weil die SS sie als wertvolle Handelsware betrachtete. Diese Menschen waren \u2018Austauschjuden\u2019, so der offizielle Begriff aus der B\u00fcrokratensprache des Unmenschen: lebende Ware, die dem Kriegsgegner zum Kauf angeboten wurde. [\u2026] Die Dokumentation von Stefan Aust, Thomas Ammann und Caroline Schmidt erz\u00e4hlt die Geschichte jener Menschen, die nur deshalb \u00fcberlebten, weil sie f\u00fcr die Nazis lebendig n\u00fctzlicher waren als tot. Sie alle waren in das Konzentrationslager Bergen-Belsen in der L\u00fcneburger Heide verschleppt worden, das im m\u00f6rderischen KZ-System der Nazis eine besondere Funktion hatte. Es diente als Auffanglager f\u00fcr die Austauschkandidaten.\u201c<\/em><\/li>\n<\/ul>\n<h2 align=\"center\">Dienstag, 20. August<\/h2>\n<ul>\n<li>Die Doku <a href=\"http:\/\/www.arte.tv\/guide\/de\/042997-000\/churchills-groesstes-spiel\" target=\"_blank\">\u201eChurchills gr\u00f6\u00dftes Spiel\u201c<\/a> hat den politischen Kampf Britanniens gegen die Nazis zum Gegenstand. <em>\u201eWinston Churchill gilt als Galionsfigur Gro\u00dfbritanniens. Er ist bekannt als der Mann, der seine Nation durch den Zweiten Weltkrieg gef\u00fchrt hat, und als ein Held, der f\u00fcr die Befreiung Europas steht. Doch war Churchill wirklich dieser strahlende Retter? Der britische Premierminister hat hoch gepokert und dabei das Versprechen gebrochen, f\u00fcr das sein Land in den Krieg gezogen ist: die Rettung Polens.\u201c<\/em> (<strong>Arte<\/strong>, 20.15 Uhr).<\/li>\n<li>Auf <strong>BR-alpha<\/strong> gibt es um 22.45 uhr eine neue Folge der Reihe \u201eMythen &#8211; Michael K\u00f6hlmeier erz\u00e4hlt Sagen des klassischen Altertums\u201c. Diesmal geht es um <a href=\"http:\/\/www.br.de\/fernsehen\/br-alpha\/programmkalender\/sendung-303214.html\" target=\"_blank\">\u201eApoll\u201c<\/a>.<\/li>\n<li>Auf <strong>Phoenix<\/strong> dreht sich der Abend um Kolumbus und die Entdeckung Amerikas. <a href=\"http:\/\/www.phoenix.de\/content\/phoenix\/die_sendungen\/der_kolumbus_effekt!\/726206?datum=2013-08-20\" target=\"_blank\">\u201eDer Kolumbus-Effekt!\u201c<\/a> um 20.15 Uhr behandelt die Wechselwirkungen zwischen Amerika und Europa, die mit dem Kontakt beider Kontinente eintraten, z. B. in der Pflanzenwelt. &#8211; Guido Knopp fragt dann um 21.45 Uhr <a href=\"http:\/\/www.phoenix.de\/content\/phoenix\/die_sendungen\/zdf_history:_warum_kolumbus_zu_spaet_kam_\/428621?datum=2013-08-20\" target=\"_blank\">\u201eWarum Kolumbus zu sp\u00e4t kam\u201c<\/a> und berichtet von der wahren Entdeckung Amerikas.<\/li>\n<li>Einen Einblick in die Geschichte der Piraterie gibt der Beitrag <a href=\"http:\/\/www.zdf.de\/ZDF\/zdfportal\/programdata\/cd946bca-3138-33a7-9ff7-c183e90cd233\/20194339?doDispatch=1\" target=\"_blank\">\u201eDas Gold der Piraten\u201c<\/a> um 20.15 Uhr auf <strong>ZDF_kultur<\/strong>.<\/li>\n<li>21.15 Uhr, <strong>MDR<\/strong>, <a href=\"http:\/\/www.mdr.de\/tv\/programm\/sendung294174.html\" target=\"_blank\">\u201eGeschichte Mitteldeutschlands &#8211; Das Magazin\u201c<\/a> (alle Beitr\u00e4ge zum Thema \u201ePrager Fr\u00fchling\u201c).<\/li>\n<\/ul>\n<p align=\"center\"><strong>FORTSETZUNG FOLGT<\/strong><\/p>\n","protected":false},"excerpt":{"rendered":"<p>Die Vorschau auf die Geschichtssendungen im deutschen Fernsehen der kommenden Woche erfolgt diesmal in zwei Teilen. Heute der erste Teil bis einschlie\u00dflich Dienstag.<\/p>\n","protected":false},"author":10,"featured_media":0,"comment_status":"open","ping_status":"open","sticky":false,"template":"","format":"standard","meta":{"footnotes":""},"categories":[4,8],"tags":[],"class_list":["post-2886","post","type-post","status-publish","format-standard","hentry","category-geschichte-im-fernsehen","category-history-tv"],"aioseo_notices":[],"_links":{"self":[{"href":"http:\/\/historikerkraus.de\/blog\/wp-json\/wp\/v2\/posts\/2886","targetHints":{"allow":["GET"]}}],"collection":[{"href":"http:\/\/historikerkraus.de\/blog\/wp-json\/wp\/v2\/posts"}],"about":[{"href":"http:\/\/historikerkraus.de\/blog\/wp-json\/wp\/v2\/types\/post"}],"author":[{"embeddable":true,"href":"http:\/\/historikerkraus.de\/blog\/wp-json\/wp\/v2\/users\/10"}],"replies":[{"embeddable":true,"href":"http:\/\/historikerkraus.de\/blog\/wp-json\/wp\/v2\/comments?post=2886"}],"version-history":[{"count":2,"href":"http:\/\/historikerkraus.de\/blog\/wp-json\/wp\/v2\/posts\/2886\/revisions"}],"predecessor-version":[{"id":2889,"href":"http:\/\/historikerkraus.de\/blog\/wp-json\/wp\/v2\/posts\/2886\/revisions\/2889"}],"wp:attachment":[{"href":"http:\/\/historikerkraus.de\/blog\/wp-json\/wp\/v2\/media?parent=2886"}],"wp:term":[{"taxonomy":"category","embeddable":true,"href":"http:\/\/historikerkraus.de\/blog\/wp-json\/wp\/v2\/categories?post=2886"},{"taxonomy":"post_tag","embeddable":true,"href":"http:\/\/historikerkraus.de\/blog\/wp-json\/wp\/v2\/tags?post=2886"}],"curies":[{"name":"wp","href":"https:\/\/api.w.org\/{rel}","templated":true}]}}