{"id":2872,"date":"2013-07-26T16:36:39","date_gmt":"2013-07-26T14:36:39","guid":{"rendered":"http:\/\/historikerkraus.de\/blog\/?p=2872"},"modified":"2013-07-26T16:39:15","modified_gmt":"2013-07-26T14:39:15","slug":"tv-vorschau-27-juli-2-august-2013","status":"publish","type":"post","link":"http:\/\/historikerkraus.de\/blog\/2013\/07\/26\/tv-vorschau-27-juli-2-august-2013\/","title":{"rendered":"TV-Vorschau 27. Juli \u2013 2. August 2013"},"content":{"rendered":"<p>Der Juli geht zu Ende, und es gibt wieder einige Geschichtsdokus im deutschen Fernsehen, beispielsweise \u00fcber den Hamburger Feuersturm von 1943 oder \u201eDas Weltreich der Deutschen\u201c. Die Doku-Reihe \u00fcber den europ\u00e4ischen Widerstand gegen die Nazi-Herrschaft geht zu Ende. Und wer Geschichte lieber im Spielfilm-Format mag, bekommt die fr\u00fchen Regierungsjahre der britischen K\u00f6nigin Victoria geboten. Dies und mehr wie immer in meiner subjektiven Auswahl:<!--more--><\/p>\n<h2 align=\"center\">Samstag, 27. Juli<\/h2>\n<ul>\n<li><a href=\"http:\/\/www.n-tv.de\/mediathek\/tvprogramm\/?date=2013-07-27\" target=\"_blank\"><strong>N-TV<\/strong><\/a> wirft einen Blick zur\u00fcck in die Antike und beleuchtet \u201eCaligula: 1400 Tage Terrorherrschaft\u201c. <em>\u201eMan sagt Caligula nach, dass er vollkommen verr\u00fcckt war. Es gibt unz\u00e4hlige Geschichten \u00fcber seine Grausamkeit und Verdorbenheit. Er soll aus einer Laune heraus einfach get\u00f6tet haben und nur wer lebensm\u00fcde war, begab sich freiwillig in seine N\u00e4he. Allerdings stammen all diese Informationen lediglich aus zwei Quellen, deren Glaubw\u00fcrdigkeit fragw\u00fcrdig ist. Was davon stimmt also? Mit Hilfe neuester arch\u00e4ologischer Hinweise geht die Dokumentation dem Mythos \u00fcber den r\u00f6mischen Eroberer Caligula auf den Grund.\u201c<\/em> (Teil 1 um 20.05 Uhr, Teil 2 um 21.05 Uhr).<br \/>\n&#8211; Um 22.05 Uhr geht es dann um \u201eDunkle Epochen: Hexenjagd in Europa\u201c. <em>\u201eIm sp\u00e4ten 16. Jahrhundert war Europas Geschichte \u00fcberschattet von einer blutr\u00fcnstigen Hexenjagd. Tausende wurden gefoltert und auf dem Scheiterhaufen verbrannt. In Frankreich und Deutschland kamen bis zu 40.000 Unschuldige zu Tode. England und Schottland blieben von dem grassierenden Wahn nahezu unber\u00fchrt. Bis der damals schottische K\u00f6nig Jakob I 1597 ein Buch ver\u00f6ffentlichen lie\u00df, das den Hexenwahn auch hier anstachelte. Die Dokumentation zeigt, wie ein Kontinent erbarmungslos Jagd auf Unschuldige machte.\u201c<\/em><\/li>\n<li>Auf <strong>Phoenix<\/strong> geht es heute um die <a href=\"http:\/\/www.phoenix.de\/content\/phoenix\/die_sendungen\/geheimsache_mauer\/525565?datum=2013-07-27\" target=\"_blank\">\u201eGeheimsache Mauer &#8211; Die Geschichte einer deutschen Grenze\u201c<\/a>. <em>\u201eAm 13. August 2011 j\u00e4hrt sich zum 50. Mal der Tag, an dem mit der Teilung Berlins die Spaltung Deutschlands und Europas vollendet und f\u00fcr mehr als zweieinhalb Jahrzehnte zementiert wurde. Erz\u00e4hlt wird die Geschichte der Berliner Mauer und innerdeutschen Grenze aus einer neuen, ungew\u00f6hnlichen Perspektive: Aus der Sicht derer, die sie geplant, erbaut und bewacht haben.\u201c<\/em> (20.15 Uhr).<br \/>\n&#8211; Um 22.30 Uhr hei\u00dft es <a href=\"http:\/\/www.phoenix.de\/content\/phoenix\/die_sendungen\/meine_familie_die_nazis_und_ich_\/716579?datum=2013-07-27\" target=\"_blank\">\u201eMeine Familie, die Nazis und Ich\u201c<\/a>. <em>\u201eHeinrich Himmler, Hermann G\u00f6ring, Amon G\u00f6th &#8211; diese Namen erinnern ewig an die menschenverachtenden Verbrechen der Nazizeit. Eine Last, die ihre Nachfahren noch heute tragen. Wie leben die Kinder und Enkelkinder von Hitlers engsten Vertrauten heute mit ihrem Erbe? In der Dokumentation von Regisseur Chanoch Ze&#8217;evi beginnen Kinder und Enkel der NS-T\u00e4ter eine Aufarbeitung auf ganz pers\u00f6nlicher Ebene. So verschieden wie die Protagonisten des Films, so unterschiedlich sind auch die Wege, die sie gefunden haben, um mit ihrem schweren Familienerbe umzugehen.\u201c<\/em><br \/>\n&#8211; Um 23.50 Uhr gibt es dann noch eine Kurzudoku \u00fcber <a href=\"http:\/\/www.phoenix.de\/content\/phoenix\/die_sendungen\/die_bundeslade\/352184?datum=2013-07-27\" target=\"_blank\">\u201eDie Bundeslade\u201c<\/a>.<\/li>\n<li>Woher hat der \u201eSchreber-Garten\u201c seinen Namen? Nat\u00fcrlich von Moritz Schreber. Um ihn dreht sich die Doku <a href=\"http:\/\/www.br.de\/fernsehen\/br-alpha\/programmkalender\/sendung607604.html\" target=\"_blank\">\u201eMoritz Schreber &#8211; Vom Kinderschreck zum Gartenpaten\u201c<\/a> aus der Reihe \u201eGeschichte Mitteldeutschlands\u201c auf <strong>BR-alpha<\/strong> um 20.15 Uhr.<\/li>\n<li><em>\u201eIm Juli 1943 wurden von den Alliierten schwerste Luftangriffe auf Hamburg geflogen. Die sich vom 24. Juli bis zum 3. August 1943 hinziehenden Tag- und Nachtangriffe trugen den Codenamen &#8218;Operation Gomorrha&#8216;, benannt nach der biblischen Stadt Gomorrha, der Stadt der S\u00fcnder und Verbrecher, die Gott durch Feuer und Schwefel vernichtete. [\u2026] Historiker gehen von etwa 35.000 Toten aus. Heute leben nur noch wenige \u00dcberlebende des Feuersturms unter uns, die ihn bewusst erlebt und \u00fcberlebt haben.\u201c<\/em> Diese Zeitzeugen kommen auf <strong>tagesschau 24<\/strong> in der Doku \u201eDer Hamburger Feuersturm 1943\u201c zu Wort. Der erste Teil um 20.15 Uhr ist mit <a href=\"http:\/\/programm.tagesschau24.de\/tv\/Der-Hamburger-Feuersturm-1943-%281-2%29-\/2013-07-27\/eid_2872110338671376\" target=\"_blank\">\u201eBrandwunden\u201c<\/a> \u00fcberschrieben, der zweite Teil um 21.17 Uhr tr\u00e4gt den Titel <a href=\"http:\/\/programm.tagesschau24.de\/tv\/Der-Hamburger-Feuersturm-1943\/2013-07-27\/eid_2872110338671414\" target=\"_blank\">\u201eBrandnarben\u201c<\/a> und widmet sich den Kindern der \u00dcberlebenden. <em>\u201eWelche Auswirkungen hatte es auf die in den 1950er- und 1960er-Jahren Geborenen, dass ihre Eltern derart traumatische Kriegserlebnisse hatten?\u201c<\/em><\/li>\n<\/ul>\n<h2 align=\"center\">Sonntag, 28. Juli<\/h2>\n<ul>\n<li>Der <strong>SWR<\/strong> sendet zwei Folgen der Reihe \u201eDie R\u00f6mer im S\u00fcdwesten\u201c. <em>\u201eAuf ihrer Reise durch die ehemaligen germanischen Provinzen zeigt Lena Ganschow wie die R\u00f6mer in den S\u00fcdwesten kamen und wie sie Kultur und Geschichte pr\u00e4gten. Arch\u00e4ologische Experimente und aufw\u00e4ndige 3-D Rekonstruktionen lassen Kultur und Alltagsleben der R\u00f6mer wieder auferstehen.\u201c<\/em> Um 20.15 Uhr geht es los mit dem Beitrag <a href=\"http:\/\/www.swr.de\/geschichte\/die-roemer-im-suedwesten\/-\/id=100754\/sdpgid=823000\/nid=100754\/did=9139482\/f6yejj\/index.html\" target=\"_blank\">\u201eDie Eroberung Germaniens\u201c<\/a> und um 21 Uhr geht es weiter mit dem <a href=\"http:\/\/www.swr.de\/geschichte\/die-roemer-im-suedwesten\/-\/id=100754\/sdpgid=823002\/nid=100754\/did=9170982\/uze70p\/index.html\" target=\"_blank\">\u201eLeben in Germanien\u201c<\/a>.<\/li>\n<li><strong>tagesschau 24<\/strong> widmet sich heute Abend der sozialistischen Jugendkultur in der Zeit des kalten Krieges. Um 20.15 Uhr geht es unter dem Motto <a href=\"http:\/\/programm.tagesschau24.de\/tv\/Politik%2C-Propaganda-und-viel-Spass\/2013-07-28\/eid_2872110338675011\" target=\"_blank\">\u201ePolitik, Propaganda und viel Spa\u00df\u201c<\/a> um die Weltfestspiele der Jugend und Studenten. \u00dcbrigens finden auch heute noch Weltfestspiele in L\u00e4ndern wie Kuba und Algerien statt, allerdings mit erheblich geringerer Teilnehmerzahl.<br \/>\n&#8211; Um 21.12 Uhr geht es um <a href=\"http:\/\/programm.tagesschau24.de\/tv\/Freundschaft-Die-Freie-Deutsche-Jugend\/2013-07-28\/eid_2872110338675041\" target=\"_blank\">\u201eFreundschaft! Die Freie Deutsche Jugend\u201c<\/a>.<\/li>\n<li>Passend zu dem Doku-Drama auf BR-alpha (siehe unten) sendet <strong>Phoenix<\/strong> um 21 Uhr die Doku <a href=\"http:\/\/www.phoenix.de\/content\/phoenix\/die_sendungen\/elisabeth_i_die_jungfraeuliche_koenigin\/716552?datum=2013-07-28\" target=\"_blank\">\u201eElisabeth I. &#8211; Die jungfr\u00e4uliche K\u00f6nigin\u201c<\/a>.<\/li>\n<li>Letzte Woche lief um 22.15 Uhr auf <strong>BR-alpha<\/strong> der erste Teil des Doku-Dramas \u201eElizabeth I.\u201c. Heute folgt zur gleichen Zeit der <a href=\"http:\/\/www.br.de\/fernsehen\/br-alpha\/programmkalender\/sendung607698.html\" target=\"_blank\">zweite Teil<\/a>. <em>\u201eIn dieser mehrfach ausgezeichneten britischen Fernsehproduktion spielt Oscar-Preistr\u00e4gerin Helen Mirren die englische K\u00f6nigin Elizabeth I. (1533-1603), Tochter Heinrichs VII., die ihr Land mit beispiellosem Erfolg regierte: Englands Aufstieg in dieser Zeit war wesentlich ihrer Politik zu verdanken.\u201c<\/em><\/li>\n<li>Gestern besch\u00e4ftigte sich N-TV mit Caligula, heute steht er auch in der Reihe <strong>ZDF<\/strong>-History um 23.30 Uhr im Mittelpunkt, wenn es um den <a href=\"http:\/\/history.zdf.de\/ZDF\/zdfportal\/programdata\/c5479add-a5dd-35ff-99cf-ca2843da6ec4\/20185301?doDispatch=1\" target=\"_blank\">\u201eC\u00e4sarenwahn &#8211; Die Droge der Macht\u201c<\/a> geht. Der Begriff \u201eC\u00e4sarenwahn\u201c geht \u00fcbrigens zur\u00fcck auf den Friedensnobelpreistr\u00e4ger Ludwig Quidde, der ihn 1894 erstmals im Zusammenhang mit Caligula verwendete.<\/li>\n<\/ul>\n<h2 align=\"center\">Montag, 29. Juli<\/h2>\n<ul>\n<li>Gerade waren die Royals wieder in den Medien und alle Welt freute sich \u00fcber den Urenkel der Queen. Die <strong>ARD<\/strong> widmet um 20.15 Uhr der Ururgro\u00dfmutter der Queen den Spielfilm <a href=\"http:\/\/programm.daserste.de\/pages\/programm\/detail.aspx?id=DABD36A2CB67D10DDA5FE8A49E346F28\" target=\"_blank\">\u201eVictoria, die junge K\u00f6nigin\u201c<\/a> aus der Reihe \u201eSommerkino\u201c.<br \/>\n&#8211; Um 23.35 Uhr schildert der Beitrag <a href=\"http:\/\/programm.daserste.de\/pages\/programm\/detail.aspx?id=A724C7E865C8282EE4E637014F727C4A\" target=\"_blank\">\u201eDie Bayer-Story\u201c<\/a> aus der Reihe \u201eGeschichte im Ersten\u201c <em>\u201edie Erfolgsgeschichte eines deutschen Chemiegiganten und die Geschichte einer industriellen Zeitenwende &#8211; von der ber\u00fchmten \u2018Bayer-Familie\u2019 zur \u2018strategischen Holding\u2019 mit weltweitem Portfolio-Management.\u201c<\/em><\/li>\n<li><strong>Phoenix<\/strong> besch\u00e4ftigt sich um 20.15 Uhr mit dem <a href=\"http:\/\/www.phoenix.de\/content\/phoenix\/die_sendungen\/das_doppelleben_des_charles_lindbergh\/717564?datum=2013-07-29\" target=\"_blank\">\u201eDoppelleben des Charles Lindbergh\u201c<\/a> und um 21 Uhr mit der <a href=\"http:\/\/www.phoenix.de\/content\/phoenix\/die_sendungen\/die_legende_george_washington\/716885?datum=2013-07-29\" target=\"_blank\">\u201eLegende George Washington\u201c<\/a>.<\/li>\n<\/ul>\n<h2 align=\"center\">Dienstag, 30. Juli<\/h2>\n<ul>\n<li>Auf <strong>Arte<\/strong> gibt es die beiden letzten Folgen der Reihe \u201eSchattenkampf &#8211; Europas R\u00e9sistance gegen die Nazis\u201c. Um 22.05 Uhr Teil 5 mit dem Titel <a href=\"http:\/\/www.arte.tv\/guide\/de\/042001-005\/schattenkampf-europas-resistance-gegen-die-nazis-5-6\" target=\"_blank\">\u201e1943\/1944 &#8211; Der Widerstand in st\u00fcrmischen Zeiten\u201c<\/a>.<br \/>\n&#8211; Um 22.55 Uhr schlie\u00dft die Reihe mit dem Beitrag <a href=\"http:\/\/www.arte.tv\/guide\/de\/042001-006\/schattenkampf-europas-resistance-gegen-die-nazis-6-6\" target=\"_blank\">\u201e1944\/1945 &#8211; Illusion und Desillusion des Widerstands\u201c<\/a>.<\/li>\n<li>Im <strong>MDR<\/strong> gibt es \u201eGeheimnisvolle Orte\u201c zu sehen, diesmal <a href=\"http:\/\/www.mdr.de\/tv\/programm\/sendung285216.html\" target=\"_blank\">\u201eHitlers Schloss in Schlesien\u201c<\/a> (22.05 Uhr).<\/li>\n<li>Um 22.45 Uhr ist <a href=\"http:\/\/www.br.de\/fernsehen\/br-alpha\/programmkalender\/sendung607886.html\" target=\"_blank\">\u201eAgamemnon\u201c<\/a> Thema der Reihe \u201eMythen &#8211; Michael K\u00f6hlmeier erz\u00e4hlt Sagen des klassischen Altertums\u201c auf <strong>BR-alpha<\/strong>.<\/li>\n<\/ul>\n<h2 align=\"center\">Mittwoch, 31. Juli<\/h2>\n<ul>\n<li>Zu einem <a href=\"http:\/\/www.mdr.de\/tv\/programm\/sendung285296.html\" target=\"_blank\">\u201eDiebstahl vor aller Augen\u201c<\/a> f\u00fchrt die heutige Folge der \u201eSpur der Sch\u00e4tze\u201c im <strong>MDR<\/strong> um 21.15 Uhr. Es geht um den spektakul\u00e4rsten Kunstraub der DDR.<\/li>\n<\/ul>\n<h2 align=\"center\">Donnerstag, 1. August<\/h2>\n<ul>\n<li>Um 20.15 Uhr pr\u00e4sentiert <strong>BR-alpha<\/strong> <a href=\"http:\/\/www.br.de\/fernsehen\/br-alpha\/programmkalender\/sendung608080.html\" target=\"_blank\">\u201eAugust Horch &#8211; Ein Leben auf vier R\u00e4dern\u201c<\/a>. Die Doku aus der Reihe \u201eGeschichte Mitteldeutschlands\u201c erz\u00e4hlt von dem Begr\u00fcnder der Autoindustrie in Sachsen.<\/li>\n<li>Mit einem <a href=\"http:\/\/www.arte.tv\/guide\/de\/044718-000\/tauchgang-in-die-vergangenheit\" target=\"_blank\">\u201eTauchgang in die Vergangenheit &#8211; Arch\u00e4ologie in 3D\u201c<\/a> f\u00fchrt <strong>Arte<\/strong> die Zuschauer zur Stadt Pavlopetri vor der griechischen K\u00fcste. <em>\u201eDas einst in einem nat\u00fcrlichen Hafenbecken gelegene Pavlopetri gilt als eine der \u00e4ltesten im Meer versunkenen menschlichen Siedlungen. Durch die mit seiner besonderen geografischen Lage einhergehende geringe Meeresstr\u00f6mung blieben die Grundmauern Pavlopetris, seine Gr\u00e4ber und Tempelruinen erhalten, waren aber bis vor kurzem kaum erforscht.\u201c<\/em> (21.50 Uhr).<\/li>\n<li><a href=\"http:\/\/www.phoenix.de\/content\/phoenix\/die_sendungen\/das_massaker_von_no_gun_ri\/717672?datum=2013-08-01\" target=\"_blank\">\u201eDas Massaker von No Gun Ri\u201c<\/a> fand Ende Juli 1950 im Korea-Krieg statt. <em>\u201eEs war ein Massaker an unschuldigen Zivilisten. Kaltbl\u00fctig ausgef\u00fchrt von Soldaten der amerikanischen Armee, befohlen von h\u00f6chsten Gener\u00e4len.\u201c<\/em> Und es wurde \u201e\u00fcber 50 Jahre lang geheim gehalten. WDR-Autor Marc Wiese hat T\u00e4ter und Opfer aufgesucht. Distanziert und pr\u00e4zise zeichnet er ein ersch\u00fctterndes Bild des Kriegsverbrechens. Und die lange Geschichte danach: Wie Menschen auf beiden Seiten mit den Erlebnissen fertig werden mussten und wie ein halbes Jahrhundert lang die Wahrheit \u00fcber das Massaker von No Gun Ri vertuscht wurde.\u201c* (<strong>Phoenix<\/strong>, 23.55 Uhr).<\/li>\n<\/ul>\n<h2 align=\"center\">Freitag, 2. August<\/h2>\n<ul>\n<li>Wer am Montag <a href=\"http:\/\/www.einsfestival.de\/sendungen\/sendung.jsp?ID=10338929545\" target=\"_blank\">\u201eVictoria, die junge K\u00f6nigin\u201c<\/a> in der ARD verpasst hat (oder sie gerne noch einmal wiedersehen m\u00f6chte), hat um 20.15 Uhr in <strong>einsfestival<\/strong> dazu Gelegenheit.<\/li>\n<li><a href=\"http:\/\/www.br.de\/fernsehen\/br-alpha\/programmkalender\/sendung608176.html\" target=\"_blank\">\u201eDie Opel-Geschichte &#8211; Automobile f\u00fcr jedermann\u201c<\/a> kann auf <strong>BR-alpha<\/strong> um 20.15 Uhr verfolgt werden.<\/li>\n<li>\u201eDas Weltreich der Deutschen\u201c oder anders gesagt die deutschen Kolonien sind Gegenstand einer dreiteiligen Doku auf <strong>Phoenix<\/strong>. Um 20.15 Uhr geht es mit <a href=\"http:\/\/www.phoenix.de\/content\/phoenix\/die_sendungen\/dokumentationen\/das_weltreich_der_deutschen_%281_3%29\/302339?datum=2013-08-02\" target=\"_blank\">\u201eKopfjagd in Ostafrika\u201c<\/a> los, Teil 2 <a href=\"http:\/\/www.phoenix.de\/content\/phoenix\/die_sendungen\/dokumentationen\/das_weltreich_der_deutschen_%282_3%29\/302346?datum=2013-08-02\" target=\"_blank\">\u201eSturm \u00fcber S\u00fcdwest\u201c<\/a> folgt um 21 Uhr und Teil 3 <a href=\"http:\/\/www.phoenix.de\/content\/phoenix\/die_sendungen\/das_weltreich_der_deutschen_%283_3%29\/328762?datum=2013-08-02\" target=\"_blank\">\u201eAbenteuer S\u00fcdsee\u201c<\/a> schlie\u00dft um 21.45 Uhr die kleine Reihe ab.<\/li>\n<\/ul>\n","protected":false},"excerpt":{"rendered":"<p>Der Juli geht zu Ende, und es gibt wieder einige Geschichtsdokus im deutschen Fernsehen, beispielsweise \u00fcber den Hamburger Feuersturm von 1943 oder \u201eDas Weltreich der Deutschen\u201c. Die Doku-Reihe \u00fcber den europ\u00e4ischen Widerstand gegen die Nazi-Herrschaft geht zu Ende. Und wer Geschichte lieber im Spielfilm-Format mag, bekommt die fr\u00fchen Regierungsjahre der &#8230;<\/p>\n","protected":false},"author":10,"featured_media":0,"comment_status":"open","ping_status":"open","sticky":false,"template":"","format":"standard","meta":{"footnotes":""},"categories":[4,8],"tags":[],"class_list":["post-2872","post","type-post","status-publish","format-standard","hentry","category-geschichte-im-fernsehen","category-history-tv"],"aioseo_notices":[],"_links":{"self":[{"href":"http:\/\/historikerkraus.de\/blog\/wp-json\/wp\/v2\/posts\/2872","targetHints":{"allow":["GET"]}}],"collection":[{"href":"http:\/\/historikerkraus.de\/blog\/wp-json\/wp\/v2\/posts"}],"about":[{"href":"http:\/\/historikerkraus.de\/blog\/wp-json\/wp\/v2\/types\/post"}],"author":[{"embeddable":true,"href":"http:\/\/historikerkraus.de\/blog\/wp-json\/wp\/v2\/users\/10"}],"replies":[{"embeddable":true,"href":"http:\/\/historikerkraus.de\/blog\/wp-json\/wp\/v2\/comments?post=2872"}],"version-history":[{"count":4,"href":"http:\/\/historikerkraus.de\/blog\/wp-json\/wp\/v2\/posts\/2872\/revisions"}],"predecessor-version":[{"id":2877,"href":"http:\/\/historikerkraus.de\/blog\/wp-json\/wp\/v2\/posts\/2872\/revisions\/2877"}],"wp:attachment":[{"href":"http:\/\/historikerkraus.de\/blog\/wp-json\/wp\/v2\/media?parent=2872"}],"wp:term":[{"taxonomy":"category","embeddable":true,"href":"http:\/\/historikerkraus.de\/blog\/wp-json\/wp\/v2\/categories?post=2872"},{"taxonomy":"post_tag","embeddable":true,"href":"http:\/\/historikerkraus.de\/blog\/wp-json\/wp\/v2\/tags?post=2872"}],"curies":[{"name":"wp","href":"https:\/\/api.w.org\/{rel}","templated":true}]}}