{"id":2418,"date":"2012-08-02T16:51:00","date_gmt":"2012-08-02T14:51:00","guid":{"rendered":"http:\/\/historikerkraus.de\/blog\/?p=2418"},"modified":"2012-08-03T10:41:33","modified_gmt":"2012-08-03T08:41:33","slug":"faro-freunde-der-archaologie-raum-oberhausen","status":"publish","type":"post","link":"http:\/\/historikerkraus.de\/blog\/2012\/08\/02\/faro-freunde-der-archaologie-raum-oberhausen\/","title":{"rendered":"FARO \u2013  Freunde der Arch\u00e4ologie Raum Oberhausen"},"content":{"rendered":"<p>In den letzten Tagen sind die <strong>\u201cFreunde der Arch\u00e4ologie Raum Oberhausen\u201d<\/strong>, kurz <strong>Faro<\/strong>, in der WAZ bzw. NRZ recht pr\u00e4sent gewesen. Der Verein besteht seit 2010 und hat sich zur Aufgabe gemacht, <em>\u201cdie Erfassung und Erforschung der arch\u00e4ologischen Kulturlandschaft des Raumes Oberhausen ideell und materiell zu f\u00f6rdern. Neben der arch\u00e4ologischen Prospektion ist die Erfassung, Dokumentation und die wissenschaftliche Auswertung der vorhandenen materiellen Hinterlassenschaften (Funde, Befunde, Sammlungen) eine der zurzeit laufenden Projekte des Vereins.\u201d<\/em><\/p>\n<p>Wenn die Mitglieder des Vereins in der Presse gerne auch als <em>Hobbyarch\u00e4ologen<\/em> bezeichnet werden, so ist ihr Ansinnen und vor allem ihr Arbeitsansatz durchaus seri\u00f6s. Auf ihrer (inhaltlich leider sehr knappen) <a href=\"http:\/\/www.faro-ev.de\/\" target=\"_blank\">Homepage<\/a> hei\u00dft es: <em>\u201cWir arbeiten zusammen mit der Unteren Denkmalbeh\u00f6rde der Stadt Oberhausen, dem Stadtarchiv Oberhausen sowie dem Landschaftsverband Rheinland (LVR)-Amt f\u00fcr Bodendenkmalpflege.\u201d<\/em> Auch die Mitgliedschaft von Dr. Otto Dickau, dem Leiter des Oberhausener Stadtarchivs, garantiert eine wissenschaftlich saubere Arbeit.<\/p>\n<p>Ich f\u00fcge hier einfach mal ein paar Links zu Presseberichten an, die die Arbeit des Vereins zum Gegenstand haben:<\/p>\n<ul>\n<li><a href=\"http:\/\/www.derwesten.de\/nrz\/staedte\/oberhausen\/jagd-auf-die-motte-id4528171.html\" target=\"_blank\">Jagd auf die Motte<\/a> \u2013 <strong><\/strong>In Vondern ist das Jagdfieber ausgebrochen. Am Samstag sucht gleich eine ganz Schar von Personen eine Motte &#8211; und das bei grellem Tageslicht. (10.04.2011)<\/li>\n<li><a href=\"http:\/\/www.derwesten.de\/nrz\/staedte\/oberhausen\/archaeologie-verein-forscht-in-baugrube-in-oberhausen-holten-id4581663.html\" target=\"_blank\">Arch\u00e4ologie-Verein forscht in Baugrube in Oberhausen-Holten<\/a> \u2013 Bis die Baugenehmigung f\u00fcr das Gel\u00e4nde an der Krummestra\u00dfe erteilt ist, d\u00fcrfen die Vereinsmitglieder der &#8222;Freunde der Arch\u00e4ologie&#8220; dort nach der Stadtgeschichte graben. Wichtiger als wertvolle Funde ist dabei, die Vergangenheit Holtens zu begreifen. (26.04.2011)<\/li>\n<li><a href=\"http:\/\/www.derwesten.de\/nrz\/staedte\/oberhausen\/archaeologen-in-oberhausen-kaempfen-mit-geld-und-zeitproblemen-id4860299.html\" target=\"_blank\">Arch\u00e4ologen in Oberhausen k\u00e4mpfen mit Geld- und Zeitproblemen<\/a> \u2013 Altes Mauerwerk, historische Fu\u00dfbekleidung: Die &#8222;Freunde der Arch\u00e4ologie Raum Oberhausen&#8220; haben wichtige Funde bei ihren Ausgrabungen gemacht. Doch nun wird die Zeit f\u00fcr die Oberhausener Kollegen von Indiana Jones knapp &#8211; und auch am Geld mangelt es. (12.07.2011)<\/li>\n<li><a href=\"http:\/\/www.derwesten.de\/nrz\/staedte\/oberhausen\/burg-vondern-haelt-ueberraschungen-bereit-id4953954.html\" target=\"_blank\">Burg Vondern h\u00e4lt \u00dcberraschungen bereit<\/a> \u2013 Mittelalterliche Holzpf\u00e4hle und Teile der Wasserleitung im Geb\u00fcsch gefunden \u2013 zu sehen am Tag des offenen Denkmals (12.08.2011)<\/li>\n<li><a href=\"http:\/\/www.derwesten.de\/nrz\/staedte\/oberhausen\/nord\/schaetze-unter-der-spielwiese-id6572485.html\" target=\"_blank\">Sch\u00e4tze unter der Spielwiese<\/a> \u2013 \u201eFreunde der Arch\u00e4ologie\u201c vermuten, den Standort einer fr\u00e4nkischen Siedlung gefunden zu haben. Spenden der Sterkrader Ritter (20.04.2012)<\/li>\n<li><a href=\"http:\/\/www.derwesten.de\/nrz\/staedte\/oberhausen\/ein-weisser-fleck-auf-der-karte-id6937197.html\" target=\"_blank\">Ein wei\u00dfer Fleck auf der Karte<\/a> \u2013 Was die Aufarbeitung der eigenen Geschichte anbelangt, sei Oberhausen noch ein unbeschriebenes Blatt, finden die Hobbyarch\u00e4ologen von Faro (31.07.2012)<\/li>\n<li><a href=\"http:\/\/www.derwesten.de\/nrz\/staedte\/oberhausen\/archaeologischer-exkurs-zur-emscher-id6940087.html\" target=\"_blank\">Arch\u00e4ologischer Exkurs zur Emscher<\/a> \u2013 Tagung auf Burg Vondern beleuchtet Geschichte und Gegenwartet des Flusses. (02.08.2012)<\/li>\n<\/ul>\n<p>In dem Beitrag <strong>&#8222;Ein wei\u00dfer Fleck auf der Karte&#8220;<\/strong> stellen der Vorsitzende Udo Peters und der Gesch\u00e4ftsf\u00fchrer des Verein Albert Karschti sich und ihre Motivation zur Erforschung der Oberhausener Arch\u00e4ologie ein wenig vor.<\/p>\n<p>Auf die im j\u00fcngsten Artikel <strong>&#8222;Arch\u00e4ologischer Exkurs zur Emscher&#8220;<\/strong> erw\u00e4hnte Tagung werde ich in einem eigenen Beitrag n\u00e4her eingehen.<\/p>\n","protected":false},"excerpt":{"rendered":"<p>In den letzten Tagen sind die \u201cFreunde der Arch\u00e4ologie Raum Oberhausen\u201d, kurz Faro, in der WAZ bzw. NRZ recht pr\u00e4sent gewesen. Der Verein besteht seit 2010 und hat sich zur Aufgabe gemacht, \u201cdie Erfassung und Erforschung der arch\u00e4ologischen Kulturlandschaft des Raumes Oberhausen ideell und materiell zu f\u00f6rdern. Neben der arch\u00e4ologischen &#8230;<\/p>\n","protected":false},"author":10,"featured_media":0,"comment_status":"open","ping_status":"open","sticky":false,"template":"","format":"standard","meta":{"footnotes":""},"categories":[13,7],"tags":[115,70,71,24,56],"class_list":["post-2418","post","type-post","status-publish","format-standard","hentry","category-archaologie","category-veranstaltungen","tag-archaologie","tag-burg-vondern","tag-emschergenossenschaft","tag-oberhausen","tag-tagung"],"aioseo_notices":[],"_links":{"self":[{"href":"http:\/\/historikerkraus.de\/blog\/wp-json\/wp\/v2\/posts\/2418","targetHints":{"allow":["GET"]}}],"collection":[{"href":"http:\/\/historikerkraus.de\/blog\/wp-json\/wp\/v2\/posts"}],"about":[{"href":"http:\/\/historikerkraus.de\/blog\/wp-json\/wp\/v2\/types\/post"}],"author":[{"embeddable":true,"href":"http:\/\/historikerkraus.de\/blog\/wp-json\/wp\/v2\/users\/10"}],"replies":[{"embeddable":true,"href":"http:\/\/historikerkraus.de\/blog\/wp-json\/wp\/v2\/comments?post=2418"}],"version-history":[{"count":7,"href":"http:\/\/historikerkraus.de\/blog\/wp-json\/wp\/v2\/posts\/2418\/revisions"}],"predecessor-version":[{"id":2420,"href":"http:\/\/historikerkraus.de\/blog\/wp-json\/wp\/v2\/posts\/2418\/revisions\/2420"}],"wp:attachment":[{"href":"http:\/\/historikerkraus.de\/blog\/wp-json\/wp\/v2\/media?parent=2418"}],"wp:term":[{"taxonomy":"category","embeddable":true,"href":"http:\/\/historikerkraus.de\/blog\/wp-json\/wp\/v2\/categories?post=2418"},{"taxonomy":"post_tag","embeddable":true,"href":"http:\/\/historikerkraus.de\/blog\/wp-json\/wp\/v2\/tags?post=2418"}],"curies":[{"name":"wp","href":"https:\/\/api.w.org\/{rel}","templated":true}]}}