{"id":1217,"date":"2011-09-01T15:20:53","date_gmt":"2011-09-01T14:20:53","guid":{"rendered":"http:\/\/historikerkraus.de\/blog\/?p=1217"},"modified":"2011-09-01T15:24:10","modified_gmt":"2011-09-01T14:24:10","slug":"tag-des-offenen-denkmals-in-dortmund","status":"publish","type":"post","link":"http:\/\/historikerkraus.de\/blog\/2011\/09\/01\/tag-des-offenen-denkmals-in-dortmund\/","title":{"rendered":"&#8222;Tag des offenen Denkmals&#8220; in Dortmund"},"content":{"rendered":"<p><big>Die Stadt Dortmund hat eine eigene <a href=\"http:\/\/www.dortmund.de\/de\/leben_in_dortmund\/nachrichtenportal\/nachricht.jsp?nid=144324\" target=\"_blank\">Internetseite f\u00fcr den &#8222;Tag des offenen Denkmals&#8220; am 11. September<\/a> bereitgestellt. Man erh\u00e4lt einige Infos zum Tag als solchen und nat\u00fcrlich zu den Dortmunder Denkm\u00e4lern, die zu besichtigen sind.<br \/>\nEine ausf\u00fchrliche, 42seitige <a href=\"http:\/\/www.dortmund.de\/media\/downloads\/pdf\/news_pdf\/Denkmaltag_Programm2011_Web.pdf\" target=\"_blank\">Brosch\u00fcre<\/a> wird ebenso als pdf bereitgestellt wie eine knappe 2seitige <a href=\"http:\/\/www.dortmund.de\/media\/downloads\/pdf\/news_pdf\/tagdesoffenendenkmals2011_orte.pdf\" target=\"_blank\">\u00dcbersicht der Denkm\u00e4ler, Stadtteile und Siedlungen<\/a>, die an diesem Tag vorgestellt werden.<br \/>\n<\/big><\/p>\n","protected":false},"excerpt":{"rendered":"<p>Die Stadt Dortmund hat eine eigene Internetseite f\u00fcr den &#8222;Tag des offenen Denkmals&#8220; am 11. September bereitgestellt. Man erh\u00e4lt einige Infos zum Tag als solchen und nat\u00fcrlich zu den Dortmunder Denkm\u00e4lern, die zu besichtigen sind. Eine ausf\u00fchrliche, 42seitige Brosch\u00fcre wird ebenso als pdf bereitgestellt wie eine knappe 2seitige \u00dcbersicht der &#8230;<\/p>\n","protected":false},"author":10,"featured_media":0,"comment_status":"open","ping_status":"open","sticky":false,"template":"","format":"standard","meta":{"footnotes":""},"categories":[7],"tags":[26,43,18],"class_list":["post-1217","post","type-post","status-publish","format-standard","hentry","category-veranstaltungen","tag-denkmalpflege","tag-dortmund","tag-tag-des-offenen-denkmals"],"aioseo_notices":[],"_links":{"self":[{"href":"http:\/\/historikerkraus.de\/blog\/wp-json\/wp\/v2\/posts\/1217","targetHints":{"allow":["GET"]}}],"collection":[{"href":"http:\/\/historikerkraus.de\/blog\/wp-json\/wp\/v2\/posts"}],"about":[{"href":"http:\/\/historikerkraus.de\/blog\/wp-json\/wp\/v2\/types\/post"}],"author":[{"embeddable":true,"href":"http:\/\/historikerkraus.de\/blog\/wp-json\/wp\/v2\/users\/10"}],"replies":[{"embeddable":true,"href":"http:\/\/historikerkraus.de\/blog\/wp-json\/wp\/v2\/comments?post=1217"}],"version-history":[{"count":7,"href":"http:\/\/historikerkraus.de\/blog\/wp-json\/wp\/v2\/posts\/1217\/revisions"}],"predecessor-version":[{"id":1224,"href":"http:\/\/historikerkraus.de\/blog\/wp-json\/wp\/v2\/posts\/1217\/revisions\/1224"}],"wp:attachment":[{"href":"http:\/\/historikerkraus.de\/blog\/wp-json\/wp\/v2\/media?parent=1217"}],"wp:term":[{"taxonomy":"category","embeddable":true,"href":"http:\/\/historikerkraus.de\/blog\/wp-json\/wp\/v2\/categories?post=1217"},{"taxonomy":"post_tag","embeddable":true,"href":"http:\/\/historikerkraus.de\/blog\/wp-json\/wp\/v2\/tags?post=1217"}],"curies":[{"name":"wp","href":"https:\/\/api.w.org\/{rel}","templated":true}]}}